{"id":19026,"date":"2017-05-06T12:12:55","date_gmt":"2017-05-06T15:12:55","guid":{"rendered":"http:\/\/caririemacao.com\/1\/?p=19026"},"modified":"2017-05-06T15:42:02","modified_gmt":"2017-05-06T18:42:02","slug":"exclusivo-prefeitura-de-sume-divulga-programacao-do-sao-joao-da-cidade","status":"publish","type":"post","link":"https:\/\/www.caririemacao.com\/1\/2017\/05\/06\/exclusivo-prefeitura-de-sume-divulga-programacao-do-sao-joao-da-cidade\/","title":{"rendered":"EXCLUSIVO: Prefeitura de Sum\u00e9 divulga programa\u00e7\u00e3o do S\u00e3o Jo\u00e3o da cidade"},"content":{"rendered":"<p>A Prefeitura de Sum\u00e9 divulgou neste s\u00e1bado (06\/05) a programa\u00e7\u00e3o do S\u00e3o Jo\u00e3o durante o programa de r\u00e1dio da institui\u00e7\u00e3o Governando Com Voc\u00ea.<\/p>\n<p>As festas juninas come\u00e7am com a abertura do Arrai\u00e1 Z\u00e9 Marcolino no dia 16 de junho, com muito forr\u00f3 p\u00e9 de serra.<\/p>\n<p>No dia 21 de junho come\u00e7am os shows no palco principal com as maiores atra\u00e7\u00f5es. Neste dia fazem a abertura Adriano Silva, Jorge de Altinho e Walkiria Santos.<\/p>\n<p>Dia 22 cantam Dejinha de Monteiro, Vicente Nery e Delmiro Barros.<\/p>\n<p>No dia 23 \u00e9 a vez de Forr\u00f3 D2 e Forr\u00f3 Kent.<\/p>\n<p>Dia 24, encerrando os shows, as bandas Gente Boa, Cascavel e Forr\u00f3 da Gente. Nos demais dias, at\u00e9 2 de julho, as noites na pra\u00e7a Jos\u00e9 Am\u00e9rico ficar\u00e3o por conta dos trios p\u00e9 de serra.<\/p>\n<p>No dia 12 de junho tamb\u00e9m acontecer\u00e1 a tradicional festa de Santo Ant\u00f4nio no bairro \u00a0do Conjunto Habitacional, organizada por moradores com o apoio da Prefeitura Municipal.<\/p>\n<p>Este ano, a Prefeitura ir\u00e1 realizar o concurso da melhor ornamenta\u00e7\u00e3o de rua, com o tema S\u00e3o Jo\u00e3o.<\/p>\n<p>A Secretaria Municipal de Cultura ir\u00e1 lan\u00e7ar um edital definindo os crit\u00e9rios para a coloca\u00e7\u00e3o de barracas no Arraial Z\u00e9 Marcolino. A Secretaria tamb\u00e9m ir\u00e1 fazer reuni\u00f5es com os organizadores de quadrilhas juninas para definir o calend\u00e1rio de apresenta\u00e7\u00f5es.<\/p>\n<p><strong>CARIRI EM A\u00c7\u00c3O<\/strong><\/p>\n<p>Ascom<\/p>\n<p>Leia mais not\u00edcias em\u00a0<a href=\"http:\/\/www.caririemacao.com\/\">caririemacao.com<\/a>, siga nossa p\u00e1gina no<a href=\"https:\/\/www.facebook.com\/CaririEmAcao\/\">\u00a0Facebook<\/a>\u00a0e\u00a0<a href=\"https:\/\/www.instagram.com\/cariri_em_acao\/?hl=pt-br\">Instagram<\/a>\u00a0veja nossas mat\u00e9rias e fotos. Voc\u00ea tamb\u00e9m pode enviar informa\u00e7\u00f5es \u00e0 Reda\u00e7\u00e3o do Portal Cariri em A\u00e7\u00e3o pelo Whatsapp (83) 9 9634.5791, (83) 9 9601-1162.<\/p>\n","protected":false},"excerpt":{"rendered":"<p>A Prefeitura de Sum\u00e9 divulgou neste s\u00e1bado (06\/05) a programa\u00e7\u00e3o do S\u00e3o Jo\u00e3o durante o programa de r\u00e1dio da institui\u00e7\u00e3o Governando Com Voc\u00ea. As festas&hellip; <\/p>\n","protected":false},"author":2,"featured_media":19027,"comment_status":"closed","ping_status":"closed","sticky":false,"template":"","format":"standard","meta":{"sfsi_plus_gutenberg_text_before_share":"","sfsi_plus_gutenberg_show_text_before_share":"","sfsi_plus_gutenberg_icon_type":"","sfsi_plus_gutenberg_icon_alignemt":"","sfsi_plus_gutenburg_max_per_row":"","footnotes":""},"categories":[2],"tags":[],"class_list":["post-19026","post","type-post","status-publish","format-standard","has-post-thumbnail","hentry","category-geral"],"_links":{"self":[{"href":"https:\/\/www.caririemacao.com\/1\/wp-json\/wp\/v2\/posts\/19026","targetHints":{"allow":["GET"]}}],"collection":[{"href":"https:\/\/www.caririemacao.com\/1\/wp-json\/wp\/v2\/posts"}],"about":[{"href":"https:\/\/www.caririemacao.com\/1\/wp-json\/wp\/v2\/types\/post"}],"author":[{"embeddable":true,"href":"https:\/\/www.caririemacao.com\/1\/wp-json\/wp\/v2\/users\/2"}],"replies":[{"embeddable":true,"href":"https:\/\/www.caririemacao.com\/1\/wp-json\/wp\/v2\/comments?post=19026"}],"version-history":[{"count":0,"href":"https:\/\/www.caririemacao.com\/1\/wp-json\/wp\/v2\/posts\/19026\/revisions"}],"wp:featuredmedia":[{"embeddable":true,"href":"https:\/\/www.caririemacao.com\/1\/wp-json\/wp\/v2\/media\/19027"}],"wp:attachment":[{"href":"https:\/\/www.caririemacao.com\/1\/wp-json\/wp\/v2\/media?parent=19026"}],"wp:term":[{"taxonomy":"category","embeddable":true,"href":"https:\/\/www.caririemacao.com\/1\/wp-json\/wp\/v2\/categories?post=19026"},{"taxonomy":"post_tag","embeddable":true,"href":"https:\/\/www.caririemacao.com\/1\/wp-json\/wp\/v2\/tags?post=19026"}],"curies":[{"name":"wp","href":"https:\/\/api.w.org\/{rel}","templated":true}]}}