{"id":19030,"date":"2017-05-06T15:12:04","date_gmt":"2017-05-06T18:12:04","guid":{"rendered":"http:\/\/caririemacao.com\/1\/?p=19030"},"modified":"2017-05-06T15:12:04","modified_gmt":"2017-05-06T18:12:04","slug":"policia-militar-deflagra-operacao-impacto-nas-cidades-de-monteiro-e-sume","status":"publish","type":"post","link":"https:\/\/www.caririemacao.com\/1\/2017\/05\/06\/policia-militar-deflagra-operacao-impacto-nas-cidades-de-monteiro-e-sume\/","title":{"rendered":"Pol\u00edcia Militar deflagra opera\u00e7\u00e3o &#8220;Impacto&#8221; nas cidades de Monteiro e Sum\u00e9"},"content":{"rendered":"<p>A Pol\u00edcia Militar, atrav\u00e9s do 11\u00b0 Batalh\u00e3o de Pol\u00edcia Militar, deflagrou nesta sexta-feira (5), a opera\u00e7\u00e3o \u201cImpacto\u201d, com o objetivo de garantir a seguran\u00e7a p\u00fablica de forma mais presente. A opera\u00e7\u00e3o aconteceu nas cidade de Monteiro e Sum\u00e9, na regi\u00e3o do Cariri.<\/p>\n<div><\/div>\n<div>De acordo com informa\u00e7\u00f5es repassadas pela Pol\u00edcia, a opera\u00e7\u00e3o resultou com a condu\u00e7\u00e3o de dois suspeitos que estavam nas imedia\u00e7\u00f5es do Bairro Mutir\u00e3o, em Monteiro, n\u00e3o portando documentos e oriundos de Jo\u00e3o Pessoa.<\/div>\n<div><\/div>\n<div>Os dois suspeitos foram conduzidos para 11\u00b0 Delegacia Seccional de Monteiro, onde foi constatado a exist\u00eancia de dois mandados de pris\u00e3o em aberto, em desfavor dos mesmos.<\/div>\n<div><\/div>\n<div>A opera\u00e7\u00e3o foi conduzida pelo Subcomandante Capit\u00e3o Guilherme, e o Oficial de Opera\u00e7\u00f5es do dia, Tenente Moura.<\/div>\n<div>\n<p><strong>CARIRI EM A\u00c7\u00c3O<\/strong><\/p>\n<p>Com Vitrine do Cariri\/Foto: Reprodu\u00e7\u00e3o<\/p>\n<p><strong>Leia mais not\u00edcias em\u00a0<\/strong><a href=\"http:\/\/www.caririemacao.com\/\"><strong>caririemacao.com<\/strong><\/a><strong>, siga nossa p\u00e1gina no\u00a0<\/strong><a href=\"https:\/\/www.facebook.com\/CaririEmAcao\/?ref=aymt_homepage_panel\"><strong>Facebook<\/strong><\/a><strong>\u00a0e\u00a0<a href=\"https:\/\/www.instagram.com\/cariri_em_acao\/?hl=pt-br\">Instagram<\/a>\u00a0veja nossas mat\u00e9rias e fotos. Voc\u00ea tamb\u00e9m pode enviar informa\u00e7\u00f5es \u00e0 Reda\u00e7\u00e3o do Portal Cariri em A\u00e7\u00e3o pelo WhatsApp (83) 9 9634.5791, (83) 9 9601-1162.<\/strong><\/p>\n<\/div>\n","protected":false},"excerpt":{"rendered":"<p>A Pol\u00edcia Militar, atrav\u00e9s do 11\u00b0 Batalh\u00e3o de Pol\u00edcia Militar, deflagrou nesta sexta-feira (5), a opera\u00e7\u00e3o \u201cImpacto\u201d, com o objetivo de garantir a seguran\u00e7a p\u00fablica&hellip; <\/p>\n","protected":false},"author":2,"featured_media":19031,"comment_status":"closed","ping_status":"closed","sticky":false,"template":"","format":"standard","meta":{"sfsi_plus_gutenberg_text_before_share":"","sfsi_plus_gutenberg_show_text_before_share":"","sfsi_plus_gutenberg_icon_type":"","sfsi_plus_gutenberg_icon_alignemt":"","sfsi_plus_gutenburg_max_per_row":"","footnotes":""},"categories":[12],"tags":[],"class_list":["post-19030","post","type-post","status-publish","format-standard","has-post-thumbnail","hentry","category-policia"],"_links":{"self":[{"href":"https:\/\/www.caririemacao.com\/1\/wp-json\/wp\/v2\/posts\/19030","targetHints":{"allow":["GET"]}}],"collection":[{"href":"https:\/\/www.caririemacao.com\/1\/wp-json\/wp\/v2\/posts"}],"about":[{"href":"https:\/\/www.caririemacao.com\/1\/wp-json\/wp\/v2\/types\/post"}],"author":[{"embeddable":true,"href":"https:\/\/www.caririemacao.com\/1\/wp-json\/wp\/v2\/users\/2"}],"replies":[{"embeddable":true,"href":"https:\/\/www.caririemacao.com\/1\/wp-json\/wp\/v2\/comments?post=19030"}],"version-history":[{"count":0,"href":"https:\/\/www.caririemacao.com\/1\/wp-json\/wp\/v2\/posts\/19030\/revisions"}],"wp:featuredmedia":[{"embeddable":true,"href":"https:\/\/www.caririemacao.com\/1\/wp-json\/wp\/v2\/media\/19031"}],"wp:attachment":[{"href":"https:\/\/www.caririemacao.com\/1\/wp-json\/wp\/v2\/media?parent=19030"}],"wp:term":[{"taxonomy":"category","embeddable":true,"href":"https:\/\/www.caririemacao.com\/1\/wp-json\/wp\/v2\/categories?post=19030"},{"taxonomy":"post_tag","embeddable":true,"href":"https:\/\/www.caririemacao.com\/1\/wp-json\/wp\/v2\/tags?post=19030"}],"curies":[{"name":"wp","href":"https:\/\/api.w.org\/{rel}","templated":true}]}}