{"id":19033,"date":"2017-05-06T15:15:28","date_gmt":"2017-05-06T18:15:28","guid":{"rendered":"http:\/\/caririemacao.com\/1\/?p=19033"},"modified":"2017-05-06T15:15:28","modified_gmt":"2017-05-06T18:15:28","slug":"prefeita-de-monteiro-participa-de-mobilizacao-em-defesa-de-um-novo-pacto-federativo","status":"publish","type":"post","link":"https:\/\/www.caririemacao.com\/1\/2017\/05\/06\/prefeita-de-monteiro-participa-de-mobilizacao-em-defesa-de-um-novo-pacto-federativo\/","title":{"rendered":"Prefeita de Monteiro participa de mobiliza\u00e7\u00e3o em defesa de um novo pacto federativo"},"content":{"rendered":"<p>Ao participar do evento realizado na manh\u00e3 desta sexta-feira, 5, na Pra\u00e7a do Meio do Mundo, a prefeita Anna Lorena deixou sua mensagem perante centenas de colegas que ocuparam uma \u00e1rea \u00e0s margens das BR 230 e BR 412, que serviu de ponto de concentra\u00e7\u00e3o para a mobiliza\u00e7\u00e3o articulada pela Federa\u00e7\u00e3o das Associa\u00e7\u00f5es dos Munic\u00edpios da Para\u00edba (FAMUP).<\/p>\n<div><\/div>\n<div>Ao falar para seus colegas prefeitos, Anna Lorena fez quest\u00e3o de destacar o seu empenho em defesa de um novo pacto federativo. \u201cNosso movimento foi um grande evento, nosso intuito foi chamar aten\u00e7\u00e3o de todos os representantes federias, para reivindicar junto ao Governo Federal que tenha mais respeito com os munic\u00edpios, colocando os recursos suficientes para os programas sociais, vendo a quest\u00e3o do INSS, que sufoca os munic\u00edpios\u201d disse a prefeita Anna Lorena.<\/div>\n<div><\/div>\n<div>Em seu pronunciamento durante o protesto na Pra\u00e7a do Meio Mundo, a prefeita Anna Lorena disse que n\u00e3o poderia admitir que o munic\u00edpio de Monteiro recebesse R$ 12 mil para uma equipe do PSF e gaste R$ 35 mil. \u201cN\u00e3o podemos admitir tamb\u00e9m, que receba R$ 0,36 centavos por alunos e gasta R$ 3,20 reais, e outros programas sociais que o governo aprova l\u00e1 em Bras\u00edlia e joga para os munic\u00edpios, sem mandar os recursos suficientes, e sem falar no PACTO Federativo, aonde os munic\u00edpios recebem 18% em tudo aquilo que o pa\u00eds arrecada, enquanto o Governo Federal fica com 62% e o restante \u00e9 destinado aos estados. Esse modelo de Federa\u00e7\u00e3o \u00e9 perverso com os munic\u00edpios, chega a ser desleal, aonde eles colocam muitas obriga\u00e7\u00f5es e poucos recursos com os munic\u00edpios\u201d, pontuou a prefeita Anna Lorena.<\/div>\n<div><\/div>\n<div><strong>CARIRI EM A\u00c7\u00c3O<\/strong><\/div>\n<div>Com Secom-PMM\/Foto: Reprodu\u00e7\u00e3o<\/div>\n<div>\n<p><strong>Leia mais not\u00edcias em\u00a0<\/strong><a href=\"http:\/\/www.caririemacao.com\/\"><strong>caririemacao.com<\/strong><\/a><strong>, siga nossa p\u00e1gina no\u00a0<\/strong><a href=\"https:\/\/www.facebook.com\/CaririEmAcao\/?ref=aymt_homepage_panel\"><strong>Facebook<\/strong><\/a><strong>\u00a0e\u00a0<a href=\"https:\/\/www.instagram.com\/cariri_em_acao\/?hl=pt-br\">Instagram<\/a>\u00a0veja nossas mat\u00e9rias e fotos. Voc\u00ea tamb\u00e9m pode enviar informa\u00e7\u00f5es \u00e0 Reda\u00e7\u00e3o do Portal Cariri em A\u00e7\u00e3o pelo WhatsApp (83) 9 9634.5791, (83) 9 9601-1162.<\/strong><\/p>\n<\/div>\n","protected":false},"excerpt":{"rendered":"<p>Ao participar do evento realizado na manh\u00e3 desta sexta-feira, 5, na Pra\u00e7a do Meio do Mundo, a prefeita Anna Lorena deixou sua mensagem perante centenas&hellip; <\/p>\n","protected":false},"author":2,"featured_media":19034,"comment_status":"closed","ping_status":"closed","sticky":false,"template":"","format":"standard","meta":{"sfsi_plus_gutenberg_text_before_share":"","sfsi_plus_gutenberg_show_text_before_share":"","sfsi_plus_gutenberg_icon_type":"","sfsi_plus_gutenberg_icon_alignemt":"","sfsi_plus_gutenburg_max_per_row":"","footnotes":""},"categories":[6],"tags":[],"class_list":["post-19033","post","type-post","status-publish","format-standard","has-post-thumbnail","hentry","category-cidades"],"_links":{"self":[{"href":"https:\/\/www.caririemacao.com\/1\/wp-json\/wp\/v2\/posts\/19033","targetHints":{"allow":["GET"]}}],"collection":[{"href":"https:\/\/www.caririemacao.com\/1\/wp-json\/wp\/v2\/posts"}],"about":[{"href":"https:\/\/www.caririemacao.com\/1\/wp-json\/wp\/v2\/types\/post"}],"author":[{"embeddable":true,"href":"https:\/\/www.caririemacao.com\/1\/wp-json\/wp\/v2\/users\/2"}],"replies":[{"embeddable":true,"href":"https:\/\/www.caririemacao.com\/1\/wp-json\/wp\/v2\/comments?post=19033"}],"version-history":[{"count":0,"href":"https:\/\/www.caririemacao.com\/1\/wp-json\/wp\/v2\/posts\/19033\/revisions"}],"wp:featuredmedia":[{"embeddable":true,"href":"https:\/\/www.caririemacao.com\/1\/wp-json\/wp\/v2\/media\/19034"}],"wp:attachment":[{"href":"https:\/\/www.caririemacao.com\/1\/wp-json\/wp\/v2\/media?parent=19033"}],"wp:term":[{"taxonomy":"category","embeddable":true,"href":"https:\/\/www.caririemacao.com\/1\/wp-json\/wp\/v2\/categories?post=19033"},{"taxonomy":"post_tag","embeddable":true,"href":"https:\/\/www.caririemacao.com\/1\/wp-json\/wp\/v2\/tags?post=19033"}],"curies":[{"name":"wp","href":"https:\/\/api.w.org\/{rel}","templated":true}]}}