{"id":19036,"date":"2017-05-06T15:19:42","date_gmt":"2017-05-06T18:19:42","guid":{"rendered":"http:\/\/caririemacao.com\/1\/?p=19036"},"modified":"2017-05-06T15:30:41","modified_gmt":"2017-05-06T18:30:41","slug":"divulgada-programacao-completa-do-sao-joao-de-patos-2017-na-paraiba","status":"publish","type":"post","link":"https:\/\/www.caririemacao.com\/1\/2017\/05\/06\/divulgada-programacao-completa-do-sao-joao-de-patos-2017-na-paraiba\/","title":{"rendered":"Divulgada programa\u00e7\u00e3o completa do S\u00e3o Jo\u00e3o de Patos 2017, na Para\u00edba"},"content":{"rendered":"<p>Foi divulgada, nesta quinta-feira (4), a programa\u00e7\u00e3o completa do S\u00e3o Jo\u00e3o de Patos 2017, no Sert\u00e3o da Para\u00edba. Entre as atra\u00e7\u00f5es, est\u00e3o Gusttavo Lima, Wesley Safad\u00e3o, Luan Santana, Avi\u00f5es do Forr\u00f3 e Gabriel Diniz, al\u00e9m de uma programa\u00e7\u00e3o religiosa, com a banda Rosa de Saron.<\/p>\n<div>A festa acontece de 20 a 25 de junho, no Terreiro do Forr\u00f3. A divulga\u00e7\u00e3o aconteceu durante uma festa na Concha Ac\u00fastica Nilson Batista, na pra\u00e7a Edvaldo Mota, na noite desta quinta-feira. Foram anunciadas mais de 30 atra\u00e7\u00f5es, sendo 20 artistas locais.<\/div>\n<div><\/div>\n<div>O S\u00e3o Jo\u00e3o de Patos, este ano, tem como objetivo tamb\u00e9m apoiar e valorizar os artistas e as pr\u00e1ticas culturais da terra, a exemplo das quadrilhas juninas que se apresentam, tradicionalmente, nos bairros do munic\u00edpio.<\/div>\n<div><\/div>\n<div>Segundo o prefeito Dinaldinho Wanderley, as apresenta\u00e7\u00f5es das quadrilhas devem continuar at\u00e9 meados de agosto.<\/div>\n<div><\/div>\n<div>Al\u00e9m da programa\u00e7\u00e3o, o prefeito anunciou o novo layout da festa, que vai contar com cidade cenogr\u00e1fica, palho\u00e7\u00e3o do forr\u00f3 &#8211; para apresenta\u00e7\u00e3o de quadrilhas, escolas e grupos culturais -, espa\u00e7o para trios de forr\u00f3, palco com dois tel\u00f5es de led e passarela para maior aproxima\u00e7\u00e3o com o p\u00fablico e camarote de acessibilidade gratuito, entre outros.<\/div>\n<div><\/div>\n<div><em><strong>Confira a programa\u00e7\u00e3o completa do S\u00e3o Jo\u00e3o de Patos 2017:<\/strong><\/em><\/div>\n<div><strong>Ter\u00e7a-feira, dia 20<\/strong><\/div>\n<ul>\n<li>Avi\u00f5es do Forr\u00f3<\/li>\n<li>Pinto do Acordeon<\/li>\n<li>Italo e Banda<\/li>\n<li>Forr\u00f3 Santa Dose e Nanara Belo<\/li>\n<\/ul>\n<div><strong>Quarta-feira, dia 21<\/strong><\/div>\n<ul>\n<li>Wesley Safad\u00e3o<\/li>\n<li>Capil\u00e9<\/li>\n<li>Sanara Show<\/li>\n<li>Arreio de Ouro<\/li>\n<\/ul>\n<div><strong>Quinta-feira, dia 22<\/strong><\/div>\n<ul>\n<li>Luan Santana<\/li>\n<li>Gabriel Diniz<\/li>\n<li>Los Pandas<\/li>\n<li>Forr\u00f3 da Nannah<\/li>\n<\/ul>\n<div><strong>Sexta-feira, dia 23<\/strong><\/div>\n<ul>\n<li>Felip\u00e3o<\/li>\n<li>Solteir\u00f5es do Forr\u00f3<\/li>\n<li>A\u00e9cio Fl\u00e1vio<\/li>\n<li>Isabella e Forr\u00f3 da Macambira<\/li>\n<\/ul>\n<div><strong>S\u00e1bado, dia 24<\/strong><\/div>\n<ul>\n<li>Gusttavo Lima<\/li>\n<li>Dorgival Dantas<\/li>\n<li>Espora de Ouro<\/li>\n<li>Teinha do Forr\u00f3<\/li>\n<li>Gustavinho<\/li>\n<li>Domingo, dia 25<\/li>\n<li>Rosa de Saron<\/li>\n<li>Padre Jorge<\/li>\n<li>Padre Evandro<\/li>\n<\/ul>\n<p><strong>CARIRI EM A\u00c7\u00c3O<\/strong><\/p>\n<p>Com G1-PB\/Foto: Google<\/p>\n<p><strong>Leia mais not\u00edcias em\u00a0<\/strong><a href=\"http:\/\/www.caririemacao.com\/\"><strong>caririemacao.com<\/strong><\/a><strong>, siga nossa p\u00e1gina no\u00a0<\/strong><a href=\"https:\/\/www.facebook.com\/CaririEmAcao\/?ref=aymt_homepage_panel\"><strong>Facebook<\/strong><\/a><strong>\u00a0e\u00a0<a href=\"https:\/\/www.instagram.com\/cariri_em_acao\/?hl=pt-br\">Instagram<\/a>\u00a0veja nossas mat\u00e9rias e fotos. Voc\u00ea tamb\u00e9m pode enviar informa\u00e7\u00f5es \u00e0 Reda\u00e7\u00e3o do Portal Cariri em A\u00e7\u00e3o pelo WhatsApp (83) 9 9634.5791, (83) 9 9601-1162.<\/strong><\/p>\n","protected":false},"excerpt":{"rendered":"<p>Foi divulgada, nesta quinta-feira (4), a programa\u00e7\u00e3o completa do S\u00e3o Jo\u00e3o de Patos 2017, no Sert\u00e3o da Para\u00edba. Entre as atra\u00e7\u00f5es, est\u00e3o Gusttavo Lima, Wesley&hellip; <\/p>\n","protected":false},"author":2,"featured_media":19037,"comment_status":"closed","ping_status":"closed","sticky":false,"template":"","format":"standard","meta":{"sfsi_plus_gutenberg_text_before_share":"","sfsi_plus_gutenberg_show_text_before_share":"","sfsi_plus_gutenberg_icon_type":"","sfsi_plus_gutenberg_icon_alignemt":"","sfsi_plus_gutenburg_max_per_row":"","footnotes":""},"categories":[2],"tags":[],"class_list":["post-19036","post","type-post","status-publish","format-standard","has-post-thumbnail","hentry","category-geral"],"_links":{"self":[{"href":"https:\/\/www.caririemacao.com\/1\/wp-json\/wp\/v2\/posts\/19036","targetHints":{"allow":["GET"]}}],"collection":[{"href":"https:\/\/www.caririemacao.com\/1\/wp-json\/wp\/v2\/posts"}],"about":[{"href":"https:\/\/www.caririemacao.com\/1\/wp-json\/wp\/v2\/types\/post"}],"author":[{"embeddable":true,"href":"https:\/\/www.caririemacao.com\/1\/wp-json\/wp\/v2\/users\/2"}],"replies":[{"embeddable":true,"href":"https:\/\/www.caririemacao.com\/1\/wp-json\/wp\/v2\/comments?post=19036"}],"version-history":[{"count":0,"href":"https:\/\/www.caririemacao.com\/1\/wp-json\/wp\/v2\/posts\/19036\/revisions"}],"wp:featuredmedia":[{"embeddable":true,"href":"https:\/\/www.caririemacao.com\/1\/wp-json\/wp\/v2\/media\/19037"}],"wp:attachment":[{"href":"https:\/\/www.caririemacao.com\/1\/wp-json\/wp\/v2\/media?parent=19036"}],"wp:term":[{"taxonomy":"category","embeddable":true,"href":"https:\/\/www.caririemacao.com\/1\/wp-json\/wp\/v2\/categories?post=19036"},{"taxonomy":"post_tag","embeddable":true,"href":"https:\/\/www.caririemacao.com\/1\/wp-json\/wp\/v2\/tags?post=19036"}],"curies":[{"name":"wp","href":"https:\/\/api.w.org\/{rel}","templated":true}]}}