{"id":19039,"date":"2017-05-06T15:24:37","date_gmt":"2017-05-06T18:24:37","guid":{"rendered":"http:\/\/caririemacao.com\/1\/?p=19039"},"modified":"2017-05-06T15:24:37","modified_gmt":"2017-05-06T18:24:37","slug":"cariri-recebe-atividades-gratuitas-da-semana-do-mei-de-5-e-13-de-maio","status":"publish","type":"post","link":"https:\/\/www.caririemacao.com\/1\/2017\/05\/06\/cariri-recebe-atividades-gratuitas-da-semana-do-mei-de-5-e-13-de-maio\/","title":{"rendered":"Cariri recebe atividades gratuitas da Semana do MEI de 5 e 13 de maio"},"content":{"rendered":"<p>A partir desta sexta-feira (5), o Sebrae vai promover uma s\u00e9rie de atividades durante a Semana Nacional do Microempreendedor Individual (MEI) nas cidades de Monteiro, Sum\u00e9, Serra Branca, Amparo, S\u00e3o Jos\u00e9 dos Cordeiros, Congo, Zabel\u00e9, Umbuzeiro, Cara\u00fabas, Prata e Camala\u00fa. At\u00e9 o pr\u00f3ximo s\u00e1bado (13), os 11munic\u00edpios ir\u00e3o oferecer gratuitamente cursos, palestras e consultorias sobre formaliza\u00e7\u00e3o e capacita\u00e7\u00f5es para melhoria da empresa. A a\u00e7\u00e3o acontece tamb\u00e9m em outras 20 cidades do Estado.<\/p>\n<div>Em Monteiro, as atividades t\u00eam in\u00edcio ainda nesta sexta-feira (5), com a cl\u00ednica tecnol\u00f3gica de Vitrinismo, das 19h \u00e0s 22h, na Pra\u00e7a Jo\u00e3o Pessoa. De segunda-feira (8) a sexta-feira (12), no Parque das \u00c1guas da UEPB e na Sala do Empreendedor, haver\u00e1 orienta\u00e7\u00e3o empresarial no das 9h \u00e0s 16h, de segunda (8) a quarta-feira (10), e das 9h \u00e0s 13h, na quinta (11) e sexta-feira (12). Em ambos locais, est\u00e3o programadas tamb\u00e9m as seguintes atividades: palestra sobre formaliza\u00e7\u00e3o e declara\u00e7\u00e3o do MEI (quarta, \u00e0s 9h \u00e0s 14h), bate-papo sobre d\u00favidas da DAS (quinta, \u00e0s 9h \u00e0s 14h), SEI Controlar Meu Dinheiro (sexta, 18h \u00e0s 22h) e palestra sobre Acesso ao Cr\u00e9dito com o Banco do Nordeste e o CrediAmigo (sexta, \u00e0s 14h).<\/div>\n<div><\/div>\n<div>Em Sum\u00e9, as atividades acontecer\u00e3o na Sala do Empreendedor e na Casa da Cidadania. Na segunda (8), ter\u00e7a (9) e quinta-feira (11), haver\u00e1 orienta\u00e7\u00e3o empresarial das 9h \u00e0s 13h. Na quarta-feira (10), est\u00e1 programada a palestra &#8220;Formalizar para come\u00e7ar bem&#8221;, \u00e0s 19h. J\u00e1 na sexta-feira (12), a programa\u00e7\u00e3o ser\u00e1 encerrada com a oficina SEI Vender, \u00e0s 19h.<\/div>\n<div><\/div>\n<div>Em Serra Branca, de segunda (8) a quinta-feira (11), haver\u00e1 orienta\u00e7\u00e3o empresarial das 9h \u00e0s 13h. Na sexta-feira (12), est\u00e1 programada a Feira do Microempreendedor Individual e a oficina Formalizar para come\u00e7ar bem. As atividades na cidade ser\u00e3o encerradas no s\u00e1bado, com uma cl\u00ednica tecnol\u00f3gica sobre Vitrinismo.<\/div>\n<div><\/div>\n<div>J\u00e1 em Amparo as a\u00e7\u00f5es v\u00e3o estar concentradas na Sala do Empreendedor da cidade. De segunda (8) a quinta-feira (11), ser\u00e3o oferecidas orienta\u00e7\u00f5es empresariais das 9h \u00e0s 13h. J\u00e1 na sexta-feira (12) e s\u00e1bado (13), haver\u00e1 a Feira do Empreendedor Individual, das 9h \u00e0s 18h. Tamb\u00e9m no s\u00e1bado, est\u00e3o programada as oficinas &#8220;Formalizar para come\u00e7ar bem&#8221; e Sei Vender, ambas \u00e0s 18h.<\/div>\n<div><\/div>\n<div>Em Umbuzeiro, na quinta-feira (11), est\u00e3o programadas as oficinas SEI Vender, das 8h \u00e0s 12h, e SEI Comprar, das 14h \u00e0s 18h, na Escola Municipal Pedro Pedrosa Amador. J\u00e1 em Camala\u00fa, tamb\u00e9m na quinta, haver\u00e1 a oficina SEI unir for\u00e7as para melhorar, das 18h \u00e0s 22h, no CRAS. Na cidade de Cara\u00fabas, no dia 16 de maio, haver\u00e1 a oficina SEI formar pre\u00e7o, das 18h \u00e0s 22h, na Escola Alice Jorge da Silva.<\/div>\n<div><\/div>\n<div>Em S\u00e3o Jos\u00e9 dos Cordeiros, a programa\u00e7\u00e3o tem in\u00edcio nesta sexta-feira (5), com a Feira do Empreendedor Individual, das 9h \u00e0s 18h, al\u00e9m das oficinas &#8220;Formalizar para come\u00e7ar bem&#8221; (14h) e Sei Vender (19h). Os empreendedores poder\u00e3o ter orienta\u00e7\u00e3o empresarial de segunda (8) a sexta-feira (12), na Sala do Empreendedor da cidade.<\/div>\n<div><\/div>\n<div>No Congo, as atividades tamb\u00e9m come\u00e7am nesta sexta-feira (5), com o evento Congo Inova Moda, das 8h \u00e0s 18h, e as oficinas &#8220;Formalizar para come\u00e7ar bem&#8221; (14h) e &#8220;SEI Unir for\u00e7as para melhorar&#8221; (19h). De segunda (8) a sexta-feira (12), haver\u00e1 orienta\u00e7\u00e3o empresarial na Sala do Empreendedor da cidade, das 9h \u00e0s 13h.<\/div>\n<div><\/div>\n<div>No Estado &#8211; O evento vai oferecer mais de 200 de palestras, consultorias, cl\u00ednicas tecnol\u00f3gicas, oficinas e orienta\u00e7\u00f5es gratuitas nas cidades de Jo\u00e3o Pessoa, Campina Grande, Queimadas, Esperan\u00e7a, Patos, Tapero\u00e1, Desterro, Assun\u00e7\u00e3o, Pombal, Cajazeiras, S\u00e3o Jos\u00e9 de Piranhas, Po\u00e7o Jos\u00e9 de Moura, Cachoeira dos \u00cdndios, Monteiro, Sum\u00e9, Serra Branca, Amparo, S\u00e3o Jos\u00e9 do Cordeiro, Congo, Zabel\u00ea, Aguiar, Boa Ventura, Guarabira, Araruna, Sol\u00e2nea, Picu\u00ed, Sousa, Umbuzeiro, Caraubas, Prata e Camalau.<\/div>\n<div><\/div>\n<div>Quem \u00e9 o MEI \u2013 A figura jur\u00eddica do MEI foi criada pela Lei Complementar 128\/08, que inseriu essa categoria empresarial na Lei Geral da Micro e Pequena Empresa (Lei Complementar 123\/06). O MEI garante registro no CNPJ e v\u00e1rios benef\u00edcios para o crescimento da atividade econ\u00f4mica, como comprar e vender com nota fiscal, o que proporciona melhores pre\u00e7os, vendas para governo, abrir conta em banco como pessoa jur\u00eddica, ter acesso a cr\u00e9dito com taxas diferenciadas e apoio do Sebrae. Tamb\u00e9m assegura cobertura previdenci\u00e1ria como aposentadoria por idade e por invalidez, aux\u00edlio-doen\u00e7a, sal\u00e1rio-maternidade, pens\u00e3o por morte e aux\u00edlio reclus\u00e3o para a fam\u00edlia.<\/div>\n<div><\/div>\n<div>Podem se formalizar como MEI aqueles que exercem atividades econ\u00f4micas dentro das 442 categorias catalogadas e que tenham receita bruta de at\u00e9 R$ 60 mil por ano. A formaliza\u00e7\u00e3o \u00e9 feita gratuitamente, no Portal do Empreendedor (www.portaldoempreendedor.gov.br). Formalizado, ele paga uma taxa fixa mensal de 5% sobre o sal\u00e1rio m\u00ednimo para o INSS mais R$ 1,00 de ICMS, se atuar no setor da ind\u00fastria ou com\u00e9rcio, ou R$ 5,00 se for da \u00e1rea de servi\u00e7os.<\/div>\n<div>\n<p><strong>CARIRI EM A\u00c7\u00c3O<\/strong><\/p>\n<p>Com Ascom\/ Foto: Google<\/p>\n<p><strong>Leia mais not\u00edcias em\u00a0<\/strong><a href=\"http:\/\/www.caririemacao.com\/\"><strong>caririemacao.com<\/strong><\/a><strong>, siga nossa p\u00e1gina no\u00a0<\/strong><a href=\"https:\/\/www.facebook.com\/CaririEmAcao\/?ref=aymt_homepage_panel\"><strong>Facebook<\/strong><\/a><strong>\u00a0e\u00a0<a href=\"https:\/\/www.instagram.com\/cariri_em_acao\/?hl=pt-br\">Instagram<\/a>\u00a0veja nossas mat\u00e9rias e fotos. Voc\u00ea tamb\u00e9m pode enviar informa\u00e7\u00f5es \u00e0 Reda\u00e7\u00e3o do Portal Cariri em A\u00e7\u00e3o pelo WhatsApp (83) 9 9634.5791, (83) 9 9601-1162.<\/strong><\/p>\n<\/div>\n","protected":false},"excerpt":{"rendered":"<p>A partir desta sexta-feira (5), o Sebrae vai promover uma s\u00e9rie de atividades durante a Semana Nacional do Microempreendedor Individual (MEI) nas cidades de Monteiro,&hellip; <\/p>\n","protected":false},"author":2,"featured_media":19040,"comment_status":"closed","ping_status":"closed","sticky":false,"template":"","format":"standard","meta":{"sfsi_plus_gutenberg_text_before_share":"","sfsi_plus_gutenberg_show_text_before_share":"","sfsi_plus_gutenberg_icon_type":"","sfsi_plus_gutenberg_icon_alignemt":"","sfsi_plus_gutenburg_max_per_row":"","footnotes":""},"categories":[2],"tags":[],"class_list":["post-19039","post","type-post","status-publish","format-standard","has-post-thumbnail","hentry","category-geral"],"_links":{"self":[{"href":"https:\/\/www.caririemacao.com\/1\/wp-json\/wp\/v2\/posts\/19039","targetHints":{"allow":["GET"]}}],"collection":[{"href":"https:\/\/www.caririemacao.com\/1\/wp-json\/wp\/v2\/posts"}],"about":[{"href":"https:\/\/www.caririemacao.com\/1\/wp-json\/wp\/v2\/types\/post"}],"author":[{"embeddable":true,"href":"https:\/\/www.caririemacao.com\/1\/wp-json\/wp\/v2\/users\/2"}],"replies":[{"embeddable":true,"href":"https:\/\/www.caririemacao.com\/1\/wp-json\/wp\/v2\/comments?post=19039"}],"version-history":[{"count":0,"href":"https:\/\/www.caririemacao.com\/1\/wp-json\/wp\/v2\/posts\/19039\/revisions"}],"wp:featuredmedia":[{"embeddable":true,"href":"https:\/\/www.caririemacao.com\/1\/wp-json\/wp\/v2\/media\/19040"}],"wp:attachment":[{"href":"https:\/\/www.caririemacao.com\/1\/wp-json\/wp\/v2\/media?parent=19039"}],"wp:term":[{"taxonomy":"category","embeddable":true,"href":"https:\/\/www.caririemacao.com\/1\/wp-json\/wp\/v2\/categories?post=19039"},{"taxonomy":"post_tag","embeddable":true,"href":"https:\/\/www.caririemacao.com\/1\/wp-json\/wp\/v2\/tags?post=19039"}],"curies":[{"name":"wp","href":"https:\/\/api.w.org\/{rel}","templated":true}]}}