{"id":19044,"date":"2017-05-06T16:13:47","date_gmt":"2017-05-06T19:13:47","guid":{"rendered":"http:\/\/caririemacao.com\/1\/?p=19044"},"modified":"2017-05-06T16:47:03","modified_gmt":"2017-05-06T19:47:03","slug":"eventos-culturais-encerram-aniversario-de-caraubas","status":"publish","type":"post","link":"https:\/\/www.caririemacao.com\/1\/2017\/05\/06\/eventos-culturais-encerram-aniversario-de-caraubas\/","title":{"rendered":"Eventos Culturais encerram anivers\u00e1rio de Cara\u00fabas"},"content":{"rendered":"<p>O munic\u00edpio de Cara\u00fabas, atrav\u00e9s da Prefeitura realizou durante esta semana, uma vasta programa\u00e7\u00e3o comemorativa aos 20 anos de emancipa\u00e7\u00e3o pol\u00edtica do munic\u00edpio.<\/p>\n<p><a href=\"http:\/\/caririemacao.com\/1\/wp-content\/uploads\/2017\/05\/DSC_0013.jpg\"><img fetchpriority=\"high\" decoding=\"async\" class=\"aligncenter wp-image-19063 size-full\" src=\"http:\/\/caririemacao.com\/1\/wp-content\/uploads\/2017\/05\/DSC_0013.jpg\" alt=\"DSC_0013\" width=\"800\" height=\"533\" srcset=\"https:\/\/www.caririemacao.com\/1\/wp-content\/uploads\/2017\/05\/DSC_0013.jpg 800w, https:\/\/www.caririemacao.com\/1\/wp-content\/uploads\/2017\/05\/DSC_0013-300x200.jpg 300w, https:\/\/www.caririemacao.com\/1\/wp-content\/uploads\/2017\/05\/DSC_0013-768x512.jpg 768w\" sizes=\"(max-width: 800px) 100vw, 800px\" \/><\/a><\/p>\n<p>O m\u00e1ximo da programa\u00e7\u00e3o aconteceu nesta sexta-feira (5), dia em que a cidade aniversariou. No per\u00edodo da tarde, foi realizada Feira Agroecol\u00f3gica e Cultural, organizado pela Secretaria da Educa\u00e7\u00e3o, tendo v\u00e1rias apresenta\u00e7\u00f5es com temas relacionados ao anivers\u00e1rio da cidade. As apresenta\u00e7\u00f5es foram realizadas por alunos das escolas da Rede Municipal de Ensino.<\/p>\n<p><a href=\"http:\/\/caririemacao.com\/1\/wp-content\/uploads\/2017\/05\/DSC_0074-1.jpg\"><img decoding=\"async\" class=\"aligncenter wp-image-19060 size-full lazyload\" data-src=\"http:\/\/caririemacao.com\/1\/wp-content\/uploads\/2017\/05\/DSC_0074-1.jpg\" alt=\"DSC_0074\" width=\"800\" height=\"533\" data-srcset=\"https:\/\/www.caririemacao.com\/1\/wp-content\/uploads\/2017\/05\/DSC_0074-1.jpg 800w, https:\/\/www.caririemacao.com\/1\/wp-content\/uploads\/2017\/05\/DSC_0074-1-300x200.jpg 300w, https:\/\/www.caririemacao.com\/1\/wp-content\/uploads\/2017\/05\/DSC_0074-1-768x512.jpg 768w\" data-sizes=\"(max-width: 800px) 100vw, 800px\" src=\"data:image\/svg+xml;base64,PHN2ZyB3aWR0aD0iMSIgaGVpZ2h0PSIxIiB4bWxucz0iaHR0cDovL3d3dy53My5vcmcvMjAwMC9zdmciPjwvc3ZnPg==\" style=\"--smush-placeholder-width: 800px; --smush-placeholder-aspect-ratio: 800\/533;\" \/><\/a><\/p>\n<p>J\u00e1 \u00e0 noite, em frente \u00e0 Igreja de S\u00e3o Pedro, a Secretaria da Assist\u00eancia Social promoveu uma grande Amostra de Cultura, Arte e Poesia com usu\u00e1rios do Sistema de Conviv\u00eancia e Fortalecimento de V\u00ednculos \u2013 SCFV. Na ocasi\u00e3o, foram apresentados os resultados de oficinas de trabalhos desenvolvidos durante estes primeiros quatro meses da atual gest\u00e3o. <a href=\"http:\/\/caririemacao.com\/1\/wp-content\/uploads\/2017\/05\/DSC_0096.jpg\"><img decoding=\"async\" class=\"alignleft wp-image-19061 size-full lazyload\" data-src=\"http:\/\/caririemacao.com\/1\/wp-content\/uploads\/2017\/05\/DSC_0096.jpg\" alt=\"DSC_0096\" width=\"800\" height=\"533\" data-srcset=\"https:\/\/www.caririemacao.com\/1\/wp-content\/uploads\/2017\/05\/DSC_0096.jpg 800w, https:\/\/www.caririemacao.com\/1\/wp-content\/uploads\/2017\/05\/DSC_0096-300x200.jpg 300w, https:\/\/www.caririemacao.com\/1\/wp-content\/uploads\/2017\/05\/DSC_0096-768x512.jpg 768w\" data-sizes=\"(max-width: 800px) 100vw, 800px\" src=\"data:image\/svg+xml;base64,PHN2ZyB3aWR0aD0iMSIgaGVpZ2h0PSIxIiB4bWxucz0iaHR0cDovL3d3dy53My5vcmcvMjAwMC9zdmciPjwvc3ZnPg==\" style=\"--smush-placeholder-width: 800px; --smush-placeholder-aspect-ratio: 800\/533;\" \/><\/a><\/p>\n<p>Durante a I Amostra de Cultura houve apresenta\u00e7\u00e3o da oficina de m\u00fasica dos n\u00facleos de Anjiquinho, Distrito de Barreiras e Curimat\u00e3s. Ainda teve, o hino nacional cantado pelo grupo de idosos do SCFV, n\u00facleo de Cara\u00fabas, oficina de dan\u00e7a do n\u00facleo de Barreiras e Curimat\u00e3s. J\u00e1 o n\u00facleo do SCFV do povoado de passagem apresentou a oficina de poesia. No encerramento do evento foi realizado um sarau po\u00e9tico com v\u00e1rios artistas do Cariri e, em especial, de poetas locais.<\/p>\n<p><img decoding=\"async\" class=\"aligncenter wp-image-19062 size-full lazyload\" data-src=\"http:\/\/caririemacao.com\/1\/wp-content\/uploads\/2017\/05\/DSC_0141.jpg\" alt=\"DSC_0141\" width=\"800\" height=\"533\" data-srcset=\"https:\/\/www.caririemacao.com\/1\/wp-content\/uploads\/2017\/05\/DSC_0141.jpg 800w, https:\/\/www.caririemacao.com\/1\/wp-content\/uploads\/2017\/05\/DSC_0141-300x200.jpg 300w, https:\/\/www.caririemacao.com\/1\/wp-content\/uploads\/2017\/05\/DSC_0141-768x512.jpg 768w\" data-sizes=\"(max-width: 800px) 100vw, 800px\" src=\"data:image\/svg+xml;base64,PHN2ZyB3aWR0aD0iMSIgaGVpZ2h0PSIxIiB4bWxucz0iaHR0cDovL3d3dy53My5vcmcvMjAwMC9zdmciPjwvc3ZnPg==\" style=\"--smush-placeholder-width: 800px; --smush-placeholder-aspect-ratio: 800\/533;\" \/><\/p>\n<p>O prefeito Silvano avaliou com positiva a programa\u00e7\u00e3o desenvolvida pelo munic\u00edpio, j\u00e1 que valorizou os artistas e os talentos do munic\u00edpio. Ele tamb\u00e9m justificou a n\u00e3o realiza\u00e7\u00e3o de festa com banda. Segundo Silvano, o recurso que ele iria ser gasto com bandas, ele resolveu comprar uma ambul\u00e2ncia para atender a popula\u00e7\u00e3o de Cara\u00fabas. \u201cPrometo que irei fazer uma grande festa para os caraubenses, mas que neste momento era melhor e mais adequado comprar este ve\u00edculo que beneficiar\u00e1 aqueles mais carentes, principalmente, aqueles que em momento de doen\u00e7a precisa de uma ambul\u00e2ncia bem equipada\u201d, finalizou.<\/p>\n<p><strong><a href=\"https:\/\/www.facebook.com\/302749469861083\/photos\/?tab=album&amp;album_id=1012980265504663\">CLIQUE AQUI E VEJA MAIS FOTOS DA FEIRA AGROECOL\u00d3GICA E CULTURAL<\/a><\/strong><\/p>\n<p><a href=\"https:\/\/www.facebook.com\/pg\/CaririEmAcao\/photos\/?tab=album&amp;album_id=1013519092117447\"><strong>CLIQUE AQUI E VEJA MAIS FOTOS DA AMOSTRA DE CULTURA<\/strong><\/a><\/p>\n<p><img decoding=\"async\" class=\"alignnone size-medium wp-image-19064 lazyload\" data-src=\"http:\/\/caririemacao.com\/1\/wp-content\/uploads\/2017\/05\/DSC_0021-300x200.jpg\" alt=\"DSC_0021\" width=\"300\" height=\"200\" data-srcset=\"https:\/\/www.caririemacao.com\/1\/wp-content\/uploads\/2017\/05\/DSC_0021-300x200.jpg 300w, https:\/\/www.caririemacao.com\/1\/wp-content\/uploads\/2017\/05\/DSC_0021-768x512.jpg 768w, https:\/\/www.caririemacao.com\/1\/wp-content\/uploads\/2017\/05\/DSC_0021.jpg 800w\" data-sizes=\"(max-width: 300px) 100vw, 300px\" src=\"data:image\/svg+xml;base64,PHN2ZyB3aWR0aD0iMSIgaGVpZ2h0PSIxIiB4bWxucz0iaHR0cDovL3d3dy53My5vcmcvMjAwMC9zdmciPjwvc3ZnPg==\" style=\"--smush-placeholder-width: 300px; --smush-placeholder-aspect-ratio: 300\/200;\" \/>\u00a0<a href=\"http:\/\/caririemacao.com\/1\/wp-content\/uploads\/2017\/05\/8.jpg\"><img decoding=\"async\" class=\"alignnone size-medium wp-image-19074 lazyload\" data-src=\"http:\/\/caririemacao.com\/1\/wp-content\/uploads\/2017\/05\/8-300x200.jpg\" alt=\"8\" width=\"300\" height=\"200\" data-srcset=\"https:\/\/www.caririemacao.com\/1\/wp-content\/uploads\/2017\/05\/8-300x200.jpg 300w, https:\/\/www.caririemacao.com\/1\/wp-content\/uploads\/2017\/05\/8-768x512.jpg 768w, https:\/\/www.caririemacao.com\/1\/wp-content\/uploads\/2017\/05\/8.jpg 800w\" data-sizes=\"(max-width: 300px) 100vw, 300px\" src=\"data:image\/svg+xml;base64,PHN2ZyB3aWR0aD0iMSIgaGVpZ2h0PSIxIiB4bWxucz0iaHR0cDovL3d3dy53My5vcmcvMjAwMC9zdmciPjwvc3ZnPg==\" style=\"--smush-placeholder-width: 300px; --smush-placeholder-aspect-ratio: 300\/200;\" \/><\/a> <a href=\"http:\/\/caririemacao.com\/1\/wp-content\/uploads\/2017\/05\/7.jpg\"><img decoding=\"async\" class=\"alignnone size-medium wp-image-19073 lazyload\" data-src=\"http:\/\/caririemacao.com\/1\/wp-content\/uploads\/2017\/05\/7-300x200.jpg\" alt=\"7\" width=\"300\" height=\"200\" data-srcset=\"https:\/\/www.caririemacao.com\/1\/wp-content\/uploads\/2017\/05\/7-300x200.jpg 300w, https:\/\/www.caririemacao.com\/1\/wp-content\/uploads\/2017\/05\/7-768x512.jpg 768w, https:\/\/www.caririemacao.com\/1\/wp-content\/uploads\/2017\/05\/7.jpg 800w\" data-sizes=\"(max-width: 300px) 100vw, 300px\" src=\"data:image\/svg+xml;base64,PHN2ZyB3aWR0aD0iMSIgaGVpZ2h0PSIxIiB4bWxucz0iaHR0cDovL3d3dy53My5vcmcvMjAwMC9zdmciPjwvc3ZnPg==\" style=\"--smush-placeholder-width: 300px; --smush-placeholder-aspect-ratio: 300\/200;\" \/><\/a> <a href=\"http:\/\/caririemacao.com\/1\/wp-content\/uploads\/2017\/05\/6.jpg\"><img decoding=\"async\" class=\"alignnone size-medium wp-image-19072 lazyload\" data-src=\"http:\/\/caririemacao.com\/1\/wp-content\/uploads\/2017\/05\/6-300x200.jpg\" alt=\"6\" width=\"300\" height=\"200\" data-srcset=\"https:\/\/www.caririemacao.com\/1\/wp-content\/uploads\/2017\/05\/6-300x200.jpg 300w, https:\/\/www.caririemacao.com\/1\/wp-content\/uploads\/2017\/05\/6-768x512.jpg 768w, https:\/\/www.caririemacao.com\/1\/wp-content\/uploads\/2017\/05\/6.jpg 800w\" data-sizes=\"(max-width: 300px) 100vw, 300px\" src=\"data:image\/svg+xml;base64,PHN2ZyB3aWR0aD0iMSIgaGVpZ2h0PSIxIiB4bWxucz0iaHR0cDovL3d3dy53My5vcmcvMjAwMC9zdmciPjwvc3ZnPg==\" style=\"--smush-placeholder-width: 300px; --smush-placeholder-aspect-ratio: 300\/200;\" \/><\/a> <a href=\"http:\/\/caririemacao.com\/1\/wp-content\/uploads\/2017\/05\/5.jpg\"><img decoding=\"async\" class=\"alignnone size-medium wp-image-19071 lazyload\" data-src=\"http:\/\/caririemacao.com\/1\/wp-content\/uploads\/2017\/05\/5-300x200.jpg\" alt=\"5\" width=\"300\" height=\"200\" data-srcset=\"https:\/\/www.caririemacao.com\/1\/wp-content\/uploads\/2017\/05\/5-300x200.jpg 300w, https:\/\/www.caririemacao.com\/1\/wp-content\/uploads\/2017\/05\/5-768x512.jpg 768w, https:\/\/www.caririemacao.com\/1\/wp-content\/uploads\/2017\/05\/5.jpg 800w\" data-sizes=\"(max-width: 300px) 100vw, 300px\" src=\"data:image\/svg+xml;base64,PHN2ZyB3aWR0aD0iMSIgaGVpZ2h0PSIxIiB4bWxucz0iaHR0cDovL3d3dy53My5vcmcvMjAwMC9zdmciPjwvc3ZnPg==\" style=\"--smush-placeholder-width: 300px; --smush-placeholder-aspect-ratio: 300\/200;\" \/><\/a> <a href=\"http:\/\/caririemacao.com\/1\/wp-content\/uploads\/2017\/05\/4.jpg\"><img decoding=\"async\" class=\"alignnone size-medium wp-image-19070 lazyload\" data-src=\"http:\/\/caririemacao.com\/1\/wp-content\/uploads\/2017\/05\/4-300x200.jpg\" alt=\"4\" width=\"300\" height=\"200\" data-srcset=\"https:\/\/www.caririemacao.com\/1\/wp-content\/uploads\/2017\/05\/4-300x200.jpg 300w, https:\/\/www.caririemacao.com\/1\/wp-content\/uploads\/2017\/05\/4-768x512.jpg 768w, https:\/\/www.caririemacao.com\/1\/wp-content\/uploads\/2017\/05\/4.jpg 800w\" data-sizes=\"(max-width: 300px) 100vw, 300px\" src=\"data:image\/svg+xml;base64,PHN2ZyB3aWR0aD0iMSIgaGVpZ2h0PSIxIiB4bWxucz0iaHR0cDovL3d3dy53My5vcmcvMjAwMC9zdmciPjwvc3ZnPg==\" style=\"--smush-placeholder-width: 300px; --smush-placeholder-aspect-ratio: 300\/200;\" \/><\/a> <a href=\"http:\/\/caririemacao.com\/1\/wp-content\/uploads\/2017\/05\/DSC_0021.jpg\"><img decoding=\"async\" class=\"alignnone size-medium wp-image-19064 lazyload\" data-src=\"http:\/\/caririemacao.com\/1\/wp-content\/uploads\/2017\/05\/DSC_0021-300x200.jpg\" alt=\"DSC_0021\" width=\"300\" height=\"200\" data-srcset=\"https:\/\/www.caririemacao.com\/1\/wp-content\/uploads\/2017\/05\/DSC_0021-300x200.jpg 300w, https:\/\/www.caririemacao.com\/1\/wp-content\/uploads\/2017\/05\/DSC_0021-768x512.jpg 768w, https:\/\/www.caririemacao.com\/1\/wp-content\/uploads\/2017\/05\/DSC_0021.jpg 800w\" data-sizes=\"(max-width: 300px) 100vw, 300px\" src=\"data:image\/svg+xml;base64,PHN2ZyB3aWR0aD0iMSIgaGVpZ2h0PSIxIiB4bWxucz0iaHR0cDovL3d3dy53My5vcmcvMjAwMC9zdmciPjwvc3ZnPg==\" style=\"--smush-placeholder-width: 300px; --smush-placeholder-aspect-ratio: 300\/200;\" \/><\/a> <a href=\"http:\/\/caririemacao.com\/1\/wp-content\/uploads\/2017\/05\/DSC_0096.jpg\"><img decoding=\"async\" class=\"alignnone size-medium wp-image-19061 lazyload\" data-src=\"http:\/\/caririemacao.com\/1\/wp-content\/uploads\/2017\/05\/DSC_0096-300x200.jpg\" alt=\"DSC_0096\" width=\"300\" height=\"200\" data-srcset=\"https:\/\/www.caririemacao.com\/1\/wp-content\/uploads\/2017\/05\/DSC_0096-300x200.jpg 300w, https:\/\/www.caririemacao.com\/1\/wp-content\/uploads\/2017\/05\/DSC_0096-768x512.jpg 768w, https:\/\/www.caririemacao.com\/1\/wp-content\/uploads\/2017\/05\/DSC_0096.jpg 800w\" data-sizes=\"(max-width: 300px) 100vw, 300px\" src=\"data:image\/svg+xml;base64,PHN2ZyB3aWR0aD0iMSIgaGVpZ2h0PSIxIiB4bWxucz0iaHR0cDovL3d3dy53My5vcmcvMjAwMC9zdmciPjwvc3ZnPg==\" style=\"--smush-placeholder-width: 300px; --smush-placeholder-aspect-ratio: 300\/200;\" \/><\/a> <a href=\"http:\/\/caririemacao.com\/1\/wp-content\/uploads\/2017\/05\/DSC_0141.jpg\"><img decoding=\"async\" class=\"alignnone size-medium wp-image-19062 lazyload\" data-src=\"http:\/\/caririemacao.com\/1\/wp-content\/uploads\/2017\/05\/DSC_0141-300x200.jpg\" alt=\"DSC_0141\" width=\"300\" height=\"200\" data-srcset=\"https:\/\/www.caririemacao.com\/1\/wp-content\/uploads\/2017\/05\/DSC_0141-300x200.jpg 300w, https:\/\/www.caririemacao.com\/1\/wp-content\/uploads\/2017\/05\/DSC_0141-768x512.jpg 768w, https:\/\/www.caririemacao.com\/1\/wp-content\/uploads\/2017\/05\/DSC_0141.jpg 800w\" data-sizes=\"(max-width: 300px) 100vw, 300px\" src=\"data:image\/svg+xml;base64,PHN2ZyB3aWR0aD0iMSIgaGVpZ2h0PSIxIiB4bWxucz0iaHR0cDovL3d3dy53My5vcmcvMjAwMC9zdmciPjwvc3ZnPg==\" style=\"--smush-placeholder-width: 300px; --smush-placeholder-aspect-ratio: 300\/200;\" \/><\/a> <a href=\"http:\/\/caririemacao.com\/1\/wp-content\/uploads\/2017\/05\/4-2.jpg\"><img decoding=\"async\" class=\"alignnone size-medium wp-image-19069 lazyload\" data-src=\"http:\/\/caririemacao.com\/1\/wp-content\/uploads\/2017\/05\/4-2-300x200.jpg\" alt=\"4 (2)\" width=\"300\" height=\"200\" data-srcset=\"https:\/\/www.caririemacao.com\/1\/wp-content\/uploads\/2017\/05\/4-2-300x200.jpg 300w, https:\/\/www.caririemacao.com\/1\/wp-content\/uploads\/2017\/05\/4-2-768x512.jpg 768w, https:\/\/www.caririemacao.com\/1\/wp-content\/uploads\/2017\/05\/4-2.jpg 800w\" data-sizes=\"(max-width: 300px) 100vw, 300px\" src=\"data:image\/svg+xml;base64,PHN2ZyB3aWR0aD0iMSIgaGVpZ2h0PSIxIiB4bWxucz0iaHR0cDovL3d3dy53My5vcmcvMjAwMC9zdmciPjwvc3ZnPg==\" style=\"--smush-placeholder-width: 300px; --smush-placeholder-aspect-ratio: 300\/200;\" \/><\/a> <a href=\"http:\/\/caririemacao.com\/1\/wp-content\/uploads\/2017\/05\/3.jpg\"><img decoding=\"async\" class=\"alignnone size-medium wp-image-19068 lazyload\" data-src=\"http:\/\/caririemacao.com\/1\/wp-content\/uploads\/2017\/05\/3-300x200.jpg\" alt=\"3\" width=\"300\" height=\"200\" data-srcset=\"https:\/\/www.caririemacao.com\/1\/wp-content\/uploads\/2017\/05\/3-300x200.jpg 300w, https:\/\/www.caririemacao.com\/1\/wp-content\/uploads\/2017\/05\/3-768x512.jpg 768w, https:\/\/www.caririemacao.com\/1\/wp-content\/uploads\/2017\/05\/3.jpg 800w\" data-sizes=\"(max-width: 300px) 100vw, 300px\" src=\"data:image\/svg+xml;base64,PHN2ZyB3aWR0aD0iMSIgaGVpZ2h0PSIxIiB4bWxucz0iaHR0cDovL3d3dy53My5vcmcvMjAwMC9zdmciPjwvc3ZnPg==\" style=\"--smush-placeholder-width: 300px; --smush-placeholder-aspect-ratio: 300\/200;\" \/><\/a> <a href=\"http:\/\/caririemacao.com\/1\/wp-content\/uploads\/2017\/05\/2.jpg\"><img decoding=\"async\" class=\"alignnone size-medium wp-image-19067 lazyload\" data-src=\"http:\/\/caririemacao.com\/1\/wp-content\/uploads\/2017\/05\/2-300x200.jpg\" alt=\"2\" width=\"300\" height=\"200\" data-srcset=\"https:\/\/www.caririemacao.com\/1\/wp-content\/uploads\/2017\/05\/2-300x200.jpg 300w, https:\/\/www.caririemacao.com\/1\/wp-content\/uploads\/2017\/05\/2-768x512.jpg 768w, https:\/\/www.caririemacao.com\/1\/wp-content\/uploads\/2017\/05\/2.jpg 800w\" data-sizes=\"(max-width: 300px) 100vw, 300px\" src=\"data:image\/svg+xml;base64,PHN2ZyB3aWR0aD0iMSIgaGVpZ2h0PSIxIiB4bWxucz0iaHR0cDovL3d3dy53My5vcmcvMjAwMC9zdmciPjwvc3ZnPg==\" style=\"--smush-placeholder-width: 300px; --smush-placeholder-aspect-ratio: 300\/200;\" \/><\/a> <a href=\"http:\/\/caririemacao.com\/1\/wp-content\/uploads\/2017\/05\/1-1.jpg\"><img decoding=\"async\" class=\"alignnone size-medium wp-image-19066 lazyload\" data-src=\"http:\/\/caririemacao.com\/1\/wp-content\/uploads\/2017\/05\/1-1-300x200.jpg\" alt=\"1\" width=\"300\" height=\"200\" data-srcset=\"https:\/\/www.caririemacao.com\/1\/wp-content\/uploads\/2017\/05\/1-1-300x200.jpg 300w, https:\/\/www.caririemacao.com\/1\/wp-content\/uploads\/2017\/05\/1-1-768x512.jpg 768w, https:\/\/www.caririemacao.com\/1\/wp-content\/uploads\/2017\/05\/1-1.jpg 800w\" data-sizes=\"(max-width: 300px) 100vw, 300px\" src=\"data:image\/svg+xml;base64,PHN2ZyB3aWR0aD0iMSIgaGVpZ2h0PSIxIiB4bWxucz0iaHR0cDovL3d3dy53My5vcmcvMjAwMC9zdmciPjwvc3ZnPg==\" style=\"--smush-placeholder-width: 300px; --smush-placeholder-aspect-ratio: 300\/200;\" \/><\/a> <a href=\"http:\/\/caririemacao.com\/1\/wp-content\/uploads\/2017\/05\/DSC_0074-1.jpg\"><img decoding=\"async\" class=\"alignnone size-medium wp-image-19060 lazyload\" data-src=\"http:\/\/caririemacao.com\/1\/wp-content\/uploads\/2017\/05\/DSC_0074-1-300x200.jpg\" alt=\"DSC_0074\" width=\"300\" height=\"200\" data-srcset=\"https:\/\/www.caririemacao.com\/1\/wp-content\/uploads\/2017\/05\/DSC_0074-1-300x200.jpg 300w, https:\/\/www.caririemacao.com\/1\/wp-content\/uploads\/2017\/05\/DSC_0074-1-768x512.jpg 768w, https:\/\/www.caririemacao.com\/1\/wp-content\/uploads\/2017\/05\/DSC_0074-1.jpg 800w\" data-sizes=\"(max-width: 300px) 100vw, 300px\" src=\"data:image\/svg+xml;base64,PHN2ZyB3aWR0aD0iMSIgaGVpZ2h0PSIxIiB4bWxucz0iaHR0cDovL3d3dy53My5vcmcvMjAwMC9zdmciPjwvc3ZnPg==\" style=\"--smush-placeholder-width: 300px; --smush-placeholder-aspect-ratio: 300\/200;\" \/><\/a><\/p>\n<p><a href=\"https:\/\/www.facebook.com\/302749469861083\/photos\/?tab=album&amp;album_id=1012980265504663\"><strong>VEJA MAIS FOTOS DA FEIRA AGROECOL\u00d3GICA E CULTURAL<\/strong><\/a><\/p>\n<p><a href=\"https:\/\/www.facebook.com\/pg\/CaririEmAcao\/photos\/?tab=album&amp;album_id=1013519092117447\"><strong>VEJA MAIS FOTOS DA AMOSTRA DE CULTURA<\/strong><\/a><\/p>\n<p><strong>CARIRI EM A\u00c7\u00c3O<\/strong><\/p>\n<p>Leia mais not\u00edcias em\u00a0<a href=\"http:\/\/www.caririemacao.com\/\">caririemacao.com<\/a>, siga nossa p\u00e1gina no<a href=\"https:\/\/www.facebook.com\/CaririEmAcao\/\">\u00a0Facebook<\/a>\u00a0e\u00a0<a href=\"https:\/\/www.instagram.com\/cariri_em_acao\/?hl=pt-br\">Instagram<\/a>\u00a0veja nossas mat\u00e9rias e fotos. Voc\u00ea tamb\u00e9m pode enviar informa\u00e7\u00f5es \u00e0 Reda\u00e7\u00e3o do Portal Cariri em A\u00e7\u00e3o pelo Whatsapp (83) 9 9634.5791, (83) 9 9601-1162.<\/p>\n<p>&nbsp;<\/p>\n<p>&nbsp;<\/p>\n<p>&nbsp;<\/p>\n<p>&nbsp;<\/p>\n<p>&nbsp;<\/p>\n<p>&nbsp;<\/p>\n<p>&nbsp;<\/p>\n<p>&nbsp;<\/p>\n<p>&nbsp;<\/p>\n","protected":false},"excerpt":{"rendered":"<p>O munic\u00edpio de Cara\u00fabas, atrav\u00e9s da Prefeitura realizou durante esta semana, uma vasta programa\u00e7\u00e3o comemorativa aos 20 anos de emancipa\u00e7\u00e3o pol\u00edtica do munic\u00edpio. O m\u00e1ximo&hellip; <\/p>\n","protected":false},"author":2,"featured_media":19055,"comment_status":"closed","ping_status":"closed","sticky":false,"template":"","format":"standard","meta":{"sfsi_plus_gutenberg_text_before_share":"","sfsi_plus_gutenberg_show_text_before_share":"","sfsi_plus_gutenberg_icon_type":"","sfsi_plus_gutenberg_icon_alignemt":"","sfsi_plus_gutenburg_max_per_row":"","footnotes":""},"categories":[6],"tags":[],"class_list":["post-19044","post","type-post","status-publish","format-standard","has-post-thumbnail","hentry","category-cidades"],"_links":{"self":[{"href":"https:\/\/www.caririemacao.com\/1\/wp-json\/wp\/v2\/posts\/19044","targetHints":{"allow":["GET"]}}],"collection":[{"href":"https:\/\/www.caririemacao.com\/1\/wp-json\/wp\/v2\/posts"}],"about":[{"href":"https:\/\/www.caririemacao.com\/1\/wp-json\/wp\/v2\/types\/post"}],"author":[{"embeddable":true,"href":"https:\/\/www.caririemacao.com\/1\/wp-json\/wp\/v2\/users\/2"}],"replies":[{"embeddable":true,"href":"https:\/\/www.caririemacao.com\/1\/wp-json\/wp\/v2\/comments?post=19044"}],"version-history":[{"count":0,"href":"https:\/\/www.caririemacao.com\/1\/wp-json\/wp\/v2\/posts\/19044\/revisions"}],"wp:featuredmedia":[{"embeddable":true,"href":"https:\/\/www.caririemacao.com\/1\/wp-json\/wp\/v2\/media\/19055"}],"wp:attachment":[{"href":"https:\/\/www.caririemacao.com\/1\/wp-json\/wp\/v2\/media?parent=19044"}],"wp:term":[{"taxonomy":"category","embeddable":true,"href":"https:\/\/www.caririemacao.com\/1\/wp-json\/wp\/v2\/categories?post=19044"},{"taxonomy":"post_tag","embeddable":true,"href":"https:\/\/www.caririemacao.com\/1\/wp-json\/wp\/v2\/tags?post=19044"}],"curies":[{"name":"wp","href":"https:\/\/api.w.org\/{rel}","templated":true}]}}