{"id":19048,"date":"2017-05-06T15:44:07","date_gmt":"2017-05-06T18:44:07","guid":{"rendered":"http:\/\/caririemacao.com\/1\/?p=19048"},"modified":"2017-05-06T15:48:23","modified_gmt":"2017-05-06T18:48:23","slug":"tce-pb-alerta-prefeitos-para-gasto-em-festas-juninas-nao-comprometer-orcamento","status":"publish","type":"post","link":"https:\/\/www.caririemacao.com\/1\/2017\/05\/06\/tce-pb-alerta-prefeitos-para-gasto-em-festas-juninas-nao-comprometer-orcamento\/","title":{"rendered":"TCE-PB alerta prefeitos para gasto em festas juninas n\u00e3o comprometer or\u00e7amento"},"content":{"rendered":"<div class=\"mc-column mc-show-later\">O Tribunal de Contas do Estado est\u00e1 alertando as prefeituras municipais e gestores p\u00fablicos sobre os cuidados que devem ser observados ao promoverem festividades financiadas com recursos p\u00fablicos. O alerta, feito no Portal do Gestor, na manh\u00e3 desta sexta-feira (5), ocorre com a proximidade dos festejos juninos, segundo observou o presidente da Corte, conselheiro Andr\u00e9 Carlo Torres Pontes, ao lembrar as recomenda\u00e7\u00f5es que o TCE fez, no in\u00edcio do ano, por meio de of\u00edcio circular.<\/div>\n<div class=\"mc-column content-text active-extra-styles \" data-block-type=\"unstyled\" data-block-weight=\"49\">\n<p class=\"content-text__container \" data-track-category=\"Link no Texto\" data-track-links=\"\">As recomenda\u00e7\u00f5es tratam dos cuidados que devem ser observados para a promo\u00e7\u00e3o de eventos festivos, demonstrando adequa\u00e7\u00e3o ao cronograma mensal de desembolso, \u201cde sorte que n\u00e3o haja comprometimento das demais obriga\u00e7\u00f5es financeiras da edilidade, a exemplo de folha de pagamento, investimento em educa\u00e7\u00e3o e sa\u00fade, previd\u00eancia, fornecedores, dentre outras\u201d.<\/p>\n<\/div>\n<div class=\"mc-column content-text active-extra-styles \" data-block-type=\"unstyled\" data-block-weight=\"43\">\n<p class=\"content-text__container \" data-track-category=\"Link no Texto\" data-track-links=\"\">No documento, o TCE considera ser dever do gestor \u201cobservar os princ\u00edpios constitucionais que regem a Administra\u00e7\u00e3o P\u00fablica, com destaque para os da legalidade, impessoalidade, moralidade, economicidade, legitimidade e efici\u00eancia, evitando excesso de gastos com contrata\u00e7\u00f5es e assegurando o equil\u00edbrio das contas p\u00fablicas\u201d.<\/p>\n<\/div>\n<div class=\"mc-column content-text active-extra-styles \" data-block-type=\"unstyled\" data-block-weight=\"63\">\n<p class=\"content-text__container \" data-track-category=\"Link no Texto\" data-track-links=\"\">O presidente refor\u00e7ou, ainda, os alertas feitos pelo Tribunal de Contas aos prefeitos, no que diz respeito ao acompanhamento da gest\u00e3o. \u201cA Auditoria est\u00e1 acompanhando os quadros demonstrativos das despesas por meio dos balancetes mensais e portais da transpar\u00eancia, orientando para a manuten\u00e7\u00e3o do equil\u00edbrio das contas, raz\u00e3o pela qual o gestor deve ficar atento em rela\u00e7\u00e3o aos procedimentos adotados\u201d, disse Andr\u00e9 Carlo.<\/p>\n<p><strong>CARIRI EM A\u00c7\u00c3O<\/strong><\/p>\n<p><strong>Leia mais not\u00edcias em\u00a0<\/strong><a href=\"http:\/\/www.caririemacao.com\/\"><strong>caririemacao.com<\/strong><\/a><strong>, siga nossa p\u00e1gina no\u00a0<\/strong><a href=\"https:\/\/www.facebook.com\/CaririEmAcao\/?ref=aymt_homepage_panel\"><strong>Facebook<\/strong><\/a><strong>\u00a0e\u00a0<a href=\"https:\/\/www.instagram.com\/cariri_em_acao\/?hl=pt-br\">Instagram<\/a>\u00a0veja nossas mat\u00e9rias e fotos. Voc\u00ea tamb\u00e9m pode enviar informa\u00e7\u00f5es \u00e0 Reda\u00e7\u00e3o do Portal Cariri em A\u00e7\u00e3o pelo WhatsApp (83) 9 9634.5791, (83) 9 9601-1162.<\/strong><\/p>\n<\/div>\n","protected":false},"excerpt":{"rendered":"<p>O Tribunal de Contas do Estado est\u00e1 alertando as prefeituras municipais e gestores p\u00fablicos sobre os cuidados que devem ser observados ao promoverem festividades financiadas&hellip; <\/p>\n","protected":false},"author":2,"featured_media":19049,"comment_status":"closed","ping_status":"closed","sticky":false,"template":"","format":"standard","meta":{"sfsi_plus_gutenberg_text_before_share":"","sfsi_plus_gutenberg_show_text_before_share":"","sfsi_plus_gutenberg_icon_type":"","sfsi_plus_gutenberg_icon_alignemt":"","sfsi_plus_gutenburg_max_per_row":"","footnotes":""},"categories":[2],"tags":[],"class_list":["post-19048","post","type-post","status-publish","format-standard","has-post-thumbnail","hentry","category-geral"],"_links":{"self":[{"href":"https:\/\/www.caririemacao.com\/1\/wp-json\/wp\/v2\/posts\/19048","targetHints":{"allow":["GET"]}}],"collection":[{"href":"https:\/\/www.caririemacao.com\/1\/wp-json\/wp\/v2\/posts"}],"about":[{"href":"https:\/\/www.caririemacao.com\/1\/wp-json\/wp\/v2\/types\/post"}],"author":[{"embeddable":true,"href":"https:\/\/www.caririemacao.com\/1\/wp-json\/wp\/v2\/users\/2"}],"replies":[{"embeddable":true,"href":"https:\/\/www.caririemacao.com\/1\/wp-json\/wp\/v2\/comments?post=19048"}],"version-history":[{"count":0,"href":"https:\/\/www.caririemacao.com\/1\/wp-json\/wp\/v2\/posts\/19048\/revisions"}],"wp:featuredmedia":[{"embeddable":true,"href":"https:\/\/www.caririemacao.com\/1\/wp-json\/wp\/v2\/media\/19049"}],"wp:attachment":[{"href":"https:\/\/www.caririemacao.com\/1\/wp-json\/wp\/v2\/media?parent=19048"}],"wp:term":[{"taxonomy":"category","embeddable":true,"href":"https:\/\/www.caririemacao.com\/1\/wp-json\/wp\/v2\/categories?post=19048"},{"taxonomy":"post_tag","embeddable":true,"href":"https:\/\/www.caririemacao.com\/1\/wp-json\/wp\/v2\/tags?post=19048"}],"curies":[{"name":"wp","href":"https:\/\/api.w.org\/{rel}","templated":true}]}}