{"id":190570,"date":"2020-09-30T19:34:43","date_gmt":"2020-09-30T22:34:43","guid":{"rendered":"https:\/\/www.caririemacao.com\/1\/?p=190570"},"modified":"2020-09-30T19:34:45","modified_gmt":"2020-09-30T22:34:45","slug":"bolsonaro-visita-gilmar-mendes-e-apresenta-kassio-nunes-para-vaga-de-ministro-do-stf","status":"publish","type":"post","link":"https:\/\/www.caririemacao.com\/1\/2020\/09\/30\/bolsonaro-visita-gilmar-mendes-e-apresenta-kassio-nunes-para-vaga-de-ministro-do-stf\/","title":{"rendered":"Bolsonaro visita Gilmar Mendes e apresenta Kassio Nunes para vaga de ministro do STF"},"content":{"rendered":"\n<p class=\"wp-block-paragraph\">Ministros do\u00a0Supremo Tribunal Federal\u00a0(STF) ouvidos nesta quarta-feira (30) pelo blog receberam como uma boa surpresa a sinaliza\u00e7\u00e3o do presidente\u00a0Jair Bolsonaro\u00a0de que indicar\u00e1 o desembargador federal Kassio Nunes Marques para a Corte.<\/p>\n\n\n\n<p class=\"wp-block-paragraph\">Nas palavras de um ministro, Bolsonaro quis fazer um gesto especial ao Supremo ao consultar individualmente dois ex-presidentes do tribunal:\u00a0Gilmar Mendes\u00a0e\u00a0Dias Toffoli.<\/p>\n\n\n\n<p class=\"wp-block-paragraph\">Por volta das 18h desta ter\u00e7a-feira (29), o presidente do Senado,\u00a0Davi Alcolumbre, na presen\u00e7a de Bolsonaro, ligou para Gilmar Mendes.<\/p>\n\n\n\n<p class=\"wp-block-paragraph\">Para assumir uma vaga no STF, o candidato precisa ser sabatinado e ter o nome aprovado pelo\u00a0Senado.<\/p>\n\n\n\n<p class=\"wp-block-paragraph\">Segundo apurou o blog, Alcolumbre disse a Gilmar Mendes que Bolsonaro gostaria de conversar pessoalmente com o ministro e que o presidente se colocou \u00e0 disposi\u00e7\u00e3o para ir at\u00e9 a casa dele.<\/p>\n\n\n\n<p class=\"wp-block-paragraph\">Logo depois, acompanhado de Kassio Nunes, Bolsonaro chegou \u00e0 casa do ministro. Dias Toffoli tamb\u00e9m participou da conversa.<\/p>\n\n\n\n<p class=\"wp-block-paragraph\">Os ministros demonstraram ter sido positivamente surpreendidos, at\u00e9 porque, h\u00e1 pouco mais de um m\u00eas, j\u00e1 tinham conversado com o desembargador porque ele tamb\u00e9m estava entre os mais cotados para assumir uma vaga no\u00a0Superior Tribunal de Justi\u00e7a\u00a0(STJ).<\/p>\n\n\n\n<p class=\"wp-block-paragraph\">Ao blog, um ministro do STF lembrou que, al\u00e9m de Kassio Nunes ter experi\u00eancia na magistratura, \u00e9 natural de Teresina (PI).https:\/\/tpc.googlesyndication.com\/safeframe\/1-0-37\/html\/container.html<\/p>\n\n\n\n<p class=\"wp-block-paragraph\">Esse ministro lembrou que atualmente n\u00e3o h\u00e1 ningu\u00e9m nascido no Nordeste entre os membros do Supremo. O \u00faltimo integrante nascido na regi\u00e3o foi o ex-ministro Carlos Ayres Britto, natural de Propri\u00e1 (SE).<\/p>\n\n\n\n<p class=\"wp-block-paragraph\">Para ministros do STF, depois do gesto desta ter\u00e7a, ficou claro que o escolhido de Bolsonaro dever\u00e1 ser Kassio Nunes.<\/p>\n\n\n\n<p class=\"wp-block-paragraph\">COM G1<\/p>\n","protected":false},"excerpt":{"rendered":"<p>Ministros do\u00a0Supremo Tribunal Federal\u00a0(STF) ouvidos nesta quarta-feira (30) pelo blog receberam como uma boa surpresa a sinaliza\u00e7\u00e3o do presidente\u00a0Jair Bolsonaro\u00a0de que indicar\u00e1 o desembargador federal Kassio Nunes Marques para a Corte. Nas palavras de um ministro, Bolsonaro quis fazer um gesto especial ao Supremo ao consultar individualmente dois ex-presidentes do tribunal:\u00a0Gilmar Mendes\u00a0e\u00a0Dias Toffoli. Por volta das 18h desta ter\u00e7a-feira (29), o presidente do Senado,\u00a0Davi Alcolumbre, na presen\u00e7a de Bolsonaro, ligou para Gilmar Mendes. Para assumir uma vaga no STF, o candidato precisa ser sabatinado e ter o nome aprovado pelo\u00a0Senado. Segundo apurou o blog, Alcolumbre disse a Gilmar Mendes que Bolsonaro gostaria de conversar pessoalmente com o ministro e que o presidente se colocou \u00e0 disposi\u00e7\u00e3o para ir at\u00e9 a casa dele. Logo depois, acompanhado de Kassio Nunes, Bolsonaro chegou \u00e0 casa do ministro. Dias Toffoli tamb\u00e9m participou da conversa. Os ministros demonstraram ter sido positivamente surpreendidos, at\u00e9 porque, h\u00e1 pouco mais de um m\u00eas, j\u00e1 tinham conversado com o desembargador porque ele tamb\u00e9m estava entre os mais cotados para assumir uma vaga no\u00a0Superior Tribunal de Justi\u00e7a\u00a0(STJ). Ao blog, um ministro do STF lembrou que, al\u00e9m de Kassio Nunes ter experi\u00eancia na magistratura, \u00e9 natural de Teresina (PI).https:\/\/tpc.googlesyndication.com\/safeframe\/1-0-37\/html\/container.html Esse ministro lembrou que atualmente n\u00e3o h\u00e1 ningu\u00e9m nascido no Nordeste entre os membros do Supremo. O \u00faltimo integrante nascido na regi\u00e3o foi o ex-ministro Carlos Ayres Britto, natural de Propri\u00e1 (SE). Para ministros do STF, depois do gesto desta ter\u00e7a, ficou claro que o escolhido de Bolsonaro dever\u00e1 ser Kassio Nunes. COM G1<\/p>\n","protected":false},"author":6,"featured_media":189863,"comment_status":"closed","ping_status":"closed","sticky":false,"template":"","format":"standard","meta":{"sfsi_plus_gutenberg_text_before_share":"","sfsi_plus_gutenberg_show_text_before_share":"","sfsi_plus_gutenberg_icon_type":"","sfsi_plus_gutenberg_icon_alignemt":"","sfsi_plus_gutenburg_max_per_row":"","footnotes":""},"categories":[50,98],"tags":[],"class_list":["post-190570","post","type-post","status-publish","format-standard","has-post-thumbnail","hentry","category-destaque","category-presidente"],"_links":{"self":[{"href":"https:\/\/www.caririemacao.com\/1\/wp-json\/wp\/v2\/posts\/190570","targetHints":{"allow":["GET"]}}],"collection":[{"href":"https:\/\/www.caririemacao.com\/1\/wp-json\/wp\/v2\/posts"}],"about":[{"href":"https:\/\/www.caririemacao.com\/1\/wp-json\/wp\/v2\/types\/post"}],"author":[{"embeddable":true,"href":"https:\/\/www.caririemacao.com\/1\/wp-json\/wp\/v2\/users\/6"}],"replies":[{"embeddable":true,"href":"https:\/\/www.caririemacao.com\/1\/wp-json\/wp\/v2\/comments?post=190570"}],"version-history":[{"count":1,"href":"https:\/\/www.caririemacao.com\/1\/wp-json\/wp\/v2\/posts\/190570\/revisions"}],"predecessor-version":[{"id":190572,"href":"https:\/\/www.caririemacao.com\/1\/wp-json\/wp\/v2\/posts\/190570\/revisions\/190572"}],"wp:featuredmedia":[{"embeddable":true,"href":"https:\/\/www.caririemacao.com\/1\/wp-json\/wp\/v2\/media\/189863"}],"wp:attachment":[{"href":"https:\/\/www.caririemacao.com\/1\/wp-json\/wp\/v2\/media?parent=190570"}],"wp:term":[{"taxonomy":"category","embeddable":true,"href":"https:\/\/www.caririemacao.com\/1\/wp-json\/wp\/v2\/categories?post=190570"},{"taxonomy":"post_tag","embeddable":true,"href":"https:\/\/www.caririemacao.com\/1\/wp-json\/wp\/v2\/tags?post=190570"}],"curies":[{"name":"wp","href":"https:\/\/api.w.org\/{rel}","templated":true}]}}