{"id":190956,"date":"2020-10-05T06:58:09","date_gmt":"2020-10-05T09:58:09","guid":{"rendered":"https:\/\/www.caririemacao.com\/1\/?p=190956"},"modified":"2020-10-05T06:58:11","modified_gmt":"2020-10-05T09:58:11","slug":"vacinacao-contra-poliomielite-e-multivacinacao-comeca-nesta-segunda-feira-5-na-pb","status":"publish","type":"post","link":"https:\/\/www.caririemacao.com\/1\/2020\/10\/05\/vacinacao-contra-poliomielite-e-multivacinacao-comeca-nesta-segunda-feira-5-na-pb\/","title":{"rendered":"Vacina\u00e7\u00e3o contra poliomielite e multivacina\u00e7\u00e3o come\u00e7a nesta segunda-feira (5), na PB"},"content":{"rendered":"\n<p class=\"wp-block-paragraph\">Come\u00e7a nesta segunda-feira (5) a campanha de multivacina\u00e7\u00e3o para crian\u00e7as e adolescentes at\u00e9 15 anos e a Vacina\u00e7\u00e3o contra a Poliomielite para crian\u00e7as menores de cinco anos, em toda a Para\u00edba. Vacinas contra febre amarela tamb\u00e9m ser\u00e3o aplicadas em crian\u00e7as menores de cinco anos. O dia D de vacina\u00e7\u00e3o acontecer\u00e1 dia 17 de outubro e a\u00a0campanha acontece at\u00e9 dia 30 do mesmo m\u00eas.<\/p>\n\n\n\n<p class=\"wp-block-paragraph\">No dia D, todos os 1.523 postos do estado estar\u00e3o realizando vacina\u00e7\u00e3o para contemplar aqueles pais que n\u00e3o t\u00eam tempo de levar suas crian\u00e7as durante a semana.<\/p>\n\n\n\n<p class=\"wp-block-paragraph\">Na campanha, ser\u00e3o ofertadas todas as vacinas do calend\u00e1rio b\u00e1sico de vacina\u00e7\u00e3o da crian\u00e7a e do adolescente, para diminuir o risco de doen\u00e7as imunopreven\u00edveis e reduzir as taxas de cart\u00e3o vacinal incompleto.<\/p>\n\n\n\n<p class=\"wp-block-paragraph\">Para evitar os riscos de aglomera\u00e7\u00e3o e de contamina\u00e7\u00e3o por coronav\u00edrus, a orienta\u00e7\u00e3o da Secretaria de Estado da Sa\u00fade da Para\u00edba (SES) para os munic\u00edpios \u00e9 de realiza\u00e7\u00e3o da multivacina\u00e7\u00e3o por agendamento dos agentes comunit\u00e1rios de sa\u00fade de cada \u00e1rea.<\/p>\n\n\n\n<p class=\"wp-block-paragraph\">Em Jo\u00e3o Pessoa ser\u00e3o mais de 100 postos de vacina\u00e7\u00e3o, distribu\u00eddos nas unidades de sa\u00fade da fam\u00edlia (USF), nas policl\u00ednicas municipais, de segunda a sexta e no Centro Municipal de Imuniza\u00e7\u00f5es (CMI). Em Campina Grande tamb\u00e9m ser\u00e3o mais de 100 postos de vacina\u00e7\u00e3o em unidades b\u00e1sicas de sa\u00fade, centros de sa\u00fade e policl\u00ednicas municipais.<\/p>\n\n\n\n<p class=\"wp-block-paragraph\">A meta da Campanha Nacional de Vacina\u00e7\u00e3o contra Poliomielite \u00e9 vacinar 95% do grupo alvo de forma indiscriminada. J\u00e1 para a multivacina\u00e7\u00e3o, o objetivo \u00e9 atualizar o esquema vacinal das crian\u00e7as e adolescentes menores de 15 anos, de acordo com as recomenda\u00e7\u00f5es.<\/p>\n\n\n\n<p class=\"wp-block-paragraph\">com g1 pb<\/p>\n","protected":false},"excerpt":{"rendered":"<p>Come\u00e7a nesta segunda-feira (5) a campanha de multivacina\u00e7\u00e3o para crian\u00e7as e adolescentes at\u00e9 15 anos e a Vacina\u00e7\u00e3o contra a Poliomielite para crian\u00e7as menores de cinco anos, em toda a Para\u00edba. Vacinas contra febre amarela tamb\u00e9m ser\u00e3o aplicadas em crian\u00e7as menores de cinco anos. O dia D de vacina\u00e7\u00e3o acontecer\u00e1 dia 17 de outubro e a\u00a0campanha acontece at\u00e9 dia 30 do mesmo m\u00eas. No dia D, todos os 1.523 postos do estado estar\u00e3o realizando vacina\u00e7\u00e3o para contemplar aqueles pais que n\u00e3o t\u00eam tempo de levar suas crian\u00e7as durante a semana. Na campanha, ser\u00e3o ofertadas todas as vacinas do calend\u00e1rio b\u00e1sico de vacina\u00e7\u00e3o da crian\u00e7a e do adolescente, para diminuir o risco de doen\u00e7as imunopreven\u00edveis e reduzir as taxas de cart\u00e3o vacinal incompleto. Para evitar os riscos de aglomera\u00e7\u00e3o e de contamina\u00e7\u00e3o por coronav\u00edrus, a orienta\u00e7\u00e3o da Secretaria de Estado da Sa\u00fade da Para\u00edba (SES) para os munic\u00edpios \u00e9 de realiza\u00e7\u00e3o da multivacina\u00e7\u00e3o por agendamento dos agentes comunit\u00e1rios de sa\u00fade de cada \u00e1rea. Em Jo\u00e3o Pessoa ser\u00e3o mais de 100 postos de vacina\u00e7\u00e3o, distribu\u00eddos nas unidades de sa\u00fade da fam\u00edlia (USF), nas policl\u00ednicas municipais, de segunda a sexta e no Centro Municipal de Imuniza\u00e7\u00f5es (CMI). Em Campina Grande tamb\u00e9m ser\u00e3o mais de 100 postos de vacina\u00e7\u00e3o em unidades b\u00e1sicas de sa\u00fade, centros de sa\u00fade e policl\u00ednicas municipais. A meta da Campanha Nacional de Vacina\u00e7\u00e3o contra Poliomielite \u00e9 vacinar 95% do grupo alvo de forma indiscriminada. J\u00e1 para a multivacina\u00e7\u00e3o, o objetivo \u00e9 atualizar o esquema vacinal das crian\u00e7as e adolescentes menores de 15 anos, de acordo com as recomenda\u00e7\u00f5es. com g1 pb<\/p>\n","protected":false},"author":6,"featured_media":190957,"comment_status":"closed","ping_status":"closed","sticky":false,"template":"","format":"standard","meta":{"sfsi_plus_gutenberg_text_before_share":"","sfsi_plus_gutenberg_show_text_before_share":"","sfsi_plus_gutenberg_icon_type":"","sfsi_plus_gutenberg_icon_alignemt":"","sfsi_plus_gutenburg_max_per_row":"","footnotes":""},"categories":[50,16],"tags":[],"class_list":["post-190956","post","type-post","status-publish","format-standard","has-post-thumbnail","hentry","category-destaque","category-saude"],"_links":{"self":[{"href":"https:\/\/www.caririemacao.com\/1\/wp-json\/wp\/v2\/posts\/190956","targetHints":{"allow":["GET"]}}],"collection":[{"href":"https:\/\/www.caririemacao.com\/1\/wp-json\/wp\/v2\/posts"}],"about":[{"href":"https:\/\/www.caririemacao.com\/1\/wp-json\/wp\/v2\/types\/post"}],"author":[{"embeddable":true,"href":"https:\/\/www.caririemacao.com\/1\/wp-json\/wp\/v2\/users\/6"}],"replies":[{"embeddable":true,"href":"https:\/\/www.caririemacao.com\/1\/wp-json\/wp\/v2\/comments?post=190956"}],"version-history":[{"count":1,"href":"https:\/\/www.caririemacao.com\/1\/wp-json\/wp\/v2\/posts\/190956\/revisions"}],"predecessor-version":[{"id":190958,"href":"https:\/\/www.caririemacao.com\/1\/wp-json\/wp\/v2\/posts\/190956\/revisions\/190958"}],"wp:featuredmedia":[{"embeddable":true,"href":"https:\/\/www.caririemacao.com\/1\/wp-json\/wp\/v2\/media\/190957"}],"wp:attachment":[{"href":"https:\/\/www.caririemacao.com\/1\/wp-json\/wp\/v2\/media?parent=190956"}],"wp:term":[{"taxonomy":"category","embeddable":true,"href":"https:\/\/www.caririemacao.com\/1\/wp-json\/wp\/v2\/categories?post=190956"},{"taxonomy":"post_tag","embeddable":true,"href":"https:\/\/www.caririemacao.com\/1\/wp-json\/wp\/v2\/tags?post=190956"}],"curies":[{"name":"wp","href":"https:\/\/api.w.org\/{rel}","templated":true}]}}