{"id":19117,"date":"2017-05-07T12:19:44","date_gmt":"2017-05-07T15:19:44","guid":{"rendered":"http:\/\/caririemacao.com\/1\/?p=19117"},"modified":"2017-05-07T16:30:52","modified_gmt":"2017-05-07T19:30:52","slug":"franca-escolhe-seu-novo-presidente-neste-domingo-macron-e-le-pen-ja-votaram","status":"publish","type":"post","link":"https:\/\/www.caririemacao.com\/1\/2017\/05\/07\/franca-escolhe-seu-novo-presidente-neste-domingo-macron-e-le-pen-ja-votaram\/","title":{"rendered":"Fran\u00e7a escolhe seu novo presidente neste domingo; Macron e Le Pen j\u00e1 votaram"},"content":{"rendered":"<p>Duas semanas depois de um primeiro turno acirrado, os franceses voltam \u00e0s urnas neste domingo (7) para escolher seu pr\u00f3ximo presidente.\u00a0As urnas foram abertas \u00e0s 8h locais (3h, pelo hor\u00e1rio de Bras\u00edlia) e fecham \u00e0s 19h (14h de Bras\u00edlia) na maioria das cidades e \u00e0s 20h (15h em Bras\u00edlia) em grandes cidades como Paris, Lyon e Marseille.<\/p>\n<p class=\" \">A vota\u00e7\u00e3o se desenha tranquila para o centrista Emmanuel Macron, do movimento Em Marcha!. Nos 14 dias de intervalo entre o primeiro e o segundo turnos, o ex-ministro das Finan\u00e7as manteve uma vantagem de pelo menos 20 pontos sobre sua advers\u00e1ria, a ultranacionalista Marine Le Pen, da Frente Nacional.\u00a0 <span style=\"font-size: 18px;\">Al\u00e9m disso, seu desempenho contundente no debate da \u00faltima quarta parece ter consolidado seu favoritismo nas elei\u00e7\u00f5es da Fran\u00e7a .<\/span><\/p>\n<p class=\" \">Para empreender uma virada que seria hist\u00f3rica, Le Pen aposta na fidelidade de seu eleitorado, muito mais mobilizado que o de Macron, e em uma absten\u00e7\u00e3o elevada &#8211; no primeiro turno, o \u00edndice de comparecimento foi de 77,77%, n\u00famero que tende a cair neste domingo, j\u00e1 que sobraram apenas dois candidatos. No total, 47 milh\u00f5es de pessoas est\u00e3o aptas a votar.<\/p>\n<p class=\" \">O atual presidente da Fran\u00e7a, Fra\u00e7ois Hollande j\u00e1 votou. Ele escolheu seu sucessor em Tulle, regi\u00e3o central do pa\u00eds.\u00a0O candidato Emmanuel Macron votou em Le Touquet, no norte da Fran\u00e7a, praticamente no mesmo momento em que a\u00a0candidata Marine Le Pen votou em H\u00e9nin-Beaumont, ao norte da Fran\u00e7a, reduto do partido Frente Nacional, por volta das 7h.<\/p>\n<p class=\" \"><strong>MacronLeaks<\/strong><\/p>\n<p>Al\u00e9m disso, ainda n\u00e3o se sabe quais ser\u00e3o os efeitos do vazamento de milhares de documentos da campanha do centrista, revelado na sexta-feira passada (5), \u00faltimo dia da campanha eleitoral. O caso j\u00e1 foi apelidado de &#8220;MacronLeaks&#8221; e, segundo a equipe do ex-ministro, teve como \u00fanico objetivo prejudic\u00e1-lo.<\/p>\n<p>Seriam ao todo nove gigabytes de arquivos relacionados \u00e0 candidatura de Macron, incluindo emails e recibos. Neste s\u00e1bado (6), a comiss\u00e3o eleitoral da Fran\u00e7a lan\u00e7ou um apelo para a imprensa e os cidad\u00e3os n\u00e3o divulgarem o conte\u00fado vazado, salientando que a difus\u00e3o de tais documentos, &#8220;obtidos de modo fraudulento&#8221;, pode ter &#8220;consequ\u00eancias penais&#8221;.<\/p>\n<p><strong>Seguran\u00e7a<\/strong><\/p>\n<p>A den\u00fancia feita pela campanha de Macron acabou encobrindo as amea\u00e7as do grupo terrorista Estado Isl\u00e2mico (EI), que pouco antes havia instado seus simpatizantes a cometerem atentados nas elei\u00e7\u00f5es de domingo. Assim como em 23 de abril, quando foram mobilizados 50 mil agentes, o segundo turno transcorre sob forte esquema de seguran\u00e7a.<\/p>\n<p>O temor de novos ataques no pa\u00eds aumentou tr\u00eas dias antes do primeiro turno, quando um suposto jihadista matou um policial na avenida Champs-\u00c9lys\u00e9es, s\u00edmbolo de Paris, em uma a\u00e7\u00e3o reivindicada pelo EI. O terrorismo foi um dos principais temas da campanha, j\u00e1 que a Fran\u00e7a \u00e9 a na\u00e7\u00e3o europeia mais atingida pelo extremismo isl\u00e2mico.<\/p>\n<p><strong>A disputa<\/strong><\/p>\n<p>Dissidente socialista, Macron foi ministro das Finan\u00e7as do presidente Fran\u00e7ois Hollande entre 2014 e 2016, mas rompeu com o governo por discordar dos &#8220;dogmas da esquerda&#8221; e para lan\u00e7ar sua corrida ao Pal\u00e1cio do Eliseu.<\/p>\n<p>Ele se apresenta como uma esp\u00e9cie de terceira via liberal e europe\u00edsta e conseguiu cativar o eleitorado com um discurso carism\u00e1tico, lembrando as ascens\u00f5es de Tony Blair, no Reino Unido, e Matteo Renzi, na It\u00e1lia.<\/p>\n<p>Aos 39 anos, Macron pleiteia se tornar o mais jovem presidente da hist\u00f3ria da Fran\u00e7a e j\u00e1 foi chamado por seus advers\u00e1rios de &#8220;Justin Bieber&#8221; e &#8220;Beppe Grillo vestido de Giorgio Armani&#8221;, em refer\u00eancia ao l\u00edder antissistema italiano.<\/p>\n<p>Com um movimento criado h\u00e1 apenas um ano, o Em Marcha!, ele assumiu a lideran\u00e7a nas pesquisas gra\u00e7as \u00e0 derrocada do Partido Socialista e aos problemas judiciais do conservador Fran\u00e7ois Fillon, arrancando votos nas duas frentes.<\/p>\n<p>Mais experiente, Le Pen, 48 anos, tamb\u00e9m encampa o discurso contra o establishment e os partidos tradicionais, apesar de pertencer a uma legenda existente desde 1972. Seu pai, Jean-Marie Le Pen, chegou a disputar o segundo turno em 2002, mas foi massacrado por Jacques Chirac (82% a 18%) e, anos mais tarde, abriria espa\u00e7o para sua filha.<\/p>\n<p>Os dois romperam politicamente em 2015, em meio \u00e0 tentativa da candidata de modernizar a imagem da FN e se afastar do discurso antissemita e negacionista de seu genitor. A ultranacionalista tem como principais propostas retirar o pa\u00eds da zona do euro, retornando ao franco, e convocar um referendo sobre a presen\u00e7a do pa\u00eds na Uni\u00e3o Europeia.<\/p>\n<p>Seu programa econ\u00f4mico \u00e9 intervencionista e prev\u00ea aumento de impostos sobre a contrata\u00e7\u00e3o de estrangeiros, al\u00e9m da retomada do controle sobre as fronteiras francesas. Le Pen ainda quer bloquear totalmente a imigra\u00e7\u00e3o clandestina e limitar a entrada de imigrantes legais em 10 mil por ano.<\/p>\n<p>Se ela vencer, se tornar\u00e1 a primeira mulher presidente o pa\u00eds. Em um continente onde a tradi\u00e7\u00e3o dominante \u00e9 a do parlamentarismo, o pa\u00eds adota um sistema pol\u00edtico um pouco diferente, um semipresidencialismo que d\u00e1 amplas atribui\u00e7\u00f5es ao chefe de Estado, mas mant\u00e9m a figura do primeiro-ministro para lidar com o dia a dia do governo.<\/p>\n<p>O mandato \u00e9 de cinco anos, por\u00e9m o novo presidente da Fran\u00e7a ter\u00e1 de esperar at\u00e9 junho, quando ser\u00e3o realizadas as elei\u00e7\u00f5es legislativas, para saber se ter\u00e1 maioria no Parlamento. Formar um governo exigir\u00e1 habilidade tanto de Macron, que representa um movimento novato, quanto de Le Pen, que ter\u00e1 dificuldades para emplacar muitos deputados no sistema distrital, majorit\u00e1rio e em dois turnos usado para eleger a Assembleia Nacional.<\/p>\n<p><strong>CARIRI EM A\u00c7\u00c3O<\/strong><\/p>\n<p>Com Ag\u00eancia Ansa\/Foto: Reprodu\u00e7\u00e3o<\/p>\n<p><strong>Leia mais not\u00edcias em\u00a0<\/strong><a href=\"http:\/\/www.caririemacao.com\/\"><strong>caririemacao.com<\/strong><\/a><strong>, siga nossa p\u00e1gina no\u00a0<\/strong><a href=\"https:\/\/www.facebook.com\/CaririEmAcao\/?ref=aymt_homepage_panel\"><strong>Facebook<\/strong><\/a><strong>\u00a0e\u00a0<a href=\"https:\/\/www.instagram.com\/cariri_em_acao\/?hl=pt-br\">Instagram<\/a>\u00a0veja nossas mat\u00e9rias e fotos. Voc\u00ea tamb\u00e9m pode enviar informa\u00e7\u00f5es \u00e0 Reda\u00e7\u00e3o do Portal Cariri em A\u00e7\u00e3o pelo WhatsApp (83) 9 9634.5791, (83) 9 9601-1162.<\/strong><\/p>\n<p>&nbsp;<\/p>\n","protected":false},"excerpt":{"rendered":"<p>Duas semanas depois de um primeiro turno acirrado, os franceses voltam \u00e0s urnas neste domingo (7) para escolher seu pr\u00f3ximo presidente.\u00a0As urnas foram abertas \u00e0s&hellip; <\/p>\n","protected":false},"author":2,"featured_media":19118,"comment_status":"closed","ping_status":"closed","sticky":false,"template":"","format":"standard","meta":{"sfsi_plus_gutenberg_text_before_share":"","sfsi_plus_gutenberg_show_text_before_share":"","sfsi_plus_gutenberg_icon_type":"","sfsi_plus_gutenberg_icon_alignemt":"","sfsi_plus_gutenburg_max_per_row":"","footnotes":""},"categories":[11],"tags":[],"class_list":["post-19117","post","type-post","status-publish","format-standard","has-post-thumbnail","hentry","category-politica"],"_links":{"self":[{"href":"https:\/\/www.caririemacao.com\/1\/wp-json\/wp\/v2\/posts\/19117","targetHints":{"allow":["GET"]}}],"collection":[{"href":"https:\/\/www.caririemacao.com\/1\/wp-json\/wp\/v2\/posts"}],"about":[{"href":"https:\/\/www.caririemacao.com\/1\/wp-json\/wp\/v2\/types\/post"}],"author":[{"embeddable":true,"href":"https:\/\/www.caririemacao.com\/1\/wp-json\/wp\/v2\/users\/2"}],"replies":[{"embeddable":true,"href":"https:\/\/www.caririemacao.com\/1\/wp-json\/wp\/v2\/comments?post=19117"}],"version-history":[{"count":0,"href":"https:\/\/www.caririemacao.com\/1\/wp-json\/wp\/v2\/posts\/19117\/revisions"}],"wp:featuredmedia":[{"embeddable":true,"href":"https:\/\/www.caririemacao.com\/1\/wp-json\/wp\/v2\/media\/19118"}],"wp:attachment":[{"href":"https:\/\/www.caririemacao.com\/1\/wp-json\/wp\/v2\/media?parent=19117"}],"wp:term":[{"taxonomy":"category","embeddable":true,"href":"https:\/\/www.caririemacao.com\/1\/wp-json\/wp\/v2\/categories?post=19117"},{"taxonomy":"post_tag","embeddable":true,"href":"https:\/\/www.caririemacao.com\/1\/wp-json\/wp\/v2\/tags?post=19117"}],"curies":[{"name":"wp","href":"https:\/\/api.w.org\/{rel}","templated":true}]}}