{"id":191426,"date":"2020-10-08T13:54:28","date_gmt":"2020-10-08T16:54:28","guid":{"rendered":"https:\/\/www.caririemacao.com\/1\/?p=191426"},"modified":"2020-10-08T13:54:30","modified_gmt":"2020-10-08T16:54:30","slug":"fala-de-bolsonaro-sobre-lava-jato-faz-parte-de-operacao-para-apagar-moro-para-2022","status":"publish","type":"post","link":"https:\/\/www.caririemacao.com\/1\/2020\/10\/08\/fala-de-bolsonaro-sobre-lava-jato-faz-parte-de-operacao-para-apagar-moro-para-2022\/","title":{"rendered":"Fala de Bolsonaro sobre Lava Jato faz parte de opera\u00e7\u00e3o para &#8216;apagar&#8217; Moro para 2022"},"content":{"rendered":"\n<p class=\"wp-block-paragraph\">Parlamentares de diferentes partidos ouvidos pelo blog enxergam a fala do presidente\u00a0Jair Bolsonaro\u00a0sobre a Lava Jato como uma opera\u00e7\u00e3o para, entre outros objetivos, \u201capagar\u201d a imagem do ex-ministro\u00a0Sergio Moro\u00a0para a elei\u00e7\u00e3o de 2022. Durante pronunciamento no Pal\u00e1cio do Planalto, nesta quarta-feira (7) o\u00a0presidente afirmou que &#8220;acabou&#8221; com a Lava Jato porque, no governo atual, n\u00e3o h\u00e1 corrup\u00e7\u00e3o a ser investigada.<\/p>\n\n\n\n<p class=\"wp-block-paragraph\">Moro, ainda dentro do governo, virou alvo do presidente e de seus filhos, uma vez que a fam\u00edlia Bolsonaro acreditava que o ex-ministro da Justi\u00e7a estava de olho na elei\u00e7\u00e3o presidencial.<\/p>\n\n\n\n<p class=\"wp-block-paragraph\">Come\u00e7ou ali, ent\u00e3o, um processo de fritura do ent\u00e3o ministro \u2014 que repetia n\u00e3o ter pretens\u00f5es eleitorais. Fora do cargo, Moro n\u00e3o convenceu o governo de que est\u00e1 fora da sucess\u00e3o presidencial. Por isso, o ex-juiz e seu legado continuam na mira do Planalto.<\/p>\n\n\n\n<p class=\"wp-block-paragraph\">Senadores e deputados ouvidos pelo blog acreditam que parte da estrat\u00e9gia do governo em \u201cminar\u201d a Lava Jato tenha como pano de fundo uma opera\u00e7\u00e3o para esvaziar a candidatura de Moro. Nas palavras de um cacique do Congresso, o imagin\u00e1rio popular a respeito do ex-juiz tem rela\u00e7\u00e3o com a \u201cfor\u00e7a da caneta\u201d que ele tinha na Lava Jato: \u201cSe Bolsonaro bate na tecla de que acabou a opera\u00e7\u00e3o, tenta apagar o seu maior s\u00edmbolo, trabalha para refor\u00e7ar isso na cabe\u00e7a da popula\u00e7\u00e3o\u201d.<\/p>\n\n\n\n<p class=\"wp-block-paragraph\">O sonho do Planalto \u00e9 a reprodu\u00e7\u00e3o de uma polariza\u00e7\u00e3o entre PT e Bolsonaro \u2014 e Moro, se candidato, atrapalha os planos, pois racha a base bolsonarista.<\/p>\n\n\n\n<p class=\"wp-block-paragraph\">Essa \u00e9 apenas uma das avalia\u00e7\u00f5es feitas sobre a frase de Bolsonaro ontem. Apesar da estrat\u00e9gia de Bolsonaro, analistas acreditam que a fala do presidente pode ter efeito colateral reverso. Ao inv\u00e9s de \u201capagar\u201d o ex-juiz, acabe oferecendo uma bandeira para Moro.<\/p>\n\n\n\n<figure class=\"wp-block-image\"><img decoding=\"async\" src=\"https:\/\/s04.video.glbimg.com\/x240\/8922171.jpg\" alt=\"\u2018Eu acabei com a Lava Jato porque n\u00e3o tem mais corrup\u00e7\u00e3o no governo\u2019, diz Bolsonaro\" title=\"\u2018Eu acabei com a Lava Jato porque n\u00e3o tem mais corrup\u00e7\u00e3o no governo\u2019, diz Bolsonaro\"\/><\/figure>\n\n\n\n<p class=\"wp-block-paragraph\">\u2018Eu acabei com a Lava Jato porque n\u00e3o tem mais corrup\u00e7\u00e3o no governo\u2019, diz Bolsonaro<\/p>\n\n\n\n<p class=\"wp-block-paragraph\">Como caciques do Centr\u00e3o gostam de repetir, Bolsonaro pode deixar como legado o \u201cdesmonte de opera\u00e7\u00f5es\u201d que prejudicam pol\u00edticos, uma vez que investigadores cometeriam \u201cexcessos\u201d. At\u00e9 ministros da ala militar do governo, sempre defensores da Lava Jato, agora j\u00e1 passaram a dizer que reconhecem o legado da opera\u00e7\u00e3o \u2014 mas que houve, sim, excessos.<\/p>\n\n\n\n<p class=\"wp-block-paragraph\">Ou seja: o governo que fez campanha com um candidato que tentou se identificar com o combate \u00e0 corrup\u00e7\u00e3o e com a defesa total da Lava Jato, adota, agora, um discurso de questionamentos a respeito de seus m\u00e9todos \u2014 na mesma linha do que fizeram a oposi\u00e7\u00e3o e pol\u00edticos tradicionais quando Lula passou a ser alvo da opera\u00e7\u00e3o.<\/p>\n\n\n\n<p class=\"wp-block-paragraph\">Para investigadores ouvidos pelo blog, h\u00e1 uma tentativa de nomear e indicar aliados e personagens alinhados ao governo Bolsonaro para postos-chave com o objetivo de controlar apura\u00e7\u00f5es que possam prejudicar familiares e amigos do presidente \u2014 na linha do que Bolsonaro, segundo acusou Moro, reclamou na reuni\u00e3o ministerial do dia 22 de abril.<\/p>\n\n\n\n<p class=\"wp-block-paragraph\">Nas palavras de um ex-investigador da Lava Jato ouvido pelo blog, est\u00e1 em curso uma nova bandeira de expoentes da classe pol\u00edtica nos bastidores: \u201cSem investiga\u00e7\u00e3o, n\u00e3o h\u00e1 corrup\u00e7\u00e3o\u201d.<\/p>\n\n\n\n<p class=\"wp-block-paragraph\">A mudan\u00e7a no comportamento do presidente no discurso de apoio \u00e0 Lava Jato e na aproxima\u00e7\u00e3o com o Centr\u00e3o \u2014 que desagrada \u00e0 sua base ideol\u00f3gica \u2014 coincide com o avan\u00e7o de investiga\u00e7\u00f5es no STF que podem atingir familiares do presidente. Ou seja: foi um movimento de busca de apoio em troca de sobreviv\u00eancia pol\u00edtica.<\/p>\n\n\n\n<p class=\"wp-block-paragraph\">Um l\u00edder do MDB, que acompanha e participa da cena pol\u00edtica h\u00e1 d\u00e9cadas, explica por que, para ele, Bolsonaro recorreu \u00e0 velha pol\u00edtica no auge da crise do governo: \u201cN\u00f3s, do Centr\u00e3o, podemos at\u00e9 estar no Titanic que vai afundar. Mas a gente sabe nadar\u201d.<\/p>\n\n\n\n<p class=\"wp-block-paragraph\">G1<\/p>\n","protected":false},"excerpt":{"rendered":"<p>Parlamentares de diferentes partidos ouvidos pelo blog enxergam a fala do presidente\u00a0Jair Bolsonaro\u00a0sobre a Lava Jato como uma opera\u00e7\u00e3o para, entre outros objetivos, \u201capagar\u201d a imagem do ex-ministro\u00a0Sergio Moro\u00a0para a elei\u00e7\u00e3o de 2022. Durante pronunciamento no Pal\u00e1cio do Planalto, nesta quarta-feira (7) o\u00a0presidente afirmou que &#8220;acabou&#8221; com a Lava Jato porque, no governo atual, n\u00e3o h\u00e1 corrup\u00e7\u00e3o a ser investigada. Moro, ainda dentro do governo, virou alvo do presidente e de seus filhos, uma vez que a fam\u00edlia Bolsonaro acreditava que o ex-ministro da Justi\u00e7a estava de olho na elei\u00e7\u00e3o presidencial. Come\u00e7ou ali, ent\u00e3o, um processo de fritura do ent\u00e3o ministro \u2014 que repetia n\u00e3o ter pretens\u00f5es eleitorais. Fora do cargo, Moro n\u00e3o convenceu o governo de que est\u00e1 fora da sucess\u00e3o presidencial. Por isso, o ex-juiz e seu legado continuam na mira do Planalto. Senadores e deputados ouvidos pelo blog acreditam que parte da estrat\u00e9gia do governo em \u201cminar\u201d a Lava Jato tenha como pano de fundo uma opera\u00e7\u00e3o para esvaziar a candidatura de Moro. Nas palavras de um cacique do Congresso, o imagin\u00e1rio popular a respeito do ex-juiz tem rela\u00e7\u00e3o com a \u201cfor\u00e7a da caneta\u201d que ele tinha na Lava Jato: \u201cSe Bolsonaro bate na tecla de que acabou a opera\u00e7\u00e3o, tenta apagar o seu maior s\u00edmbolo, trabalha para refor\u00e7ar isso na cabe\u00e7a da popula\u00e7\u00e3o\u201d. O sonho do Planalto \u00e9 a reprodu\u00e7\u00e3o de uma polariza\u00e7\u00e3o entre PT e Bolsonaro \u2014 e Moro, se candidato, atrapalha os planos, pois racha a base bolsonarista. Essa \u00e9 apenas uma das avalia\u00e7\u00f5es feitas sobre a frase de Bolsonaro ontem. Apesar da estrat\u00e9gia de Bolsonaro, analistas acreditam que a fala do presidente pode ter efeito colateral reverso. Ao inv\u00e9s de \u201capagar\u201d o ex-juiz, acabe oferecendo uma bandeira para Moro. \u2018Eu acabei com a Lava Jato porque n\u00e3o tem mais corrup\u00e7\u00e3o no governo\u2019, diz Bolsonaro Como caciques do Centr\u00e3o gostam de repetir, Bolsonaro pode deixar como legado o \u201cdesmonte de opera\u00e7\u00f5es\u201d que prejudicam pol\u00edticos, uma vez que investigadores cometeriam \u201cexcessos\u201d. At\u00e9 ministros da ala militar do governo, sempre defensores da Lava Jato, agora j\u00e1 passaram a dizer que reconhecem o legado da opera\u00e7\u00e3o \u2014 mas que houve, sim, excessos. Ou seja: o governo que fez campanha com um candidato que tentou se identificar com o combate \u00e0 corrup\u00e7\u00e3o e com a defesa total da Lava Jato, adota, agora, um discurso de questionamentos a respeito de seus m\u00e9todos \u2014 na mesma linha do que fizeram a oposi\u00e7\u00e3o e pol\u00edticos tradicionais quando Lula passou a ser alvo da opera\u00e7\u00e3o. Para investigadores ouvidos pelo blog, h\u00e1 uma tentativa de nomear e indicar aliados e personagens alinhados ao governo Bolsonaro para postos-chave com o objetivo de controlar apura\u00e7\u00f5es que possam prejudicar familiares e amigos do presidente \u2014 na linha do que Bolsonaro, segundo acusou Moro, reclamou na reuni\u00e3o ministerial do dia 22 de abril. Nas palavras de um ex-investigador da Lava Jato ouvido pelo blog, est\u00e1 em curso uma nova bandeira de expoentes da classe pol\u00edtica nos bastidores: \u201cSem investiga\u00e7\u00e3o, n\u00e3o h\u00e1 corrup\u00e7\u00e3o\u201d. A mudan\u00e7a no comportamento do presidente no discurso de apoio \u00e0 Lava Jato e na aproxima\u00e7\u00e3o com o Centr\u00e3o \u2014 que desagrada \u00e0 sua base ideol\u00f3gica \u2014 coincide com o avan\u00e7o de investiga\u00e7\u00f5es no STF que podem atingir familiares do presidente. Ou seja: foi um movimento de busca de apoio em troca de sobreviv\u00eancia pol\u00edtica. Um l\u00edder do MDB, que acompanha e participa da cena pol\u00edtica h\u00e1 d\u00e9cadas, explica por que, para ele, Bolsonaro recorreu \u00e0 velha pol\u00edtica no auge da crise do governo: \u201cN\u00f3s, do Centr\u00e3o, podemos at\u00e9 estar no Titanic que vai afundar. Mas a gente sabe nadar\u201d. G1<\/p>\n","protected":false},"author":6,"featured_media":191427,"comment_status":"closed","ping_status":"closed","sticky":false,"template":"","format":"standard","meta":{"sfsi_plus_gutenberg_text_before_share":"","sfsi_plus_gutenberg_show_text_before_share":"","sfsi_plus_gutenberg_icon_type":"","sfsi_plus_gutenberg_icon_alignemt":"","sfsi_plus_gutenburg_max_per_row":"","footnotes":""},"categories":[50,98],"tags":[],"class_list":["post-191426","post","type-post","status-publish","format-standard","has-post-thumbnail","hentry","category-destaque","category-presidente"],"_links":{"self":[{"href":"https:\/\/www.caririemacao.com\/1\/wp-json\/wp\/v2\/posts\/191426","targetHints":{"allow":["GET"]}}],"collection":[{"href":"https:\/\/www.caririemacao.com\/1\/wp-json\/wp\/v2\/posts"}],"about":[{"href":"https:\/\/www.caririemacao.com\/1\/wp-json\/wp\/v2\/types\/post"}],"author":[{"embeddable":true,"href":"https:\/\/www.caririemacao.com\/1\/wp-json\/wp\/v2\/users\/6"}],"replies":[{"embeddable":true,"href":"https:\/\/www.caririemacao.com\/1\/wp-json\/wp\/v2\/comments?post=191426"}],"version-history":[{"count":1,"href":"https:\/\/www.caririemacao.com\/1\/wp-json\/wp\/v2\/posts\/191426\/revisions"}],"predecessor-version":[{"id":191428,"href":"https:\/\/www.caririemacao.com\/1\/wp-json\/wp\/v2\/posts\/191426\/revisions\/191428"}],"wp:featuredmedia":[{"embeddable":true,"href":"https:\/\/www.caririemacao.com\/1\/wp-json\/wp\/v2\/media\/191427"}],"wp:attachment":[{"href":"https:\/\/www.caririemacao.com\/1\/wp-json\/wp\/v2\/media?parent=191426"}],"wp:term":[{"taxonomy":"category","embeddable":true,"href":"https:\/\/www.caririemacao.com\/1\/wp-json\/wp\/v2\/categories?post=191426"},{"taxonomy":"post_tag","embeddable":true,"href":"https:\/\/www.caririemacao.com\/1\/wp-json\/wp\/v2\/tags?post=191426"}],"curies":[{"name":"wp","href":"https:\/\/api.w.org\/{rel}","templated":true}]}}