{"id":19181,"date":"2017-05-08T09:50:08","date_gmt":"2017-05-08T12:50:08","guid":{"rendered":"http:\/\/caririemacao.com\/1\/?p=19181"},"modified":"2017-05-08T09:50:08","modified_gmt":"2017-05-08T12:50:08","slug":"pt-da-pb-tem-um-novo-presidente-jackson-macedo-eleito-pelos-124-delegados","status":"publish","type":"post","link":"https:\/\/www.caririemacao.com\/1\/2017\/05\/08\/pt-da-pb-tem-um-novo-presidente-jackson-macedo-eleito-pelos-124-delegados\/","title":{"rendered":"PT da PB tem um novo presidente, Jackson Mac\u00eado eleito pelos 124 delegados"},"content":{"rendered":"<p>Neste s\u00e1bado, 6, Jackson Mac\u00eado foi eleito presidente estadual do Partido dos Trabalhadores da Para\u00edba atrav\u00e9s dos 124 delegados presentes no Congresso Estadual, realizado no audit\u00f3rio do Hotel Ouro Branco.<\/p>\n<div>\u201cA escolha do meu nome \u00e9 algo que evidentemente me deixa muito feliz, e como tenho dito, o PT \u00e9 o \u00fanico partido pol\u00edtico brasileiro que escuta a sua milit\u00e2ncia na elei\u00e7\u00e3o de suas dire\u00e7\u00f5es, e foi o que aconteceu hoje neste espa\u00e7o\u201d.<\/div>\n<div><\/div>\n<div>Questionado sobre como dever\u00e1 ser o seu mandato como presidente do PT da Para\u00edba, Jackson Mac\u00eado, disse:<\/div>\n<div><\/div>\n<div>\u201cIremos trabalhar na constru\u00e7\u00e3o da unidade partid\u00e1ria, preparar o partido para as elei\u00e7\u00f5es de 2018, reeleger os nossos deputados, eleger o primeiro senador do PT da Para\u00edba. Queremos tamb\u00e9m atuar na cria\u00e7\u00e3o de um palanque progressista para as elei\u00e7\u00f5es para governador no Estado, al\u00e9m de visitarmos os munic\u00edpios para fortalecermos os nossos diret\u00f3rios, as comiss\u00f5es provis\u00f3rias e prepara nossa base para os pr\u00f3ximos enfrentamentos\u201d.<\/div>\n<div><\/div>\n<div>Para o atual presidente estadual do PT da Para\u00edba, Professor Charliton, foi muito importante a elei\u00e7\u00e3o de Jackson Mac\u00eado, que segundo ele, \u201c\u00e9 um companheiro que tem um compromisso hist\u00f3rico com o partido, filiado desde a sua juventude, e empregou a sua vida a mobiliza\u00e7\u00e3o e constru\u00e7\u00e3o partid\u00e1ria. O PT hoje deu uma demonstra\u00e7\u00e3o de renova\u00e7\u00e3o, n\u00e3o s\u00f3 na figura do companheiro Jackson, mas tamb\u00e9m de todos os dirigentes, que possuem um compromisso muito grande e o desafio que ser\u00e1 instigar na milit\u00e2ncia o sentimento de luta e participa\u00e7\u00e3o e de mobiliza\u00e7\u00e3o, pois temos a tarefa de eleger o presidente da rep\u00fablica em 2018\u201d.<\/div>\n<div><\/div>\n<div>Al\u00e9m da aprova\u00e7\u00e3o do nome de Jackson Mac\u00eado, os delegados escolheres os membros do novo Diret\u00f3rio Estadual e delegados da Para\u00edba que ir\u00e3o para o Congresso Nacional em junho.<\/div>\n<div><\/div>\n<div>O evento tamb\u00e9m contou com outros momentos, entre eles, aprova\u00e7\u00e3o de uma tese guia que trata sobre as diretrizes do partido, debate sobre as elei\u00e7\u00f5es de 2018, sobre a organiza\u00e7\u00e3o partid\u00e1ria, aprova\u00e7\u00e3o de resolu\u00e7\u00f5es e mo\u00e7\u00f5es.<\/div>\n<div><\/div>\n<div>\u00a0Al\u00e9m das delegadas, delegados e dirigentes estaduais, o Congresso Estadual do PT da Para\u00edba participaram dirigente nacional Rodrigo Soares, o prefeito de Picu\u00ed Oliv\u00e2nio Rem\u00edgio, o vereador de Jo\u00e3o Pessoa Marcos Henriques, a presidenta municipal do PT de Jo\u00e3o Pessoa Aparecida Diniz, o presidente da CUT\/Para\u00edba Paulo Marcelo, a presidenta municipal eleita do PT de Jo\u00e3o Pessoa Luzenira Linhares e o presidente municipal eleito de Campina Grande M\u00e1rcio Canielo e v\u00e1rios vereadores e membros dos diret\u00f3rios municipais e comiss\u00f5es provis\u00f3rias de todo o estado.<\/div>\n<div><\/div>\n<div><strong>CARIRI EM A\u00c7\u00c3O<\/strong><\/div>\n<div>Com Ascom\/Foto: Reprodu\u00e7\u00e3o<\/div>\n<div>\n<p><strong>Leia mais not\u00edcias em\u00a0<\/strong><a href=\"http:\/\/www.caririemacao.com\/\"><strong>caririemacao.com<\/strong><\/a><strong>, siga nossa p\u00e1gina no\u00a0<\/strong><a href=\"https:\/\/www.facebook.com\/CaririEmAcao\/?ref=aymt_homepage_panel\"><strong>Facebook<\/strong><\/a><strong>\u00a0e\u00a0<a href=\"https:\/\/www.instagram.com\/cariri_em_acao\/?hl=pt-br\">Instagram<\/a>\u00a0veja nossas mat\u00e9rias e fotos. Voc\u00ea tamb\u00e9m pode enviar informa\u00e7\u00f5es \u00e0 Reda\u00e7\u00e3o do Portal Cariri em A\u00e7\u00e3o pelo WhatsApp (83) 9 9634.5791, (83) 9 9601-1162.<\/strong><\/p>\n<\/div>\n","protected":false},"excerpt":{"rendered":"<p>Neste s\u00e1bado, 6, Jackson Mac\u00eado foi eleito presidente estadual do Partido dos Trabalhadores da Para\u00edba atrav\u00e9s dos 124 delegados presentes no Congresso Estadual, realizado no&hellip; <\/p>\n","protected":false},"author":2,"featured_media":19182,"comment_status":"closed","ping_status":"closed","sticky":false,"template":"","format":"standard","meta":{"sfsi_plus_gutenberg_text_before_share":"","sfsi_plus_gutenberg_show_text_before_share":"","sfsi_plus_gutenberg_icon_type":"","sfsi_plus_gutenberg_icon_alignemt":"","sfsi_plus_gutenburg_max_per_row":"","footnotes":""},"categories":[11],"tags":[],"class_list":["post-19181","post","type-post","status-publish","format-standard","has-post-thumbnail","hentry","category-politica"],"_links":{"self":[{"href":"https:\/\/www.caririemacao.com\/1\/wp-json\/wp\/v2\/posts\/19181","targetHints":{"allow":["GET"]}}],"collection":[{"href":"https:\/\/www.caririemacao.com\/1\/wp-json\/wp\/v2\/posts"}],"about":[{"href":"https:\/\/www.caririemacao.com\/1\/wp-json\/wp\/v2\/types\/post"}],"author":[{"embeddable":true,"href":"https:\/\/www.caririemacao.com\/1\/wp-json\/wp\/v2\/users\/2"}],"replies":[{"embeddable":true,"href":"https:\/\/www.caririemacao.com\/1\/wp-json\/wp\/v2\/comments?post=19181"}],"version-history":[{"count":0,"href":"https:\/\/www.caririemacao.com\/1\/wp-json\/wp\/v2\/posts\/19181\/revisions"}],"wp:featuredmedia":[{"embeddable":true,"href":"https:\/\/www.caririemacao.com\/1\/wp-json\/wp\/v2\/media\/19182"}],"wp:attachment":[{"href":"https:\/\/www.caririemacao.com\/1\/wp-json\/wp\/v2\/media?parent=19181"}],"wp:term":[{"taxonomy":"category","embeddable":true,"href":"https:\/\/www.caririemacao.com\/1\/wp-json\/wp\/v2\/categories?post=19181"},{"taxonomy":"post_tag","embeddable":true,"href":"https:\/\/www.caririemacao.com\/1\/wp-json\/wp\/v2\/tags?post=19181"}],"curies":[{"name":"wp","href":"https:\/\/api.w.org\/{rel}","templated":true}]}}