{"id":19184,"date":"2017-05-08T10:09:31","date_gmt":"2017-05-08T13:09:31","guid":{"rendered":"http:\/\/caririemacao.com\/1\/?p=19184"},"modified":"2017-05-08T10:09:31","modified_gmt":"2017-05-08T13:09:31","slug":"policia-prende-autor-de-tentativa-de-homicidio-em-monteiro","status":"publish","type":"post","link":"https:\/\/www.caririemacao.com\/1\/2017\/05\/08\/policia-prende-autor-de-tentativa-de-homicidio-em-monteiro\/","title":{"rendered":"Pol\u00edcia prende autor de tentativa de homic\u00eddio em Monteiro"},"content":{"rendered":"<div>A Pol\u00edcia Civil prendeu na noite deste domingo (7), um homem acusado de ser autor de uma tentativa de homic\u00eddio ocorrida durante a madrugada do mesmo domingo, na Rua Deocleciano Pereira, em Monteiro, mas precisamente, pr\u00f3ximo a uma boate situada naquela rua. A pris\u00e3o aconteceu tamb\u00e9m pr\u00f3ximo ao local do crime.<\/div>\n<div><\/div>\n<div>De acordo com informa\u00e7\u00f5es repassadas pelo Delegado Dr. Paulo \u00canio, a pris\u00e3o ocorreu em menos de 24 horas ap\u00f3s o crime, e contra o acusado, existia um mandado de pris\u00e3o da Comarca de Jo\u00e3o Pessoa, por crime de roubo.<\/div>\n<div><\/div>\n<div><strong>O CRIME<\/strong><\/div>\n<div><\/div>\n<div>Por volta das 3h da madrugada do domingo (7), a Pol\u00edcia Militar foi acionada para averiguar um fato pr\u00f3ximo a Boate da Rua do Buj\u00e3o. Ao chegar ao local, \u00e0 guarni\u00e7\u00e3o constatou que estava havendo brigas, e que um indiv\u00edduo foi ferido com um tiro de arma de fogo, mas j\u00e1 havia sido socorrido para o Hospital Regional de Monteiro.<\/div>\n<div><\/div>\n<div>A v\u00edtima relatou que o motivo da tentativa de homic\u00eddio seria pelo fato de ele est\u00e1 acompanhada de uma mulher na boate, que teria um relacionamento com o acusado.<\/div>\n<div><\/div>\n<div>O caso foi encaminhado para a Delegacia de Pol\u00edcia local, que imediatamente deu in\u00edcio as investiga\u00e7\u00f5es, e prendeu em flagrante o acusado.<\/div>\n<div><\/div>\n<div><strong>CARIRI EM A\u00c7\u00c3O<\/strong><\/div>\n<div>Com Vitrine do Cariri\/Foto: Reprodu\u00e7\u00e3o<\/div>\n<div>\n<p><strong>Leia mais not\u00edcias em\u00a0<\/strong><a href=\"http:\/\/www.caririemacao.com\/\"><strong>caririemacao.com<\/strong><\/a><strong>, siga nossa p\u00e1gina no\u00a0<\/strong><a href=\"https:\/\/www.facebook.com\/CaririEmAcao\/?ref=aymt_homepage_panel\"><strong>Facebook<\/strong><\/a><strong>\u00a0e\u00a0<a href=\"https:\/\/www.instagram.com\/cariri_em_acao\/?hl=pt-br\">Instagram<\/a>\u00a0veja nossas mat\u00e9rias e fotos. Voc\u00ea tamb\u00e9m pode enviar informa\u00e7\u00f5es \u00e0 Reda\u00e7\u00e3o do Portal Cariri em A\u00e7\u00e3o pelo WhatsApp (83) 9 9634.5791, (83) 9 9601-1162.<\/strong><\/p>\n<\/div>\n","protected":false},"excerpt":{"rendered":"<p>A Pol\u00edcia Civil prendeu na noite deste domingo (7), um homem acusado de ser autor de uma tentativa de homic\u00eddio ocorrida durante a madrugada do&hellip; <\/p>\n","protected":false},"author":2,"featured_media":19185,"comment_status":"closed","ping_status":"closed","sticky":false,"template":"","format":"standard","meta":{"sfsi_plus_gutenberg_text_before_share":"","sfsi_plus_gutenberg_show_text_before_share":"","sfsi_plus_gutenberg_icon_type":"","sfsi_plus_gutenberg_icon_alignemt":"","sfsi_plus_gutenburg_max_per_row":"","footnotes":""},"categories":[12],"tags":[],"class_list":["post-19184","post","type-post","status-publish","format-standard","has-post-thumbnail","hentry","category-policia"],"_links":{"self":[{"href":"https:\/\/www.caririemacao.com\/1\/wp-json\/wp\/v2\/posts\/19184","targetHints":{"allow":["GET"]}}],"collection":[{"href":"https:\/\/www.caririemacao.com\/1\/wp-json\/wp\/v2\/posts"}],"about":[{"href":"https:\/\/www.caririemacao.com\/1\/wp-json\/wp\/v2\/types\/post"}],"author":[{"embeddable":true,"href":"https:\/\/www.caririemacao.com\/1\/wp-json\/wp\/v2\/users\/2"}],"replies":[{"embeddable":true,"href":"https:\/\/www.caririemacao.com\/1\/wp-json\/wp\/v2\/comments?post=19184"}],"version-history":[{"count":0,"href":"https:\/\/www.caririemacao.com\/1\/wp-json\/wp\/v2\/posts\/19184\/revisions"}],"wp:featuredmedia":[{"embeddable":true,"href":"https:\/\/www.caririemacao.com\/1\/wp-json\/wp\/v2\/media\/19185"}],"wp:attachment":[{"href":"https:\/\/www.caririemacao.com\/1\/wp-json\/wp\/v2\/media?parent=19184"}],"wp:term":[{"taxonomy":"category","embeddable":true,"href":"https:\/\/www.caririemacao.com\/1\/wp-json\/wp\/v2\/categories?post=19184"},{"taxonomy":"post_tag","embeddable":true,"href":"https:\/\/www.caririemacao.com\/1\/wp-json\/wp\/v2\/tags?post=19184"}],"curies":[{"name":"wp","href":"https:\/\/api.w.org\/{rel}","templated":true}]}}