{"id":19187,"date":"2017-05-08T10:20:41","date_gmt":"2017-05-08T13:20:41","guid":{"rendered":"http:\/\/caririemacao.com\/1\/?p=19187"},"modified":"2017-05-08T10:20:41","modified_gmt":"2017-05-08T13:20:41","slug":"comeca-vacinacao-contra-gripe-a-para-professores-das-redes-publica-e-privada-da-pb","status":"publish","type":"post","link":"https:\/\/www.caririemacao.com\/1\/2017\/05\/08\/comeca-vacinacao-contra-gripe-a-para-professores-das-redes-publica-e-privada-da-pb\/","title":{"rendered":"Come\u00e7a vacina\u00e7\u00e3o contra Gripe A para professores das redes p\u00fablica e privada da PB"},"content":{"rendered":"<p>A partir desta segunda-feira (8), tem in\u00edcio na cidade de Jo\u00e3o Pessoa a Campanha de Vacina\u00e7\u00e3o contra a Gripe A para os professores de escolas p\u00fablicas e privadas, que a partir deste ano passam a integrar o grupo de pessoas com risco de contrair a doen\u00e7a.<\/p>\n<p>Para a imuniza\u00e7\u00e3o dessa categoria ser\u00e3o montados polos, um por Distrito Sanit\u00e1rio. Os professores dever\u00e3o ir at\u00e9 um desses pontos portando al\u00e9m do documento de identidade, o contracheque para comprovar ser professor. Al\u00e9m dos polos, a partir desta segunda, esses profissionais tamb\u00e9m poder\u00e3o procurar as USFs.<\/p>\n<p>A campanha para vacina\u00e7\u00e3o dos outros grupos de risco j\u00e1 havia iniciado desde o dia 17 do m\u00eas passado. De acordo com a Secretaria Estadual de Sa\u00fade da Para\u00edba, em um balan\u00e7o parcial da campanha no estado da Para\u00edba, at\u00e9 o momento j\u00e1 foram vacinadas aproximadamente 157.706 pessoas, sendo 33.224 crian\u00e7as, 28.822 trabalhadores de sa\u00fade, 12.544 gestantes, 1620 pu\u00e9rperas, 1.168 ind\u00edgenas, 66.844 idosos, 351 pessoas privadas de liberdade, 212 funcion\u00e1rios do sistema prisional, 2.311 professores e 10.610 pessoas com doen\u00e7as cr\u00f4nicas.<\/p>\n<p>Na cidade de Campina Grande, A Secretaria de Sa\u00fade da cidade divulgou um balan\u00e7o parcial da Campanha de Vacina\u00e7\u00e3o da Gripe 2017. At\u00e9 o momento foram imunizadas 15.756 pessoas, o que corresponde a quase 20% da meta.<\/p>\n<p>Foram vacinadas 3.516 crian\u00e7as, 1.319 gestantes, 2.117 trabalhadores da sa\u00fade, 78 pu\u00e9rperas e 8.726 idosos. No total s\u00e3o 26.951 crian\u00e7as, 4.957 gestantes, 6.826 profissionais da sa\u00fade, 815 pu\u00e9rperas e 43.340 idosos. Isto d\u00e1 um total de 82.898 pessoas e a meta \u00e9 imunizar pelo menos 90% desses grupos, o que corresponde a 74.608 pessoas.<\/p>\n<p>O Minist\u00e9rio da Sa\u00fade est\u00e1 enviando as doses de forma fracionada. Por isso, a Coordena\u00e7\u00e3o de Imuniza\u00e7\u00e3o ainda n\u00e3o abriu a vacina\u00e7\u00e3o para os demais grupos do p\u00fablico-alvo da campanha, com o intuito de vacinar primeiro os grupos priorit\u00e1rios, que fazem parte da meta obrigat\u00f3ria porque s\u00e3o comprovadamente mais vulner\u00e1veis.<\/p>\n<p>No dia 13 de maio ser\u00e1 realizado o Dia D de vacina\u00e7\u00e3o em todos os postos, unidades e centros de sa\u00fade. \u00c9 a partir do Dia D que a Secretaria de Sa\u00fade pretende ampliar a campanha para os professores, pacientes com doen\u00e7as cr\u00f4nicas, detentos e trabalhadores do sistema prisional, adolescentes cumprindo medidas socioeducativas e povos ind\u00edgenas. A vacina\u00e7\u00e3o vai at\u00e9 o dia 26 de maio.<\/p>\n<p><strong>CARIRI EM A\u00c7\u00c3O<\/strong><\/p>\n<p>Com Portal Correio\/Foto: Google<\/p>\n<p><strong>Leia mais not\u00edcias em\u00a0<\/strong><a href=\"http:\/\/www.caririemacao.com\/\"><strong>caririemacao.com<\/strong><\/a><strong>, siga nossa p\u00e1gina no\u00a0<\/strong><a href=\"https:\/\/www.facebook.com\/CaririEmAcao\/?ref=aymt_homepage_panel\"><strong>Facebook<\/strong><\/a><strong>\u00a0e\u00a0<a href=\"https:\/\/www.instagram.com\/cariri_em_acao\/?hl=pt-br\">Instagram<\/a>\u00a0veja nossas mat\u00e9rias e fotos. Voc\u00ea tamb\u00e9m pode enviar informa\u00e7\u00f5es \u00e0 Reda\u00e7\u00e3o do Portal Cariri em A\u00e7\u00e3o pelo WhatsApp (83) 9 9634.5791, (83) 9 9601-1162.<\/strong><\/p>\n","protected":false},"excerpt":{"rendered":"<p>A partir desta segunda-feira (8), tem in\u00edcio na cidade de Jo\u00e3o Pessoa a Campanha de Vacina\u00e7\u00e3o contra a Gripe A para os professores de escolas&hellip; <\/p>\n","protected":false},"author":2,"featured_media":17331,"comment_status":"closed","ping_status":"closed","sticky":false,"template":"","format":"standard","meta":{"sfsi_plus_gutenberg_text_before_share":"","sfsi_plus_gutenberg_show_text_before_share":"","sfsi_plus_gutenberg_icon_type":"","sfsi_plus_gutenberg_icon_alignemt":"","sfsi_plus_gutenburg_max_per_row":"","footnotes":""},"categories":[16],"tags":[],"class_list":["post-19187","post","type-post","status-publish","format-standard","has-post-thumbnail","hentry","category-saude"],"_links":{"self":[{"href":"https:\/\/www.caririemacao.com\/1\/wp-json\/wp\/v2\/posts\/19187","targetHints":{"allow":["GET"]}}],"collection":[{"href":"https:\/\/www.caririemacao.com\/1\/wp-json\/wp\/v2\/posts"}],"about":[{"href":"https:\/\/www.caririemacao.com\/1\/wp-json\/wp\/v2\/types\/post"}],"author":[{"embeddable":true,"href":"https:\/\/www.caririemacao.com\/1\/wp-json\/wp\/v2\/users\/2"}],"replies":[{"embeddable":true,"href":"https:\/\/www.caririemacao.com\/1\/wp-json\/wp\/v2\/comments?post=19187"}],"version-history":[{"count":0,"href":"https:\/\/www.caririemacao.com\/1\/wp-json\/wp\/v2\/posts\/19187\/revisions"}],"wp:featuredmedia":[{"embeddable":true,"href":"https:\/\/www.caririemacao.com\/1\/wp-json\/wp\/v2\/media\/17331"}],"wp:attachment":[{"href":"https:\/\/www.caririemacao.com\/1\/wp-json\/wp\/v2\/media?parent=19187"}],"wp:term":[{"taxonomy":"category","embeddable":true,"href":"https:\/\/www.caririemacao.com\/1\/wp-json\/wp\/v2\/categories?post=19187"},{"taxonomy":"post_tag","embeddable":true,"href":"https:\/\/www.caririemacao.com\/1\/wp-json\/wp\/v2\/tags?post=19187"}],"curies":[{"name":"wp","href":"https:\/\/api.w.org\/{rel}","templated":true}]}}