{"id":191876,"date":"2020-10-11T06:21:42","date_gmt":"2020-10-11T09:21:42","guid":{"rendered":"https:\/\/www.caririemacao.com\/1\/?p=191876"},"modified":"2020-10-11T06:21:44","modified_gmt":"2020-10-11T09:21:44","slug":"burocracia-atrasa-envio-de-brigadistas-para-combater-incendios-no-pantanal-e-na-amazonia","status":"publish","type":"post","link":"https:\/\/www.caririemacao.com\/1\/2020\/10\/11\/burocracia-atrasa-envio-de-brigadistas-para-combater-incendios-no-pantanal-e-na-amazonia\/","title":{"rendered":"Burocracia atrasa envio de brigadistas para combater inc\u00eandios no Pantanal e na Amaz\u00f4nia"},"content":{"rendered":"\n<p class=\"wp-block-paragraph\">Relat\u00f3rios do Ibama mostram que a burocracia e a falta de planejamento atrasaram a contrata\u00e7\u00e3o de brigadistas para combater os inc\u00eandios na Amaz\u00f4nia e no Pantanal.<\/p>\n\n\n\n<p class=\"wp-block-paragraph\">O Globo teve acesso a uma s\u00e9rie de relat\u00f3rios internos do \u00f3rg\u00e3o do Minist\u00e9rio do Meio Ambiente, mostrando que mudan\u00e7as na lei e uma s\u00e9rie de registros burocr\u00e1ticos contribu\u00edram para o atraso dos brigadistas. A demora para o envio dos servidores inviabilizou a prote\u00e7\u00e3o de territ\u00f3rios ind\u00edgenas e tamb\u00e9m exp\u00f4s localidades do Cerrado.<\/p>\n\n\n\n<p class=\"wp-block-paragraph\">A reportagem diz que &#8220;a autoriza\u00e7\u00e3o para a viagem dos brigadistas recebeu o aval do Minist\u00e9rio da Economia (ME) apenas em junho, dois meses ap\u00f3s o assunto chegar \u00e0 pasta. Foi aprovado o envio de 1.481 profissionais para as \u00e1reas de queimadas&#8221;.<\/p>\n\n\n\n<p class=\"wp-block-paragraph\">Ao Globo, o Minist\u00e9rio da Economia informou que o Minist\u00e9rio do Meio Ambiente \u201cn\u00e3o apresentou uma s\u00e9rie de documentos obrigat\u00f3rios, conforme determina o regulamento para solicita\u00e7\u00e3o de contrata\u00e7\u00e3o tempor\u00e1ria\u201d.<\/p>\n\n\n\n<p class=\"wp-block-paragraph\">O Minist\u00e9rio do Meio Ambiente contava com os brigadistas que trabalharam em 2019, mas uma medida provis\u00f3ria publicada em mar\u00e7o de 2020 proibiu a recontrata\u00e7\u00e3o de pessoal com menos de dois anos do encerramento do \u00faltimo contrato, o que contribuiu para o atraso. O Jornal Nacional tamb\u00e9m teve acesso aos documentos.<\/p>\n\n\n\n<p class=\"wp-block-paragraph\">Em maio, o ent\u00e3o chefe do Prevfogo, Centro Nacional de Preven\u00e7\u00e3o e Combate aos Inc\u00eandios Florestais do Ibama, Gabriel Zacharias, que foi demitido em setembro, alertou que \u201ca contrata\u00e7\u00e3o dos brigadistas, para as atividades de preven\u00e7\u00e3o s\u00e3o necess\u00e1rias a partir do m\u00eas de abril em partes da regi\u00e3o central do Brasil, em especial Mato Grosso, Mato Grosso do Sul, Tocantins, Goi\u00e1s e Distrito Federal. Para o restante do pa\u00eds, as atividades de preven\u00e7\u00e3o e mitiga\u00e7\u00e3o do problema dos inc\u00eandios devem se iniciar no m\u00eas de maio\u201d.<\/p>\n\n\n\n<p class=\"wp-block-paragraph\">Mesmo com o atraso, ele refor\u00e7ou que ainda precisava dos brigadistas: \u201cPara o ano corrente, devido aos tr\u00e2mites or\u00e7ament\u00e1rios e administrativos necess\u00e1rios, n\u00e3o fora poss\u00edvel a contrata\u00e7\u00e3o desde a data inicialmente prevista o que, n\u00e3o quer dizer, que a contrata\u00e7\u00e3o n\u00e3o seja mais necess\u00e1ria. O in\u00edcio das atividades em junho ainda permitir\u00e1 algum tipo de atividade preventiva, respeitando tamb\u00e9m as regras impostas pela pandemia de Covid-19, al\u00e9m de ter equipes em campo aptas a realizarem os combates aos inc\u00eandios que se iniciarem, impedindo que esses ganhem grandes propor\u00e7\u00f5es.\u201d<\/p>\n\n\n\n<p class=\"wp-block-paragraph\">Em junho, uma portaria dos Minist\u00e9rios da Economia e do Meio Ambiente autorizou a contrata\u00e7\u00e3o dos brigadistas. Apesar do alerta de que precisava dos profissionais desde abril, o Centro de Preven\u00e7\u00e3o e Combate aos Inc\u00eandios Florestais teve que esperar at\u00e9 agosto o Ibama dar a autoriza\u00e7\u00e3o definitiva para contratar os brigadistas.<\/p>\n\n\n\n<p class=\"wp-block-paragraph\">\u201cTudo que \u00e9 feito em cima da hora para atender uma emerg\u00eancia, ela n\u00e3o tem condi\u00e7\u00e3o de sair de uma forma eficiente. Se n\u00f3s n\u00e3o tivermos a combina\u00e7\u00e3o de um planejamento com anteced\u00eancia, abastecido com informa\u00e7\u00f5es, sejam aquelas que o Inpe vem dando, sejam aquelas que a academia vem dando e montemos um processo de combate inteligente e que v\u00e1 na raiz da quest\u00e3o, n\u00f3s vamos assistir todo ano queimadas descontroladas e as pessoas e o governo correndo atr\u00e1s do preju\u00edzo\u201d, diz Paulo Moutinho, pesquisador do Ipam.<\/p>\n\n\n\n<p class=\"wp-block-paragraph\">O Inpe, Instituto Nacional de Pesquisas Espaciais, registrou 76 mil focos de queimadas na Amaz\u00f4nia entre janeiro e setembro de 2020. S\u00f3 em setembro foram 32 mil focos &#8211; um aumento de 60% em rela\u00e7\u00e3o a 2019.<\/p>\n\n\n\n<p class=\"wp-block-paragraph\">No Pantanal, foram 18 mil focos de queimadas em 2020. Em 2019, foram seis mil.<\/p>\n\n\n\n<p class=\"wp-block-paragraph\">O ministro do Meio Ambiente, Ricardo Salles, criticado pelo desmonte dos \u00f3rg\u00e3os ambientais, esteve na Chapada dos Veadeiros em Goi\u00e1s acompanhando o combate \u00e0s queimadas nesta sexta (9) e s\u00e1bado (10). O governo publicou um v\u00eddeo em uma rede social em que o ministro diz que avi\u00f5es est\u00e3o despejando \u00e1gua misturada com um retardante, que, segundo o ministro, potencializa em cinco vezes a capacidade de resposta no combate ao fogo.<\/p>\n\n\n\n<p class=\"wp-block-paragraph\">Moradores da regi\u00e3o protestaram com placas nos muros pedindo a sa\u00edda do ministro. Eles criticam o uso do retardante.<\/p>\n\n\n\n<p class=\"wp-block-paragraph\">\u201cO ministro n\u00e3o pode autorizar o despejo de um p\u00f3 retardante que pode causar perdas para a biodiversidade, sofrimento para a nossa fauna e enfraquecer nosso solo. Fora o risco de infec\u00e7\u00f5es pulmonares, j\u00e1 que os brigadistas n\u00e3o contam com EPIs para esse tipo de combate qu\u00edmico\u201d, disse uma moradora que preferiu n\u00e3o ser identificada.<\/p>\n\n\n\n<p class=\"wp-block-paragraph\">Em nota, a Secretaria de Meio Ambiente de Goi\u00e1s informou que n\u00e3o h\u00e1 nenhuma regulamenta\u00e7\u00e3o sobre o referido produto qu\u00edmico; que n\u00e3o foi consultada sobre sua utiliza\u00e7\u00e3o e que n\u00e3o \u00e9 autorizado o uso do mesmo dentro da \u00e1rea de prote\u00e7\u00e3o ambiental do Pouso Alto.<\/p>\n\n\n\n<p class=\"wp-block-paragraph\">O Minist\u00e9rio do Meio Ambiente declarou que o Parque Nacional da Chapada dos Veadeiros \u00e9 de jurisdi\u00e7\u00e3o federal e que qualquer decis\u00e3o sobre o uso ou n\u00e3o de retardante para combater os inc\u00eandios compete ao ICMBio.<\/p>\n\n\n\n<p class=\"wp-block-paragraph\">Os Minist\u00e9rios do Meio Ambiente e da Economia n\u00e3o responderam sobre a demora para a contrata\u00e7\u00e3o dos brigadistas.<\/p>\n\n\n\n<p class=\"wp-block-paragraph\">G1<\/p>\n","protected":false},"excerpt":{"rendered":"<p>Relat\u00f3rios do Ibama mostram que a burocracia e a falta de planejamento atrasaram a contrata\u00e7\u00e3o de brigadistas para combater os inc\u00eandios na Amaz\u00f4nia e no Pantanal. O Globo teve acesso a uma s\u00e9rie de relat\u00f3rios internos do \u00f3rg\u00e3o do Minist\u00e9rio do Meio Ambiente, mostrando que mudan\u00e7as na lei e uma s\u00e9rie de registros burocr\u00e1ticos contribu\u00edram para o atraso dos brigadistas. A demora para o envio dos servidores inviabilizou a prote\u00e7\u00e3o de territ\u00f3rios ind\u00edgenas e tamb\u00e9m exp\u00f4s localidades do Cerrado. A reportagem diz que &#8220;a autoriza\u00e7\u00e3o para a viagem dos brigadistas recebeu o aval do Minist\u00e9rio da Economia (ME) apenas em junho, dois meses ap\u00f3s o assunto chegar \u00e0 pasta. Foi aprovado o envio de 1.481 profissionais para as \u00e1reas de queimadas&#8221;. Ao Globo, o Minist\u00e9rio da Economia informou que o Minist\u00e9rio do Meio Ambiente \u201cn\u00e3o apresentou uma s\u00e9rie de documentos obrigat\u00f3rios, conforme determina o regulamento para solicita\u00e7\u00e3o de contrata\u00e7\u00e3o tempor\u00e1ria\u201d. O Minist\u00e9rio do Meio Ambiente contava com os brigadistas que trabalharam em 2019, mas uma medida provis\u00f3ria publicada em mar\u00e7o de 2020 proibiu a recontrata\u00e7\u00e3o de pessoal com menos de dois anos do encerramento do \u00faltimo contrato, o que contribuiu para o atraso. O Jornal Nacional tamb\u00e9m teve acesso aos documentos. Em maio, o ent\u00e3o chefe do Prevfogo, Centro Nacional de Preven\u00e7\u00e3o e Combate aos Inc\u00eandios Florestais do Ibama, Gabriel Zacharias, que foi demitido em setembro, alertou que \u201ca contrata\u00e7\u00e3o dos brigadistas, para as atividades de preven\u00e7\u00e3o s\u00e3o necess\u00e1rias a partir do m\u00eas de abril em partes da regi\u00e3o central do Brasil, em especial Mato Grosso, Mato Grosso do Sul, Tocantins, Goi\u00e1s e Distrito Federal. Para o restante do pa\u00eds, as atividades de preven\u00e7\u00e3o e mitiga\u00e7\u00e3o do problema dos inc\u00eandios devem se iniciar no m\u00eas de maio\u201d. Mesmo com o atraso, ele refor\u00e7ou que ainda precisava dos brigadistas: \u201cPara o ano corrente, devido aos tr\u00e2mites or\u00e7ament\u00e1rios e administrativos necess\u00e1rios, n\u00e3o fora poss\u00edvel a contrata\u00e7\u00e3o desde a data inicialmente prevista o que, n\u00e3o quer dizer, que a contrata\u00e7\u00e3o n\u00e3o seja mais necess\u00e1ria. O in\u00edcio das atividades em junho ainda permitir\u00e1 algum tipo de atividade preventiva, respeitando tamb\u00e9m as regras impostas pela pandemia de Covid-19, al\u00e9m de ter equipes em campo aptas a realizarem os combates aos inc\u00eandios que se iniciarem, impedindo que esses ganhem grandes propor\u00e7\u00f5es.\u201d Em junho, uma portaria dos Minist\u00e9rios da Economia e do Meio Ambiente autorizou a contrata\u00e7\u00e3o dos brigadistas. Apesar do alerta de que precisava dos profissionais desde abril, o Centro de Preven\u00e7\u00e3o e Combate aos Inc\u00eandios Florestais teve que esperar at\u00e9 agosto o Ibama dar a autoriza\u00e7\u00e3o definitiva para contratar os brigadistas. \u201cTudo que \u00e9 feito em cima da hora para atender uma emerg\u00eancia, ela n\u00e3o tem condi\u00e7\u00e3o de sair de uma forma eficiente. Se n\u00f3s n\u00e3o tivermos a combina\u00e7\u00e3o de um planejamento com anteced\u00eancia, abastecido com informa\u00e7\u00f5es, sejam aquelas que o Inpe vem dando, sejam aquelas que a academia vem dando e montemos um processo de combate inteligente e que v\u00e1 na raiz da quest\u00e3o, n\u00f3s vamos assistir todo ano queimadas descontroladas e as pessoas e o governo correndo atr\u00e1s do preju\u00edzo\u201d, diz Paulo Moutinho, pesquisador do Ipam. O Inpe, Instituto Nacional de Pesquisas Espaciais, registrou 76 mil focos de queimadas na Amaz\u00f4nia entre janeiro e setembro de 2020. S\u00f3 em setembro foram 32 mil focos &#8211; um aumento de 60% em rela\u00e7\u00e3o a 2019. No Pantanal, foram 18 mil focos de queimadas em 2020. Em 2019, foram seis mil. O ministro do Meio Ambiente, Ricardo Salles, criticado pelo desmonte dos \u00f3rg\u00e3os ambientais, esteve na Chapada dos Veadeiros em Goi\u00e1s acompanhando o combate \u00e0s queimadas nesta sexta (9) e s\u00e1bado (10). O governo publicou um v\u00eddeo em uma rede social em que o ministro diz que avi\u00f5es est\u00e3o despejando \u00e1gua misturada com um retardante, que, segundo o ministro, potencializa em cinco vezes a capacidade de resposta no combate ao fogo. Moradores da regi\u00e3o protestaram com placas nos muros pedindo a sa\u00edda do ministro. Eles criticam o uso do retardante. \u201cO ministro n\u00e3o pode autorizar o despejo de um p\u00f3 retardante que pode causar perdas para a biodiversidade, sofrimento para a nossa fauna e enfraquecer nosso solo. Fora o risco de infec\u00e7\u00f5es pulmonares, j\u00e1 que os brigadistas n\u00e3o contam com EPIs para esse tipo de combate qu\u00edmico\u201d, disse uma moradora que preferiu n\u00e3o ser identificada. Em nota, a Secretaria de Meio Ambiente de Goi\u00e1s informou que n\u00e3o h\u00e1 nenhuma regulamenta\u00e7\u00e3o sobre o referido produto qu\u00edmico; que n\u00e3o foi consultada sobre sua utiliza\u00e7\u00e3o e que n\u00e3o \u00e9 autorizado o uso do mesmo dentro da \u00e1rea de prote\u00e7\u00e3o ambiental do Pouso Alto. O Minist\u00e9rio do Meio Ambiente declarou que o Parque Nacional da Chapada dos Veadeiros \u00e9 de jurisdi\u00e7\u00e3o federal e que qualquer decis\u00e3o sobre o uso ou n\u00e3o de retardante para combater os inc\u00eandios compete ao ICMBio. Os Minist\u00e9rios do Meio Ambiente e da Economia n\u00e3o responderam sobre a demora para a contrata\u00e7\u00e3o dos brigadistas. G1<\/p>\n","protected":false},"author":6,"featured_media":191877,"comment_status":"closed","ping_status":"closed","sticky":false,"template":"","format":"standard","meta":{"sfsi_plus_gutenberg_text_before_share":"","sfsi_plus_gutenberg_show_text_before_share":"","sfsi_plus_gutenberg_icon_type":"","sfsi_plus_gutenberg_icon_alignemt":"","sfsi_plus_gutenburg_max_per_row":"","footnotes":""},"categories":[50],"tags":[],"class_list":["post-191876","post","type-post","status-publish","format-standard","has-post-thumbnail","hentry","category-destaque"],"_links":{"self":[{"href":"https:\/\/www.caririemacao.com\/1\/wp-json\/wp\/v2\/posts\/191876","targetHints":{"allow":["GET"]}}],"collection":[{"href":"https:\/\/www.caririemacao.com\/1\/wp-json\/wp\/v2\/posts"}],"about":[{"href":"https:\/\/www.caririemacao.com\/1\/wp-json\/wp\/v2\/types\/post"}],"author":[{"embeddable":true,"href":"https:\/\/www.caririemacao.com\/1\/wp-json\/wp\/v2\/users\/6"}],"replies":[{"embeddable":true,"href":"https:\/\/www.caririemacao.com\/1\/wp-json\/wp\/v2\/comments?post=191876"}],"version-history":[{"count":1,"href":"https:\/\/www.caririemacao.com\/1\/wp-json\/wp\/v2\/posts\/191876\/revisions"}],"predecessor-version":[{"id":191878,"href":"https:\/\/www.caririemacao.com\/1\/wp-json\/wp\/v2\/posts\/191876\/revisions\/191878"}],"wp:featuredmedia":[{"embeddable":true,"href":"https:\/\/www.caririemacao.com\/1\/wp-json\/wp\/v2\/media\/191877"}],"wp:attachment":[{"href":"https:\/\/www.caririemacao.com\/1\/wp-json\/wp\/v2\/media?parent=191876"}],"wp:term":[{"taxonomy":"category","embeddable":true,"href":"https:\/\/www.caririemacao.com\/1\/wp-json\/wp\/v2\/categories?post=191876"},{"taxonomy":"post_tag","embeddable":true,"href":"https:\/\/www.caririemacao.com\/1\/wp-json\/wp\/v2\/tags?post=191876"}],"curies":[{"name":"wp","href":"https:\/\/api.w.org\/{rel}","templated":true}]}}