{"id":19189,"date":"2017-05-08T10:53:57","date_gmt":"2017-05-08T13:53:57","guid":{"rendered":"http:\/\/caririemacao.com\/1\/?p=19189"},"modified":"2017-05-08T11:02:49","modified_gmt":"2017-05-08T14:02:49","slug":"exame-genetico-confirma-que-preso-estuprou-cinco-na-regiao-de-campina-grande-diz-policia","status":"publish","type":"post","link":"https:\/\/www.caririemacao.com\/1\/2017\/05\/08\/exame-genetico-confirma-que-preso-estuprou-cinco-na-regiao-de-campina-grande-diz-policia\/","title":{"rendered":"Exame gen\u00e9tico confirma que preso estuprou cinco na regi\u00e3o de Campina Grande, diz pol\u00edcia"},"content":{"rendered":"<div class=\"mc-column mc-show-later\">Exames de material gen\u00e9tico confirmaram que um homem preso em outubro do ano passado estuprou pelo menos cinco v\u00edtimas em Campina Grande e Esperan\u00e7a. O preso, de 42 anos, \u00e9 suspeito de ter estuprado pelo menos 15 mulheres na regi\u00e3o. A informa\u00e7\u00e3o foi confirmada no domingo (7) pela pol\u00edcia.<\/div>\n<div class=\"mc-column content-text active-extra-styles \" data-block-type=\"unstyled\" data-block-weight=\"47\">\n<p class=\"content-text__container \" data-track-category=\"Link no Texto\" data-track-links=\"\">O homem foi preso por moradores na zona rural do munic\u00edpio de Esperan\u00e7a no dia 31 de outubro depois que ele teria tentando estuprar uma idosa, mas foi flagrado por vizinhos. Com ele, os policiais apreenderam uma pistola e uma motocicleta com placas do estado de Pernambuco.<\/p>\n<\/div>\n<div class=\"mc-column content-text active-extra-styles \" data-block-type=\"unstyled\" data-block-weight=\"36\">\n<p class=\"content-text__container \" data-track-category=\"Link no Texto\" data-track-links=\"\">Segundo a pol\u00edcia, o material gen\u00e9tico colhido em uma das mulheres v\u00edtimas de viol\u00eancia foi confrontado com outras amostras presentes no banco nacional de perfis gen\u00e9ticos, para que houvesse a confirma\u00e7\u00e3o sobre a autoria dos crimes.<\/p>\n<\/div>\n<div class=\"mc-column content-text active-extra-styles \" data-block-type=\"unstyled\" data-block-weight=\"41\">\n<p class=\"content-text__container \" data-track-category=\"Link no Texto\" data-track-links=\"\">O suspeito estava sendo procurado pela pol\u00edcia h\u00e1 mais de tr\u00eas meses e, depois de preso, foi reconhecido por pelo menos 15 mulheres v\u00edtimas de estupro em Esperan\u00e7a, Areial, Montadas, Pocinhos, Lagoa Seca, S\u00e3o Sebasti\u00e3o de Lagoa de Ro\u00e7a e Rem\u00edgio.<\/p>\n<\/div>\n<div class=\"mc-column content-text active-extra-styles \" data-block-type=\"unstyled\" data-block-weight=\"16\">\n<p class=\"content-text__container \" data-track-category=\"Link no Texto\" data-track-links=\"\">Os detalhes da investiga\u00e7\u00e3o devem ser divulgados em coletiva de imprensa na manh\u00e3 desta segunda-feira (8).<\/p>\n<p><strong>CARIRI EM A\u00c7\u00c3O<\/strong><\/p>\n<p>Com G1-PB\/Foto: Google<\/p>\n<p><strong>Leia mais not\u00edcias em\u00a0<\/strong><a href=\"http:\/\/www.caririemacao.com\/\"><strong>caririemacao.com<\/strong><\/a><strong>, siga nossa p\u00e1gina no\u00a0<\/strong><a href=\"https:\/\/www.facebook.com\/CaririEmAcao\/?ref=aymt_homepage_panel\"><strong>Facebook<\/strong><\/a><strong>\u00a0e\u00a0<a href=\"https:\/\/www.instagram.com\/cariri_em_acao\/?hl=pt-br\">Instagram<\/a>\u00a0veja nossas mat\u00e9rias e fotos. Voc\u00ea tamb\u00e9m pode enviar informa\u00e7\u00f5es \u00e0 Reda\u00e7\u00e3o do Portal Cariri em A\u00e7\u00e3o pelo WhatsApp (83) 9 9634.5791, (83) 9 9601-1162.<\/strong><\/p>\n<\/div>\n","protected":false},"excerpt":{"rendered":"<p>Exames de material gen\u00e9tico confirmaram que um homem preso em outubro do ano passado estuprou pelo menos cinco v\u00edtimas em Campina Grande e Esperan\u00e7a. O&hellip; <\/p>\n","protected":false},"author":2,"featured_media":19190,"comment_status":"closed","ping_status":"closed","sticky":false,"template":"","format":"standard","meta":{"sfsi_plus_gutenberg_text_before_share":"","sfsi_plus_gutenberg_show_text_before_share":"","sfsi_plus_gutenberg_icon_type":"","sfsi_plus_gutenberg_icon_alignemt":"","sfsi_plus_gutenburg_max_per_row":"","footnotes":""},"categories":[12],"tags":[],"class_list":["post-19189","post","type-post","status-publish","format-standard","has-post-thumbnail","hentry","category-policia"],"_links":{"self":[{"href":"https:\/\/www.caririemacao.com\/1\/wp-json\/wp\/v2\/posts\/19189","targetHints":{"allow":["GET"]}}],"collection":[{"href":"https:\/\/www.caririemacao.com\/1\/wp-json\/wp\/v2\/posts"}],"about":[{"href":"https:\/\/www.caririemacao.com\/1\/wp-json\/wp\/v2\/types\/post"}],"author":[{"embeddable":true,"href":"https:\/\/www.caririemacao.com\/1\/wp-json\/wp\/v2\/users\/2"}],"replies":[{"embeddable":true,"href":"https:\/\/www.caririemacao.com\/1\/wp-json\/wp\/v2\/comments?post=19189"}],"version-history":[{"count":0,"href":"https:\/\/www.caririemacao.com\/1\/wp-json\/wp\/v2\/posts\/19189\/revisions"}],"wp:featuredmedia":[{"embeddable":true,"href":"https:\/\/www.caririemacao.com\/1\/wp-json\/wp\/v2\/media\/19190"}],"wp:attachment":[{"href":"https:\/\/www.caririemacao.com\/1\/wp-json\/wp\/v2\/media?parent=19189"}],"wp:term":[{"taxonomy":"category","embeddable":true,"href":"https:\/\/www.caririemacao.com\/1\/wp-json\/wp\/v2\/categories?post=19189"},{"taxonomy":"post_tag","embeddable":true,"href":"https:\/\/www.caririemacao.com\/1\/wp-json\/wp\/v2\/tags?post=19189"}],"curies":[{"name":"wp","href":"https:\/\/api.w.org\/{rel}","templated":true}]}}