{"id":191926,"date":"2020-10-11T13:39:54","date_gmt":"2020-10-11T16:39:54","guid":{"rendered":"https:\/\/www.caririemacao.com\/1\/?p=191926"},"modified":"2020-10-11T13:39:56","modified_gmt":"2020-10-11T16:39:56","slug":"confirmados-todos-os-candidatos-a-prefeito-de-livramento-confirmam-presenca-no-debate-eleitoral-do-cariri-em-acao","status":"publish","type":"post","link":"https:\/\/www.caririemacao.com\/1\/2020\/10\/11\/confirmados-todos-os-candidatos-a-prefeito-de-livramento-confirmam-presenca-no-debate-eleitoral-do-cariri-em-acao\/","title":{"rendered":"CONFIRMADOS: Todos os candidatos a prefeito de Livramento confirmam presen\u00e7a no Debate Eleitoral do Cariri em A\u00e7\u00e3o"},"content":{"rendered":"\n<p class=\"wp-block-paragraph\">Os quatro candidatos a prefeito do munic\u00edpio de Livramento confirmaram suas participa\u00e7\u00f5es no Debate Eleitoral promovido pelo portal CAIRIRI EM A\u00c7\u00c3O.<\/p>\n\n\n\n<p class=\"wp-block-paragraph\">Os candidatos que confirmaram presen\u00e7a, s\u00e3o os seguintes:<\/p>\n\n\n\n<p class=\"wp-block-paragraph\">ADRIANO SUELDON LEITE \u2013 Adriano Leite (DEM)<\/p>\n\n\n\n<p class=\"wp-block-paragraph\">JOS\u00c9 DE ANCHIETA ANASTACIO RODRIGUES DE LIMA \u2013 Anchieta Anast\u00e1cio (REPUBLICANOS)<\/p>\n\n\n\n<p class=\"wp-block-paragraph\">HELENO PEREIRA MORATO \u2013 Heleno Pereira (PSL)<\/p>\n\n\n\n<p class=\"wp-block-paragraph\">ERNANDES BARBOZA N\u00d3BREGA \u2013 Nananda (PL)<\/p>\n\n\n\n<p class=\"wp-block-paragraph\">O dia do Debate com os candidatos a prefeito de LIVRAMENTO ficou definido para o 24\/10\/2020 (S\u00c1BADO), atrav\u00e9s de sorteio realizado na noite desta quarta-feira, dia 07\/10\/2020, ao vivo, atrav\u00e9s das plataformas sociais do Cariri em A\u00e7\u00e3o (www.facebook.com\/CaririEmAcao).<\/p>\n\n\n\n<p class=\"wp-block-paragraph\">Vale lembrar que as datas, regras e todas as informa\u00e7\u00f5es foram enviadas para as coliga\u00e7\u00f5es e as comarcas que atendem as cidades das cidades que haver\u00e1 debate.<\/p>\n\n\n\n<p class=\"wp-block-paragraph\">\u201cTodos os candidatos a prefeito das cidades que ter\u00e3o debate j\u00e1 receberam um e-mail para a participa\u00e7\u00e3o no debate eleitoral\u201d, informou o diretor do Cariri em A\u00e7\u00e3o, Marivaldo Alc\u00e2ntara.<\/p>\n","protected":false},"excerpt":{"rendered":"<p>Os quatro candidatos a prefeito do munic\u00edpio de Livramento confirmaram suas participa\u00e7\u00f5es no Debate Eleitoral promovido pelo portal CAIRIRI EM A\u00c7\u00c3O. Os candidatos que confirmaram presen\u00e7a, s\u00e3o os seguintes: ADRIANO SUELDON LEITE \u2013 Adriano Leite (DEM) JOS\u00c9 DE ANCHIETA ANASTACIO RODRIGUES DE LIMA \u2013 Anchieta Anast\u00e1cio (REPUBLICANOS) HELENO PEREIRA MORATO \u2013 Heleno Pereira (PSL) ERNANDES BARBOZA N\u00d3BREGA \u2013 Nananda (PL) O dia do Debate com os candidatos a prefeito de LIVRAMENTO ficou definido para o 24\/10\/2020 (S\u00c1BADO), atrav\u00e9s de sorteio realizado na noite desta quarta-feira, dia 07\/10\/2020, ao vivo, atrav\u00e9s das plataformas sociais do Cariri em A\u00e7\u00e3o (www.facebook.com\/CaririEmAcao). Vale lembrar que as datas, regras e todas as informa\u00e7\u00f5es foram enviadas para as coliga\u00e7\u00f5es e as comarcas que atendem as cidades das cidades que haver\u00e1 debate. \u201cTodos os candidatos a prefeito das cidades que ter\u00e3o debate j\u00e1 receberam um e-mail para a participa\u00e7\u00e3o no debate eleitoral\u201d, informou o diretor do Cariri em A\u00e7\u00e3o, Marivaldo Alc\u00e2ntara.<\/p>\n","protected":false},"author":6,"featured_media":191927,"comment_status":"closed","ping_status":"closed","sticky":false,"template":"","format":"standard","meta":{"sfsi_plus_gutenberg_text_before_share":"","sfsi_plus_gutenberg_show_text_before_share":"","sfsi_plus_gutenberg_icon_type":"","sfsi_plus_gutenberg_icon_alignemt":"","sfsi_plus_gutenburg_max_per_row":"","footnotes":""},"categories":[80],"tags":[],"class_list":["post-191926","post","type-post","status-publish","format-standard","has-post-thumbnail","hentry","category-livramento"],"_links":{"self":[{"href":"https:\/\/www.caririemacao.com\/1\/wp-json\/wp\/v2\/posts\/191926","targetHints":{"allow":["GET"]}}],"collection":[{"href":"https:\/\/www.caririemacao.com\/1\/wp-json\/wp\/v2\/posts"}],"about":[{"href":"https:\/\/www.caririemacao.com\/1\/wp-json\/wp\/v2\/types\/post"}],"author":[{"embeddable":true,"href":"https:\/\/www.caririemacao.com\/1\/wp-json\/wp\/v2\/users\/6"}],"replies":[{"embeddable":true,"href":"https:\/\/www.caririemacao.com\/1\/wp-json\/wp\/v2\/comments?post=191926"}],"version-history":[{"count":1,"href":"https:\/\/www.caririemacao.com\/1\/wp-json\/wp\/v2\/posts\/191926\/revisions"}],"predecessor-version":[{"id":191928,"href":"https:\/\/www.caririemacao.com\/1\/wp-json\/wp\/v2\/posts\/191926\/revisions\/191928"}],"wp:featuredmedia":[{"embeddable":true,"href":"https:\/\/www.caririemacao.com\/1\/wp-json\/wp\/v2\/media\/191927"}],"wp:attachment":[{"href":"https:\/\/www.caririemacao.com\/1\/wp-json\/wp\/v2\/media?parent=191926"}],"wp:term":[{"taxonomy":"category","embeddable":true,"href":"https:\/\/www.caririemacao.com\/1\/wp-json\/wp\/v2\/categories?post=191926"},{"taxonomy":"post_tag","embeddable":true,"href":"https:\/\/www.caririemacao.com\/1\/wp-json\/wp\/v2\/tags?post=191926"}],"curies":[{"name":"wp","href":"https:\/\/api.w.org\/{rel}","templated":true}]}}