{"id":19193,"date":"2017-05-08T11:13:34","date_gmt":"2017-05-08T14:13:34","guid":{"rendered":"http:\/\/caririemacao.com\/1\/?p=19193"},"modified":"2017-05-08T11:13:34","modified_gmt":"2017-05-08T14:13:34","slug":"camara-votara-reforma-da-previdencia-de-portas-fechadas","status":"publish","type":"post","link":"https:\/\/www.caririemacao.com\/1\/2017\/05\/08\/camara-votara-reforma-da-previdencia-de-portas-fechadas\/","title":{"rendered":"C\u00e2mara votar\u00e1 reforma da previd\u00eancia de portas fechadas"},"content":{"rendered":"<p>Na semana em que os deputados pretendem concluir a vota\u00e7\u00e3o dos destaques \u00e0 Proposta de Emenda \u00e0 Constitui\u00e7\u00e3o (PEC) da Reforma da Previd\u00eancia, na comiss\u00e3o especial que analisa o tema, o acesso ao pr\u00e9dio da C\u00e2mara dos Deputados ficar\u00e1 restrito para o p\u00fablico externo. Apenas parlamentares, funcion\u00e1rios e pessoas credenciadas poder\u00e3o transitar pelas depend\u00eancias do pr\u00e9dio.<\/p>\n<p>A decis\u00e3o foi tomada pela diretoria-geral da Casa na sexta-feira (5), dois dias ap\u00f3s a invas\u00e3o de um grupo de agentes penitenci\u00e1rios. Um comunicado divulgado pela diretoria detalha os crit\u00e9rios que ser\u00e3o usados para a entrada no edif\u00edcio.<\/p>\n<p>A restri\u00e7\u00e3o de acesso valer\u00e1 para amanh\u00e3 (9) e quarta-feira (10), dias em que est\u00e3o marcadas as reuni\u00f5es do colegiado para a vota\u00e7\u00e3o dos destaques, bem como as principais vota\u00e7\u00f5es no plen\u00e1rio. A visita\u00e7\u00e3o institucional, inclusive a agendada, foi suspensa no s\u00e1bado (6) e ser\u00e1 mantida at\u00e9 10 de maio.<\/p>\n<p>Pela decis\u00e3o da diretoria-geral, no per\u00edodo, o acesso de ve\u00edculos \u00e0 Chapelaria, entrada principal do Congresso Nacional e local de entrada e sa\u00edda de deputados, ficar\u00e1 restrito, exclusivamente a parlamentares, podendo ser fechado completamente a qualquer momento em caso de manifesta\u00e7\u00e3o.<\/p>\n<p>Um dos estacionamentos da C\u00e2mara ser\u00e1 fechado a partir de amanh\u00e3 para abrigar viaturas da Pol\u00edcia Militar e outras \u00e1reas utilizadas para estacionamento tamb\u00e9m poder\u00e3o ser fechadas em caso de manifesta\u00e7\u00e3o.<\/p>\n<p>A diretoria tamb\u00e9m orienta a remarca\u00e7\u00e3o de reuni\u00f5es agendadas pelas lideran\u00e7as partid\u00e1rias e previstas para acontecer no Anexo II, onde se realizam as reuni\u00f5es das comiss\u00f5es tem\u00e1ticas.<\/p>\n<p><strong>Como foi a manifesta\u00e7\u00e3o<\/strong><\/p>\n<p>Na noite da \u00faltima quarta-feira (3) um grupo de agentes penitenci\u00e1rios invadiu o plen\u00e1rio onde deputados analisavam o relat\u00f3rio da reforma da Previd\u00eancia. A invas\u00e3o aconteceu ap\u00f3s o destaque que tratava da inclus\u00e3o da categoria na aposentadoria especial para policiais ter sido retirado da pauta. Assim, a sess\u00e3o que votava os destaques da reforma foi encerrada.<\/p>\n<p>A invas\u00e3o durou cerca de 30 minutos. O presidente da Comiss\u00e3o Especial da Reforma da Previd\u00eancia, deputado Carlos Marun (PMDB-MS), e o relator Arthur Maia (PPS-BA) sa\u00edram escoltados pela pol\u00edcia. A confus\u00e3o aconteceu ap\u00f3s a aprova\u00e7\u00e3o do relat\u00f3rio final de Maia (PPS-BA), quando os deputados votavam os 13 destaques de bancada. Ap\u00f3s rejeitar o primeiro destaque, o colegiado iniciou a an\u00e1lise de um destaque do PTB, apresentado pelo deputado Arnaldo Faria de Sa (PTB-SP), que colocava os agentes penitenci\u00e1rios e socioeducativos nas mesmas regras dos policiais civis.<\/p>\n<p>Ap\u00f3s dois partidos da base aliada, o PP e o PSDB encaminharem o voto a favor do destaque, o presidente da comiss\u00e3o suspendeu a reuni\u00e3o. Em conversa com l\u00edderes de partidos da base, o l\u00edder do PSDB, Ricardo Tripoli (SP) recuou em rela\u00e7\u00e3o ao encaminhamento, mudando a posi\u00e7\u00e3o para voto contr\u00e1rio. &#8220;Vamos mudar a orienta\u00e7\u00e3o da vota\u00e7\u00e3o e aceitamos levar ao plen\u00e1rio, mas sem o compromisso da aprova\u00e7\u00e3o do PSDB&#8221;, disse Tripoli.<\/p>\n<p>A oposi\u00e7\u00e3o questionou a interrup\u00e7\u00e3o da vota\u00e7\u00e3o do encaminhamento de voto. &#8220;Quem n\u00e3o quer votar \u00e9 a bancada do governo. Essa obstru\u00e7\u00e3o \u00e9 da base do governo. Depois n\u00e3o digam aos agentes que n\u00f3s n\u00e3o queremos votar&#8221;, disse a vice-l\u00edder da minoria, Jandira Feghali (PCdoB-RJ).<\/p>\n<p>Houve discuss\u00e3o e a base do governo prop\u00f4s a Faria de S\u00e1 que retirasse seu destaque para que o assunto seja negociado novamente e votado em plen\u00e1rio.<\/p>\n<p>Arnaldo Faria de S\u00e1 retirou o destaque porque, sem acordo, ele seria derrotado na comiss\u00e3o. &#8220;Eu tinha vislumbrado a possibilidade de ganhar o destaque com a posi\u00e7\u00e3o do PSDB, mas sem o apoio eu retiro a emenda e levo para o plen\u00e1rio. Vamos seguir em frente&#8221;, lamentou.<\/p>\n<p>Pouco depois, os agentes invadiram o pr\u00e9dio. Houve bate-boca e amea\u00e7as. A maior parte dos deputados deixou a sess\u00e3o, permanecendo os deputados de oposi\u00e7\u00e3o e que apoiavam o pleito da categoria.<\/p>\n<p><strong>CARIRI EM A\u00c7\u00c3O<\/strong><\/p>\n<p>Com Ag\u00eancia Brasil\/Foto: Google<\/p>\n<p><strong>Leia mais not\u00edcias em\u00a0<\/strong><a href=\"http:\/\/www.caririemacao.com\/\"><strong>caririemacao.com<\/strong><\/a><strong>, siga nossa p\u00e1gina no\u00a0<\/strong><a href=\"https:\/\/www.facebook.com\/CaririEmAcao\/?ref=aymt_homepage_panel\"><strong>Facebook<\/strong><\/a><strong>\u00a0e\u00a0<a href=\"https:\/\/www.instagram.com\/cariri_em_acao\/?hl=pt-br\">Instagram<\/a>\u00a0veja nossas mat\u00e9rias e fotos. Voc\u00ea tamb\u00e9m pode enviar informa\u00e7\u00f5es \u00e0 Reda\u00e7\u00e3o do Portal Cariri em A\u00e7\u00e3o pelo WhatsApp (83) 9 9634.5791, (83) 9 9601-1162.<\/strong><\/p>\n","protected":false},"excerpt":{"rendered":"<p>Na semana em que os deputados pretendem concluir a vota\u00e7\u00e3o dos destaques \u00e0 Proposta de Emenda \u00e0 Constitui\u00e7\u00e3o (PEC) da Reforma da Previd\u00eancia, na comiss\u00e3o&hellip; <\/p>\n","protected":false},"author":2,"featured_media":19194,"comment_status":"closed","ping_status":"closed","sticky":false,"template":"","format":"standard","meta":{"sfsi_plus_gutenberg_text_before_share":"","sfsi_plus_gutenberg_show_text_before_share":"","sfsi_plus_gutenberg_icon_type":"","sfsi_plus_gutenberg_icon_alignemt":"","sfsi_plus_gutenburg_max_per_row":"","footnotes":""},"categories":[11],"tags":[],"class_list":["post-19193","post","type-post","status-publish","format-standard","has-post-thumbnail","hentry","category-politica"],"_links":{"self":[{"href":"https:\/\/www.caririemacao.com\/1\/wp-json\/wp\/v2\/posts\/19193","targetHints":{"allow":["GET"]}}],"collection":[{"href":"https:\/\/www.caririemacao.com\/1\/wp-json\/wp\/v2\/posts"}],"about":[{"href":"https:\/\/www.caririemacao.com\/1\/wp-json\/wp\/v2\/types\/post"}],"author":[{"embeddable":true,"href":"https:\/\/www.caririemacao.com\/1\/wp-json\/wp\/v2\/users\/2"}],"replies":[{"embeddable":true,"href":"https:\/\/www.caririemacao.com\/1\/wp-json\/wp\/v2\/comments?post=19193"}],"version-history":[{"count":0,"href":"https:\/\/www.caririemacao.com\/1\/wp-json\/wp\/v2\/posts\/19193\/revisions"}],"wp:featuredmedia":[{"embeddable":true,"href":"https:\/\/www.caririemacao.com\/1\/wp-json\/wp\/v2\/media\/19194"}],"wp:attachment":[{"href":"https:\/\/www.caririemacao.com\/1\/wp-json\/wp\/v2\/media?parent=19193"}],"wp:term":[{"taxonomy":"category","embeddable":true,"href":"https:\/\/www.caririemacao.com\/1\/wp-json\/wp\/v2\/categories?post=19193"},{"taxonomy":"post_tag","embeddable":true,"href":"https:\/\/www.caririemacao.com\/1\/wp-json\/wp\/v2\/tags?post=19193"}],"curies":[{"name":"wp","href":"https:\/\/api.w.org\/{rel}","templated":true}]}}