{"id":191941,"date":"2020-10-11T15:44:14","date_gmt":"2020-10-11T18:44:14","guid":{"rendered":"https:\/\/www.caririemacao.com\/1\/?p=191941"},"modified":"2020-10-11T15:44:18","modified_gmt":"2020-10-11T18:44:18","slug":"chefe-do-centro-de-combate-a-incendios-do-ibama-pede-para-deixar-cargo-um-mes-depois-de-nomeado","status":"publish","type":"post","link":"https:\/\/www.caririemacao.com\/1\/2020\/10\/11\/chefe-do-centro-de-combate-a-incendios-do-ibama-pede-para-deixar-cargo-um-mes-depois-de-nomeado\/","title":{"rendered":"Chefe do centro de combate a inc\u00eandios do Ibama pede para deixar cargo um m\u00eas depois de nomeado"},"content":{"rendered":"\n<p class=\"wp-block-paragraph\">Um m\u00eas ap\u00f3s ser nomeado chefe do Centro Nacional de Preven\u00e7\u00e3o e Combate aos Inc\u00eandios Florestais (Prevfogo) do\u00a0Ibama, Jos\u00e9 Carlos Mendes de Morais pediu exonera\u00e7\u00e3o do cargo na sexta-feira (9).<\/p>\n\n\n\n<p class=\"wp-block-paragraph\">Subordinado ao\u00a0Instituto Brasileiro do Meio Ambiente e dos Recursos Naturais Renov\u00e1veis (Ibama), o Prevfogo \u00e9 respons\u00e1vel pela pol\u00edtica de combate aos inc\u00eandios florestais em todo o territ\u00f3rio nacional.<\/p>\n\n\n\n<p class=\"wp-block-paragraph\">Procurado, o Ibama confirmou, por meio de sua assessoria de imprensa, que Morais pediu exonera\u00e7\u00e3o alegando motivos pessoais. A exonera\u00e7\u00e3o dele, por\u00e9m, ainda depende de publica\u00e7\u00e3o no &#8220;Di\u00e1rio Oficial da Uni\u00e3o&#8221;.<\/p>\n\n\n\n<p class=\"wp-block-paragraph\">Em uma mensagem enviada aos servidores comunicando que havia solicitado sua exonera\u00e7\u00e3o, Morais n\u00e3o deixou claro o que motivou a sua sa\u00edda. Disse apenas que se tratava de &#8220;motivo de for\u00e7a maior&#8221;.<\/p>\n\n\n\n<p class=\"wp-block-paragraph\">Morais agradeceu o apoio dos colegas no que ele chamou de &#8220;dif\u00edcil, mas importante miss\u00e3o de promover o combate aos inc\u00eandios florestais que tem assolado v\u00e1rias regi\u00f5es do pa\u00eds&#8221;. Afirmou ainda estar certo de que continuar\u00e3o &#8220;nessa luta de contribuir com a preserva\u00e7\u00e3o do meio ambiente e do desenvolvimento sustent\u00e1vel&#8221;.<\/p>\n\n\n\n<p class=\"wp-block-paragraph\">A nomea\u00e7\u00e3o dele havia sido publicada em 11 de setembro deste ano no Di\u00e1rio Oficial da Uni\u00e3o, por meio de uma portaria assinada pelo presidente do Ibama, Eduardo Fortunato Bim.<\/p>\n\n\n\n<p class=\"wp-block-paragraph\">As atividades desenvolvidas pelo Prevfogo incluem a realiza\u00e7\u00e3o de campanhas educativas, treinamento e capacita\u00e7\u00e3o de produtores rurais e brigadistas, monitoramento e pesquisa.<\/p>\n\n\n\n<h4 class=\"wp-block-heading\">Queimadas<\/h4>\n\n\n\n<p class=\"wp-block-paragraph\">Neste ano, tanto a Amaz\u00f4nia quanto o Pantanal t\u00eam registrado aumento no n\u00famero de queimadas.<\/p>\n\n\n\n<p class=\"wp-block-paragraph\">Segundo dados do Instituto Nacional de Pesquisas Espaciais (Inpe),\u00a0o n\u00famero de focos de inc\u00eandio na Amaz\u00f4nia de janeiro a setembro deste ano \u00e9 o maior desde 2010.<\/p>\n\n\n\n<p class=\"wp-block-paragraph\">Naquele ano, foram 102.409 pontos de fogo na floresta de 1\u00ba de janeiro a 30 de setembro; em 2020, no mesmo per\u00edodo, foram 76.030<\/p>\n\n\n\n<p class=\"wp-block-paragraph\">Al\u00e9m disso, de janeiro at\u00e9 quinta-feira (8), a Amaz\u00f4nia teve quase o mesmo n\u00famero de focos que o registrado em todo o ano de 2019: 81.805 contra 89.176 vistos no ano passado<\/p>\n\n\n\n<p class=\"wp-block-paragraph\">O m\u00eas passado foi, ainda, o\u00a0pior na hist\u00f3ria em n\u00famero de inc\u00eandios no Pantanal: foram 8.106 registros. O recorde mensal anterior era de 5.993, de agosto de 2005.<\/p>\n\n\n\n<p class=\"wp-block-paragraph\">G1<\/p>\n","protected":false},"excerpt":{"rendered":"<p>Um m\u00eas ap\u00f3s ser nomeado chefe do Centro Nacional de Preven\u00e7\u00e3o e Combate aos Inc\u00eandios Florestais (Prevfogo) do\u00a0Ibama, Jos\u00e9 Carlos Mendes de Morais pediu exonera\u00e7\u00e3o do cargo na sexta-feira (9). Subordinado ao\u00a0Instituto Brasileiro do Meio Ambiente e dos Recursos Naturais Renov\u00e1veis (Ibama), o Prevfogo \u00e9 respons\u00e1vel pela pol\u00edtica de combate aos inc\u00eandios florestais em todo o territ\u00f3rio nacional. Procurado, o Ibama confirmou, por meio de sua assessoria de imprensa, que Morais pediu exonera\u00e7\u00e3o alegando motivos pessoais. A exonera\u00e7\u00e3o dele, por\u00e9m, ainda depende de publica\u00e7\u00e3o no &#8220;Di\u00e1rio Oficial da Uni\u00e3o&#8221;. Em uma mensagem enviada aos servidores comunicando que havia solicitado sua exonera\u00e7\u00e3o, Morais n\u00e3o deixou claro o que motivou a sua sa\u00edda. Disse apenas que se tratava de &#8220;motivo de for\u00e7a maior&#8221;. Morais agradeceu o apoio dos colegas no que ele chamou de &#8220;dif\u00edcil, mas importante miss\u00e3o de promover o combate aos inc\u00eandios florestais que tem assolado v\u00e1rias regi\u00f5es do pa\u00eds&#8221;. Afirmou ainda estar certo de que continuar\u00e3o &#8220;nessa luta de contribuir com a preserva\u00e7\u00e3o do meio ambiente e do desenvolvimento sustent\u00e1vel&#8221;. A nomea\u00e7\u00e3o dele havia sido publicada em 11 de setembro deste ano no Di\u00e1rio Oficial da Uni\u00e3o, por meio de uma portaria assinada pelo presidente do Ibama, Eduardo Fortunato Bim. As atividades desenvolvidas pelo Prevfogo incluem a realiza\u00e7\u00e3o de campanhas educativas, treinamento e capacita\u00e7\u00e3o de produtores rurais e brigadistas, monitoramento e pesquisa. Queimadas Neste ano, tanto a Amaz\u00f4nia quanto o Pantanal t\u00eam registrado aumento no n\u00famero de queimadas. Segundo dados do Instituto Nacional de Pesquisas Espaciais (Inpe),\u00a0o n\u00famero de focos de inc\u00eandio na Amaz\u00f4nia de janeiro a setembro deste ano \u00e9 o maior desde 2010. Naquele ano, foram 102.409 pontos de fogo na floresta de 1\u00ba de janeiro a 30 de setembro; em 2020, no mesmo per\u00edodo, foram 76.030 Al\u00e9m disso, de janeiro at\u00e9 quinta-feira (8), a Amaz\u00f4nia teve quase o mesmo n\u00famero de focos que o registrado em todo o ano de 2019: 81.805 contra 89.176 vistos no ano passado O m\u00eas passado foi, ainda, o\u00a0pior na hist\u00f3ria em n\u00famero de inc\u00eandios no Pantanal: foram 8.106 registros. O recorde mensal anterior era de 5.993, de agosto de 2005. G1<\/p>\n","protected":false},"author":6,"featured_media":122392,"comment_status":"closed","ping_status":"closed","sticky":false,"template":"","format":"standard","meta":{"sfsi_plus_gutenberg_text_before_share":"","sfsi_plus_gutenberg_show_text_before_share":"","sfsi_plus_gutenberg_icon_type":"","sfsi_plus_gutenberg_icon_alignemt":"","sfsi_plus_gutenburg_max_per_row":"","footnotes":""},"categories":[50],"tags":[],"class_list":["post-191941","post","type-post","status-publish","format-standard","has-post-thumbnail","hentry","category-destaque"],"_links":{"self":[{"href":"https:\/\/www.caririemacao.com\/1\/wp-json\/wp\/v2\/posts\/191941","targetHints":{"allow":["GET"]}}],"collection":[{"href":"https:\/\/www.caririemacao.com\/1\/wp-json\/wp\/v2\/posts"}],"about":[{"href":"https:\/\/www.caririemacao.com\/1\/wp-json\/wp\/v2\/types\/post"}],"author":[{"embeddable":true,"href":"https:\/\/www.caririemacao.com\/1\/wp-json\/wp\/v2\/users\/6"}],"replies":[{"embeddable":true,"href":"https:\/\/www.caririemacao.com\/1\/wp-json\/wp\/v2\/comments?post=191941"}],"version-history":[{"count":1,"href":"https:\/\/www.caririemacao.com\/1\/wp-json\/wp\/v2\/posts\/191941\/revisions"}],"predecessor-version":[{"id":191942,"href":"https:\/\/www.caririemacao.com\/1\/wp-json\/wp\/v2\/posts\/191941\/revisions\/191942"}],"wp:featuredmedia":[{"embeddable":true,"href":"https:\/\/www.caririemacao.com\/1\/wp-json\/wp\/v2\/media\/122392"}],"wp:attachment":[{"href":"https:\/\/www.caririemacao.com\/1\/wp-json\/wp\/v2\/media?parent=191941"}],"wp:term":[{"taxonomy":"category","embeddable":true,"href":"https:\/\/www.caririemacao.com\/1\/wp-json\/wp\/v2\/categories?post=191941"},{"taxonomy":"post_tag","embeddable":true,"href":"https:\/\/www.caririemacao.com\/1\/wp-json\/wp\/v2\/tags?post=191941"}],"curies":[{"name":"wp","href":"https:\/\/api.w.org\/{rel}","templated":true}]}}