{"id":191955,"date":"2020-10-11T15:58:52","date_gmt":"2020-10-11T18:58:52","guid":{"rendered":"https:\/\/www.caririemacao.com\/1\/?p=191955"},"modified":"2020-10-11T15:58:54","modified_gmt":"2020-10-11T18:58:54","slug":"banhistas-lotam-praia-de-boa-viagem-e-desrespeitam-regras-de-prevencao-a-covid-19-no-recife","status":"publish","type":"post","link":"https:\/\/www.caririemacao.com\/1\/2020\/10\/11\/banhistas-lotam-praia-de-boa-viagem-e-desrespeitam-regras-de-prevencao-a-covid-19-no-recife\/","title":{"rendered":"Banhistas lotam praia de Boa Viagem e desrespeitam regras de preven\u00e7\u00e3o \u00e0 Covid-19, no Recife"},"content":{"rendered":"\n<p class=\"wp-block-paragraph\">Areia e cal\u00e7ad\u00e3o ficaram lotados em Boa Viagem, na Zona Sul do\u00a0Recife, neste domingo (11), v\u00e9spera do\u00a0feriado de Nossa Senhora Aparecida. Apesar de haver recomenda\u00e7\u00f5es para o distanciamento social devido \u00e0 pandemia da\u00a0Covid-19, foi poss\u00edvel ver guarda-s\u00f3is fincados em dist\u00e2ncias curtas e aglomera\u00e7\u00e3o de pessoas.<\/p>\n\n\n\n<p class=\"wp-block-paragraph\">Em \u00e1reas da orla demarcadas com bandeiras devido ao risco de afogamento, foi poss\u00edvel ver diversos banhistas desrespeitando o aviso para n\u00e3o nadar na \u00e1rea. Crian\u00e7as tamb\u00e9m estavam na \u00e1gua no mesmo trecho da praia.<\/p>\n\n\n\n<figure class=\"wp-block-image\"><img decoding=\"async\" src=\"https:\/\/s2.glbimg.com\/1516luDkWAmVbzBB6tAuMTNrb3U=\/0x0:1280x853\/984x0\/smart\/filters:strip_icc()\/i.s3.glbimg.com\/v1\/AUTH_59edd422c0c84a879bd37670ae4f538a\/internal_photos\/bs\/2020\/v\/6\/44YkBWQq6OZKBkQGx8qg\/banhistas-boa-viagem.jpg\" alt=\"Banhistas aproveitam praia de Boa Viagem, na Zona Sul do Recife, na v\u00e9spera do feriado de Nossa Senhora Aparecida \u2014 Foto: Marlon Costa\/Pernambuco Press\"\/><\/figure>\n\n\n\n<p class=\"wp-block-paragraph\">Banhistas aproveitam praia de Boa Viagem, na Zona Sul do Recife, na v\u00e9spera do feriado de Nossa Senhora Aparecida \u2014 Foto: Marlon Costa\/Pernambuco Press<\/p>\n\n\n\n<p class=\"wp-block-paragraph\">Em alguns trechos da orla, vendedores de petiscos e outros alimentos circularam entre os banhistas sem a m\u00e1scara, item de uso obrigat\u00f3rio por determina\u00e7\u00e3o estadual. Tamb\u00e9m foi poss\u00edvel ver pessoas nas cadeiras de praia sem a prote\u00e7\u00e3o no rosto.<\/p>\n\n\n\n<p class=\"wp-block-paragraph\">O\u00a0protocolo de preven\u00e7\u00e3o \u00e0 Covid-19 nas praias\u00a0exige, entre outros pontos, o uso de m\u00e1scara quando fora da \u00e1gua. A exce\u00e7\u00e3o \u00e9 no momento em que a pessoa estiver comendo ou bebendo algo.<\/p>\n\n\n\n<p class=\"wp-block-paragraph\">No cal\u00e7ad\u00e3o, houve movimenta\u00e7\u00e3o intensa, com alguns pedestres com m\u00e1scara. Outras pessoas que praticavam caminhada, corrida ou andavam de bicicleta estavam sem o item de prote\u00e7\u00e3o.<\/p>\n\n\n\n<figure class=\"wp-block-image\"><img decoding=\"async\" src=\"https:\/\/s2.glbimg.com\/600n7B7LQpqvBaJuLAumqmqyMKY=\/0x0:1280x853\/984x0\/smart\/filters:strip_icc()\/i.s3.glbimg.com\/v1\/AUTH_59edd422c0c84a879bd37670ae4f538a\/internal_photos\/bs\/2020\/Y\/J\/Ess6COQnSEDLXYQ7gVEA\/praia-boa-viagem-proibido-nadar.jpg\" alt=\"Aviso de proibi\u00e7\u00e3o para nadar foi desrespeitado neste domingo (11), na praia de Boa Viagem, na Zona Sul do Recife \u2014 Foto: Marlon Costa\/Pernambuco Press\"\/><\/figure>\n\n\n\n<p class=\"wp-block-paragraph\">Aviso de proibi\u00e7\u00e3o para nadar foi desrespeitado neste domingo (11), na praia de Boa Viagem, na Zona Sul do Recife \u2014 Foto: Marlon Costa\/Pernambuco Press<\/p>\n\n\n\n<h4 class=\"wp-block-heading\">Covid-19 em Pernambuco<\/h4>\n\n\n\n<p class=\"wp-block-paragraph\">Neste domingo (11), foram confirmados\u00a0146 novos casos e tr\u00eas \u00f3bitos pela Covid-19 em Pernambuco. Com isso, o estado passou a somar 153.144 casos e 8.411 mortes de pessoas infectadas pelo novo coronav\u00edrus. Os n\u00fameros s\u00e3o\u00a0contabilizados desde mar\u00e7o.<\/p>\n\n\n\n<figure class=\"wp-block-image\"><img decoding=\"async\" src=\"https:\/\/s2.glbimg.com\/av_Ut27hCZ3jWZQygGGs6pmGo-A=\/0x0:1280x853\/984x0\/smart\/filters:strip_icc()\/i.s3.glbimg.com\/v1\/AUTH_59edd422c0c84a879bd37670ae4f538a\/internal_photos\/bs\/2020\/M\/B\/SxbVdkQkaxM7uBSAawBQ\/praia-boa-viagem-cheia.jpg\" alt=\"Banhistas aproveitaram a v\u00e9spera de feriado na praia de Boa Viagem, no Recife, neste domingo (11) \u2014 Foto: Marlon Costa\/Pernambuco Press\"\/><\/figure>\n\n\n\n<p class=\"wp-block-paragraph\">Banhistas aproveitaram a v\u00e9spera de feriado na praia de Boa Viagem, no Recife, neste domingo (11) \u2014 Foto: Marlon Costa\/Pernambuco Press<\/p>\n\n\n\n<figure class=\"wp-block-image\"><img decoding=\"async\" src=\"https:\/\/s2.glbimg.com\/JSpXvSe9EuP2Jb1rTyiEtCRD9gU=\/0x0:1280x853\/984x0\/smart\/filters:strip_icc()\/i.s3.glbimg.com\/v1\/AUTH_59edd422c0c84a879bd37670ae4f538a\/internal_photos\/bs\/2020\/I\/q\/XhYo5kQrSO6KkLAGibiA\/praia-boa-viagem-calcadao.jpg\" alt=\"Cal\u00e7ad\u00e3o da praia de Boa Viagem, na Zona Sul do Recife, ficou lotado neste domingo (11) \u2014 Foto: Marlon Costa\/Pernambuco Press\"\/><\/figure>\n\n\n\n<p class=\"wp-block-paragraph\">Cal\u00e7ad\u00e3o da praia de Boa Viagem, na Zona Sul do Recife, ficou lotado neste domingo (11) \u2014 Foto: Marlon Costa\/Pernambuco Press<\/p>\n\n\n\n<figure class=\"wp-block-image\"><img decoding=\"async\" src=\"https:\/\/s2.glbimg.com\/OAoxW3tqlKXTr--0jy9TOsxkzjo=\/0x0:1280x853\/984x0\/smart\/filters:strip_icc()\/i.s3.glbimg.com\/v1\/AUTH_59edd422c0c84a879bd37670ae4f538a\/internal_photos\/bs\/2020\/O\/U\/YrCJxiTse5ykwMpUPGnw\/vendedor-praia.jpg\" alt=\"Vendedor desrespeita uso de m\u00e1scara na praia de Boa Viagem, na Zona Sul do Recife, neste domingo (11) \u2014 Foto: Marlon Costa\/Pernambuco Press\"\/><\/figure>\n\n\n\n<p class=\"wp-block-paragraph\">Vendedor desrespeita uso de m\u00e1scara na praia de Boa Viagem, na Zona Sul do Recife, neste domingo (11) \u2014 Foto: Marlon Costa\/Pernambuco Press<\/p>\n\n\n\n<figure class=\"wp-block-image\"><img decoding=\"async\" src=\"https:\/\/s2.glbimg.com\/AvK7lwNCQb5LqEskqkE6Bzh0jMA=\/0x0:1280x853\/984x0\/smart\/filters:strip_icc()\/i.s3.glbimg.com\/v1\/AUTH_59edd422c0c84a879bd37670ae4f538a\/internal_photos\/bs\/2020\/z\/M\/Ko8DBvR0ukIB1InYEBUA\/praia-banhistas.jpg\" alt=\"Banhistas mergulham no mar em Boa Viagem, na Zona Sul do Recife \u2014 Foto: Marlon Costa\/Pernambuco Press\"\/><\/figure>\n\n\n\n<p class=\"wp-block-paragraph\">Banhistas mergulham no mar em Boa Viagem, na Zona Sul do Recife \u2014 Foto: Marlon Costa\/Pernambuco Press<\/p>\n\n\n\n<figure class=\"wp-block-image\"><img decoding=\"async\" src=\"https:\/\/s2.glbimg.com\/SmTrSVuXqUcN9zZ2JeP4PFsHpA8=\/0x0:1280x853\/984x0\/smart\/filters:strip_icc()\/i.s3.glbimg.com\/v1\/AUTH_59edd422c0c84a879bd37670ae4f538a\/internal_photos\/bs\/2020\/7\/E\/xYIcPXRIqSwpyni8CGdQ\/guarda-sois.jpg\" alt=\"Guarda-s\u00f3is foram colocados em diversos pontos da orla de Boa Viagem, na Zona Sul do Recife, neste domingo (11) \u2014 Foto: Marlon Costa\/Pernambuco Press\"\/><\/figure>\n\n\n\n<p class=\"wp-block-paragraph\">Guarda-s\u00f3is foram colocados em diversos pontos da orla de Boa Viagem, na Zona Sul do Recife, neste domingo (11) \u2014 Foto: Marlon Costa\/Pernambuco Press<\/p>\n\n\n\n<figure class=\"wp-block-image\"><img decoding=\"async\" src=\"https:\/\/s2.glbimg.com\/HHd2xg2oy9t4Urf9SkkzLa0DY6I=\/0x0:1280x853\/984x0\/smart\/filters:strip_icc()\/i.s3.glbimg.com\/v1\/AUTH_59edd422c0c84a879bd37670ae4f538a\/internal_photos\/bs\/2020\/O\/J\/nT407wTBu1kTRFYl0Yjg\/ciclista.jpg\" alt=\"Movimento foi intenso na tarde deste domingo (11), em Boa Viagem, na Zona Sul do Recife \u2014 Foto: Marlon Costa\/Pernambuco Press\"\/><\/figure>\n\n\n\n<p class=\"wp-block-paragraph\">Movimento foi intenso na tarde deste domingo (11), em Boa Viagem, na Zona Sul do Recife \u2014 Foto: Marlon Costa\/Pernambuco Press<\/p>\n\n\n\n<p class=\"wp-block-paragraph\">G1<\/p>\n","protected":false},"excerpt":{"rendered":"<p>Areia e cal\u00e7ad\u00e3o ficaram lotados em Boa Viagem, na Zona Sul do\u00a0Recife, neste domingo (11), v\u00e9spera do\u00a0feriado de Nossa Senhora Aparecida. Apesar de haver recomenda\u00e7\u00f5es para o distanciamento social devido \u00e0 pandemia da\u00a0Covid-19, foi poss\u00edvel ver guarda-s\u00f3is fincados em dist\u00e2ncias curtas e aglomera\u00e7\u00e3o de pessoas. Em \u00e1reas da orla demarcadas com bandeiras devido ao risco de afogamento, foi poss\u00edvel ver diversos banhistas desrespeitando o aviso para n\u00e3o nadar na \u00e1rea. Crian\u00e7as tamb\u00e9m estavam na \u00e1gua no mesmo trecho da praia. Banhistas aproveitam praia de Boa Viagem, na Zona Sul do Recife, na v\u00e9spera do feriado de Nossa Senhora Aparecida \u2014 Foto: Marlon Costa\/Pernambuco Press Em alguns trechos da orla, vendedores de petiscos e outros alimentos circularam entre os banhistas sem a m\u00e1scara, item de uso obrigat\u00f3rio por determina\u00e7\u00e3o estadual. Tamb\u00e9m foi poss\u00edvel ver pessoas nas cadeiras de praia sem a prote\u00e7\u00e3o no rosto. O\u00a0protocolo de preven\u00e7\u00e3o \u00e0 Covid-19 nas praias\u00a0exige, entre outros pontos, o uso de m\u00e1scara quando fora da \u00e1gua. A exce\u00e7\u00e3o \u00e9 no momento em que a pessoa estiver comendo ou bebendo algo. No cal\u00e7ad\u00e3o, houve movimenta\u00e7\u00e3o intensa, com alguns pedestres com m\u00e1scara. Outras pessoas que praticavam caminhada, corrida ou andavam de bicicleta estavam sem o item de prote\u00e7\u00e3o. Aviso de proibi\u00e7\u00e3o para nadar foi desrespeitado neste domingo (11), na praia de Boa Viagem, na Zona Sul do Recife \u2014 Foto: Marlon Costa\/Pernambuco Press Covid-19 em Pernambuco Neste domingo (11), foram confirmados\u00a0146 novos casos e tr\u00eas \u00f3bitos pela Covid-19 em Pernambuco. Com isso, o estado passou a somar 153.144 casos e 8.411 mortes de pessoas infectadas pelo novo coronav\u00edrus. Os n\u00fameros s\u00e3o\u00a0contabilizados desde mar\u00e7o. Banhistas aproveitaram a v\u00e9spera de feriado na praia de Boa Viagem, no Recife, neste domingo (11) \u2014 Foto: Marlon Costa\/Pernambuco Press Cal\u00e7ad\u00e3o da praia de Boa Viagem, na Zona Sul do Recife, ficou lotado neste domingo (11) \u2014 Foto: Marlon Costa\/Pernambuco Press Vendedor desrespeita uso de m\u00e1scara na praia de Boa Viagem, na Zona Sul do Recife, neste domingo (11) \u2014 Foto: Marlon Costa\/Pernambuco Press Banhistas mergulham no mar em Boa Viagem, na Zona Sul do Recife \u2014 Foto: Marlon Costa\/Pernambuco Press Guarda-s\u00f3is foram colocados em diversos pontos da orla de Boa Viagem, na Zona Sul do Recife, neste domingo (11) \u2014 Foto: Marlon Costa\/Pernambuco Press Movimento foi intenso na tarde deste domingo (11), em Boa Viagem, na Zona Sul do Recife \u2014 Foto: Marlon Costa\/Pernambuco Press G1<\/p>\n","protected":false},"author":6,"featured_media":191956,"comment_status":"closed","ping_status":"closed","sticky":false,"template":"","format":"standard","meta":{"sfsi_plus_gutenberg_text_before_share":"","sfsi_plus_gutenberg_show_text_before_share":"","sfsi_plus_gutenberg_icon_type":"","sfsi_plus_gutenberg_icon_alignemt":"","sfsi_plus_gutenburg_max_per_row":"","footnotes":""},"categories":[50],"tags":[],"class_list":["post-191955","post","type-post","status-publish","format-standard","has-post-thumbnail","hentry","category-destaque"],"_links":{"self":[{"href":"https:\/\/www.caririemacao.com\/1\/wp-json\/wp\/v2\/posts\/191955","targetHints":{"allow":["GET"]}}],"collection":[{"href":"https:\/\/www.caririemacao.com\/1\/wp-json\/wp\/v2\/posts"}],"about":[{"href":"https:\/\/www.caririemacao.com\/1\/wp-json\/wp\/v2\/types\/post"}],"author":[{"embeddable":true,"href":"https:\/\/www.caririemacao.com\/1\/wp-json\/wp\/v2\/users\/6"}],"replies":[{"embeddable":true,"href":"https:\/\/www.caririemacao.com\/1\/wp-json\/wp\/v2\/comments?post=191955"}],"version-history":[{"count":1,"href":"https:\/\/www.caririemacao.com\/1\/wp-json\/wp\/v2\/posts\/191955\/revisions"}],"predecessor-version":[{"id":191957,"href":"https:\/\/www.caririemacao.com\/1\/wp-json\/wp\/v2\/posts\/191955\/revisions\/191957"}],"wp:featuredmedia":[{"embeddable":true,"href":"https:\/\/www.caririemacao.com\/1\/wp-json\/wp\/v2\/media\/191956"}],"wp:attachment":[{"href":"https:\/\/www.caririemacao.com\/1\/wp-json\/wp\/v2\/media?parent=191955"}],"wp:term":[{"taxonomy":"category","embeddable":true,"href":"https:\/\/www.caririemacao.com\/1\/wp-json\/wp\/v2\/categories?post=191955"},{"taxonomy":"post_tag","embeddable":true,"href":"https:\/\/www.caririemacao.com\/1\/wp-json\/wp\/v2\/tags?post=191955"}],"curies":[{"name":"wp","href":"https:\/\/api.w.org\/{rel}","templated":true}]}}