{"id":191964,"date":"2020-10-11T16:08:11","date_gmt":"2020-10-11T19:08:11","guid":{"rendered":"https:\/\/www.caririemacao.com\/1\/?p=191964"},"modified":"2020-10-11T16:08:12","modified_gmt":"2020-10-11T19:08:12","slug":"produtores-de-goias-adotam-medidas-para-refrescar-gado-em-meio-ao-calor-intenso","status":"publish","type":"post","link":"https:\/\/www.caririemacao.com\/1\/2020\/10\/11\/produtores-de-goias-adotam-medidas-para-refrescar-gado-em-meio-ao-calor-intenso\/","title":{"rendered":"Produtores de Goi\u00e1s adotam medidas para refrescar gado em meio ao calor intenso"},"content":{"rendered":"\n<p class=\"wp-block-paragraph\">Produtores de\u00a0Goi\u00e1s\u00a0est\u00e3o adotando medidas para refrescar o rebanho em meio ao intenso calor.<\/p>\n\n\n\n<p class=\"wp-block-paragraph\">Em uma fazenda no munic\u00edpio de Rio Verde, por exemplo, vacas leiteiras ficam em uma sala de espera meia hora antes da ordenha, recebendo \u00e1gua fresca e sombra. Uma outra solu\u00e7\u00e3o foi improvisar canos e torneiras para refrescar o rebanho nos cochos.<\/p>\n\n\n\n<p class=\"wp-block-paragraph\">&#8220;Eles entram em estresse cal\u00f3rico, estresse t\u00e9rmico. Ent\u00e3o isso prejudica bastante, diminui a produ\u00e7\u00e3o, porque o animal come menos, ent\u00e3o vai querer ficar mais na sombra e n\u00e3o vai querer comer, n\u00e3o vai querer ir no cocho, n\u00e3o vai querer andar pra ir procurar \u00e1gua. Atrapalha a reprodu\u00e7\u00e3o tamb\u00e9m&#8221;, diz a veterin\u00e1ria Eliane Almeida Fonseca.<\/p>\n\n\n\n<p class=\"wp-block-paragraph\">G1<\/p>\n","protected":false},"excerpt":{"rendered":"<p>Produtores de\u00a0Goi\u00e1s\u00a0est\u00e3o adotando medidas para refrescar o rebanho em meio ao intenso calor. Em uma fazenda no munic\u00edpio de Rio Verde, por exemplo, vacas leiteiras ficam em uma sala de espera meia hora antes da ordenha, recebendo \u00e1gua fresca e sombra. Uma outra solu\u00e7\u00e3o foi improvisar canos e torneiras para refrescar o rebanho nos cochos. &#8220;Eles entram em estresse cal\u00f3rico, estresse t\u00e9rmico. Ent\u00e3o isso prejudica bastante, diminui a produ\u00e7\u00e3o, porque o animal come menos, ent\u00e3o vai querer ficar mais na sombra e n\u00e3o vai querer comer, n\u00e3o vai querer ir no cocho, n\u00e3o vai querer andar pra ir procurar \u00e1gua. Atrapalha a reprodu\u00e7\u00e3o tamb\u00e9m&#8221;, diz a veterin\u00e1ria Eliane Almeida Fonseca. G1<\/p>\n","protected":false},"author":6,"featured_media":191965,"comment_status":"closed","ping_status":"closed","sticky":false,"template":"","format":"standard","meta":{"sfsi_plus_gutenberg_text_before_share":"","sfsi_plus_gutenberg_show_text_before_share":"","sfsi_plus_gutenberg_icon_type":"","sfsi_plus_gutenberg_icon_alignemt":"","sfsi_plus_gutenburg_max_per_row":"","footnotes":""},"categories":[50],"tags":[],"class_list":["post-191964","post","type-post","status-publish","format-standard","has-post-thumbnail","hentry","category-destaque"],"_links":{"self":[{"href":"https:\/\/www.caririemacao.com\/1\/wp-json\/wp\/v2\/posts\/191964","targetHints":{"allow":["GET"]}}],"collection":[{"href":"https:\/\/www.caririemacao.com\/1\/wp-json\/wp\/v2\/posts"}],"about":[{"href":"https:\/\/www.caririemacao.com\/1\/wp-json\/wp\/v2\/types\/post"}],"author":[{"embeddable":true,"href":"https:\/\/www.caririemacao.com\/1\/wp-json\/wp\/v2\/users\/6"}],"replies":[{"embeddable":true,"href":"https:\/\/www.caririemacao.com\/1\/wp-json\/wp\/v2\/comments?post=191964"}],"version-history":[{"count":1,"href":"https:\/\/www.caririemacao.com\/1\/wp-json\/wp\/v2\/posts\/191964\/revisions"}],"predecessor-version":[{"id":191966,"href":"https:\/\/www.caririemacao.com\/1\/wp-json\/wp\/v2\/posts\/191964\/revisions\/191966"}],"wp:featuredmedia":[{"embeddable":true,"href":"https:\/\/www.caririemacao.com\/1\/wp-json\/wp\/v2\/media\/191965"}],"wp:attachment":[{"href":"https:\/\/www.caririemacao.com\/1\/wp-json\/wp\/v2\/media?parent=191964"}],"wp:term":[{"taxonomy":"category","embeddable":true,"href":"https:\/\/www.caririemacao.com\/1\/wp-json\/wp\/v2\/categories?post=191964"},{"taxonomy":"post_tag","embeddable":true,"href":"https:\/\/www.caririemacao.com\/1\/wp-json\/wp\/v2\/tags?post=191964"}],"curies":[{"name":"wp","href":"https:\/\/api.w.org\/{rel}","templated":true}]}}