{"id":192058,"date":"2020-10-12T12:45:17","date_gmt":"2020-10-12T15:45:17","guid":{"rendered":"https:\/\/www.caririemacao.com\/1\/?p=192058"},"modified":"2020-10-12T12:45:20","modified_gmt":"2020-10-12T15:45:20","slug":"inundacoes-no-vietna-deixam-18-mortos-e-46-mil-desabrigados","status":"publish","type":"post","link":"https:\/\/www.caririemacao.com\/1\/2020\/10\/12\/inundacoes-no-vietna-deixam-18-mortos-e-46-mil-desabrigados\/","title":{"rendered":"Inunda\u00e7\u00f5es no Vietn\u00e3 deixam 18 mortos e 46 mil desabrigados"},"content":{"rendered":"\n<p class=\"wp-block-paragraph\">Uma s\u00e9rie de inunda\u00e7\u00f5es deixou 18 mortos e 46 mil desabrigados no\u00a0Vietn\u00e3\u00a0nesta segunda-feira (12) segundo as autoridades do pa\u00eds. H\u00e1 tamb\u00e9m cerca de 12 pessoas desaparecidas depois de um forte temporal no fim de semana.<\/p>\n\n\n\n<p class=\"wp-block-paragraph\">Cidades inteiras ficaram submersas nas prov\u00edncias centrais de Quang Tri e Quang Nam. A antiga capital imperial de Hue e a cidade tur\u00edstica de Hoi An tamb\u00e9m foram afetadas, mas a defesa civil conseguiu evacuar boa parte das \u00e1reas afetadas.<\/p>\n\n\n\n<figure class=\"wp-block-image\"><img decoding=\"async\" src=\"https:\/\/s2.glbimg.com\/rwvMvv7n5JOWHjinKsGD8YOenRk=\/0x0:1140x942\/984x0\/smart\/filters:strip_icc()\/i.s3.glbimg.com\/v1\/AUTH_59edd422c0c84a879bd37670ae4f538a\/internal_photos\/bs\/2020\/E\/6\/pR8V3RS26n4D0vR0go4g\/avzkv-inunda-es-no-vietn-.png\" alt=\"Inunda\u00e7\u00f5es no Vietn\u00e3 em 12 de outubro \u2014 Foto: G1\"\/><\/figure>\n\n\n\n<p class=\"wp-block-paragraph\">Inunda\u00e7\u00f5es no Vietn\u00e3 em 12 de outubro \u2014 Foto: G1<\/p>\n\n\n\n<p class=\"wp-block-paragraph\">Uma opera\u00e7\u00e3o organizada pelo ex\u00e9rcito resgatou dois pescadores que foram arrastados para o mar em Quang Tri. Eles faziam parte de um grupo maior, de oito trabalhadores. Segundo as autoridades, tr\u00eas corpos foram encontrados e outros tr\u00eas seguem desaparecidos.<\/p>\n\n\n\n<p class=\"wp-block-paragraph\">O pa\u00eds se prepara nesta segunda para uma nova tempestade que se forma no Mar da China. Durante a esta\u00e7\u00e3o mais chuvosa, que vai de junho a novembro, o Vietn\u00e3 costuma enfrentar condi\u00e7\u00f5es clim\u00e1ticas devastadoras que atingem, em especial, as prov\u00edncias do centro e da costa do pa\u00eds.<\/p>\n\n\n\n<p class=\"wp-block-paragraph\">Somente no ano passado, mais de 130 vietnamitas morreram durante a temporada de chuvas.<\/p>\n\n\n\n<figure class=\"wp-block-image\"><img decoding=\"async\" src=\"https:\/\/s2.glbimg.com\/7LrcwJXB1NaJN5fN9qS8R2DHonc=\/0x0:4500x3001\/1008x0\/smart\/filters:strip_icc()\/i.s3.glbimg.com\/v1\/AUTH_59edd422c0c84a879bd37670ae4f538a\/internal_photos\/bs\/2020\/F\/K\/OguxXSQ32XSf7aXqBAgQ\/000-8rw76n.jpg\" alt=\"Inunda\u00e7\u00e3o cobre a cidade de Hue no Vietnam nesta segunda-feira (12) \u2014 Foto: Hoang Anh\/AFP\"\/><\/figure>\n\n\n\n<p class=\"wp-block-paragraph\">Inunda\u00e7\u00e3o cobre a cidade de Hue no Vietnam nesta segunda-feira (12) \u2014 Foto: Hoang Anh\/AFP<\/p>\n\n\n\n<p class=\"wp-block-paragraph\">G1<\/p>\n","protected":false},"excerpt":{"rendered":"<p>Uma s\u00e9rie de inunda\u00e7\u00f5es deixou 18 mortos e 46 mil desabrigados no\u00a0Vietn\u00e3\u00a0nesta segunda-feira (12) segundo as autoridades do pa\u00eds. H\u00e1 tamb\u00e9m cerca de 12 pessoas desaparecidas depois de um forte temporal no fim de semana. Cidades inteiras ficaram submersas nas prov\u00edncias centrais de Quang Tri e Quang Nam. A antiga capital imperial de Hue e a cidade tur\u00edstica de Hoi An tamb\u00e9m foram afetadas, mas a defesa civil conseguiu evacuar boa parte das \u00e1reas afetadas. Inunda\u00e7\u00f5es no Vietn\u00e3 em 12 de outubro \u2014 Foto: G1 Uma opera\u00e7\u00e3o organizada pelo ex\u00e9rcito resgatou dois pescadores que foram arrastados para o mar em Quang Tri. Eles faziam parte de um grupo maior, de oito trabalhadores. Segundo as autoridades, tr\u00eas corpos foram encontrados e outros tr\u00eas seguem desaparecidos. O pa\u00eds se prepara nesta segunda para uma nova tempestade que se forma no Mar da China. Durante a esta\u00e7\u00e3o mais chuvosa, que vai de junho a novembro, o Vietn\u00e3 costuma enfrentar condi\u00e7\u00f5es clim\u00e1ticas devastadoras que atingem, em especial, as prov\u00edncias do centro e da costa do pa\u00eds. Somente no ano passado, mais de 130 vietnamitas morreram durante a temporada de chuvas. Inunda\u00e7\u00e3o cobre a cidade de Hue no Vietnam nesta segunda-feira (12) \u2014 Foto: Hoang Anh\/AFP G1<\/p>\n","protected":false},"author":6,"featured_media":192059,"comment_status":"closed","ping_status":"closed","sticky":false,"template":"","format":"standard","meta":{"sfsi_plus_gutenberg_text_before_share":"","sfsi_plus_gutenberg_show_text_before_share":"","sfsi_plus_gutenberg_icon_type":"","sfsi_plus_gutenberg_icon_alignemt":"","sfsi_plus_gutenburg_max_per_row":"","footnotes":""},"categories":[50,103],"tags":[],"class_list":["post-192058","post","type-post","status-publish","format-standard","has-post-thumbnail","hentry","category-destaque","category-mundo"],"_links":{"self":[{"href":"https:\/\/www.caririemacao.com\/1\/wp-json\/wp\/v2\/posts\/192058","targetHints":{"allow":["GET"]}}],"collection":[{"href":"https:\/\/www.caririemacao.com\/1\/wp-json\/wp\/v2\/posts"}],"about":[{"href":"https:\/\/www.caririemacao.com\/1\/wp-json\/wp\/v2\/types\/post"}],"author":[{"embeddable":true,"href":"https:\/\/www.caririemacao.com\/1\/wp-json\/wp\/v2\/users\/6"}],"replies":[{"embeddable":true,"href":"https:\/\/www.caririemacao.com\/1\/wp-json\/wp\/v2\/comments?post=192058"}],"version-history":[{"count":1,"href":"https:\/\/www.caririemacao.com\/1\/wp-json\/wp\/v2\/posts\/192058\/revisions"}],"predecessor-version":[{"id":192060,"href":"https:\/\/www.caririemacao.com\/1\/wp-json\/wp\/v2\/posts\/192058\/revisions\/192060"}],"wp:featuredmedia":[{"embeddable":true,"href":"https:\/\/www.caririemacao.com\/1\/wp-json\/wp\/v2\/media\/192059"}],"wp:attachment":[{"href":"https:\/\/www.caririemacao.com\/1\/wp-json\/wp\/v2\/media?parent=192058"}],"wp:term":[{"taxonomy":"category","embeddable":true,"href":"https:\/\/www.caririemacao.com\/1\/wp-json\/wp\/v2\/categories?post=192058"},{"taxonomy":"post_tag","embeddable":true,"href":"https:\/\/www.caririemacao.com\/1\/wp-json\/wp\/v2\/tags?post=192058"}],"curies":[{"name":"wp","href":"https:\/\/api.w.org\/{rel}","templated":true}]}}