{"id":192226,"date":"2020-10-13T15:24:46","date_gmt":"2020-10-13T18:24:46","guid":{"rendered":"https:\/\/www.caririemacao.com\/1\/?p=192226"},"modified":"2020-10-13T15:24:48","modified_gmt":"2020-10-13T18:24:48","slug":"incendio-na-zona-rural-de-sao-joao-do-cariri-ja-dura-3-dias-e-devastou-grande-area-agricola","status":"publish","type":"post","link":"https:\/\/www.caririemacao.com\/1\/2020\/10\/13\/incendio-na-zona-rural-de-sao-joao-do-cariri-ja-dura-3-dias-e-devastou-grande-area-agricola\/","title":{"rendered":"Inc\u00eandio na zona rural de S\u00e3o Jo\u00e3o do Cariri j\u00e1 dura 3 dias e devastou grande \u00e1rea agr\u00edcola"},"content":{"rendered":"\n<p class=\"wp-block-paragraph\">Um inc\u00eandio de grandes propor\u00e7\u00f5es atinge a zona rural do munic\u00edpio de S\u00e3o Jo\u00e3o do Cariri, mais precisamente nas imedia\u00e7\u00f5es do S\u00edtio Gangorra, zona rural do munic\u00edpio. O inc\u00eandio teve in\u00edcio desde o \u00faltimo s\u00e1bado (10) e at\u00e9 o momento segue se alastrando pelas propriedades rurais vizinhas.<\/p>\n\n\n\n<div class=\"wp-block-image\"><figure class=\"alignright\"><img decoding=\"async\" src=\"http:\/\/deolhonocariri.com.br\/wp-content\/uploads\/2020\/10\/incendio-2.jpg\" alt=\"\" class=\"wp-image-88217\"\/><\/figure><\/div>\n\n\n\n<p class=\"wp-block-paragraph\">De acordo com informa\u00e7\u00f5es colhidas pelo portal De Olho no Cariri, o fogo tem se espalhado rapidamente pela mata, por conta do clima quente e seco na regi\u00e3o. Moradores tentam a todo custo minimizar para que o inc\u00eandio n\u00e3o se propague, mas as chamas continuam se lastrando pela regi\u00e3o.<\/p>\n\n\n\n<p class=\"wp-block-paragraph\">Moradores e populares j\u00e1 acionaram o Corpo de Bombeiros, que estiveram no local e controlaram inicialmente o fogo, mas o inc\u00eandio voltou a se alastrar. Equipes est\u00e3o no local e tentam controlar as chamas com ajuda do maquin\u00e1rio da Prefeitura de S\u00e3o Jo\u00e3o do Cariri.<\/p>\n\n\n\n<p class=\"wp-block-paragraph\">Outro foco de inc\u00eandio foi visto por moradores na sa\u00edda de S\u00e3o Jo\u00e3o do Cariri para Serra Branca. Moradores tamb\u00e9m pedem a interven\u00e7\u00e3o do Corpo de Bombeiros.<\/p>\n\n\n\n<p class=\"wp-block-paragraph\">Na semana passada, um inc\u00eandio tamb\u00e9m havia sido registrado em uma propriedade nas proximidades do Distrito de Malhada da Ro\u00e7a, mas o fogo foi controlado pelo Corpo de Bombeiros, com apoio dos moradores.<\/p>\n\n\n\n<div class=\"wp-block-image\"><figure class=\"aligncenter\"><img decoding=\"async\" src=\"http:\/\/deolhonocariri.com.br\/wp-content\/uploads\/2020\/10\/incendio-1.jpg\" alt=\"\" class=\"wp-image-88216\"\/><\/figure><\/div>\n\n\n\n<p class=\"wp-block-paragraph\">A unidade dos Bombeiros de Sum\u00e9 j\u00e1 conta com profissionais atendendo as demandas da regi\u00e3o, mesmo sem est\u00e1 inaugurada e com atendimento ao p\u00fablico em geral.<\/p>\n\n\n\n<p class=\"wp-block-paragraph\"><strong>De Olho no Cariri<\/strong><\/p>\n","protected":false},"excerpt":{"rendered":"<p>Um inc\u00eandio de grandes propor\u00e7\u00f5es atinge a zona rural do munic\u00edpio de S\u00e3o Jo\u00e3o do Cariri, mais precisamente nas imedia\u00e7\u00f5es do S\u00edtio Gangorra, zona rural do munic\u00edpio. O inc\u00eandio teve in\u00edcio desde o \u00faltimo s\u00e1bado (10) e at\u00e9 o momento segue se alastrando pelas propriedades rurais vizinhas. De acordo com informa\u00e7\u00f5es colhidas pelo portal De Olho no Cariri, o fogo tem se espalhado rapidamente pela mata, por conta do clima quente e seco na regi\u00e3o. Moradores tentam a todo custo minimizar para que o inc\u00eandio n\u00e3o se propague, mas as chamas continuam se lastrando pela regi\u00e3o. Moradores e populares j\u00e1 acionaram o Corpo de Bombeiros, que estiveram no local e controlaram inicialmente o fogo, mas o inc\u00eandio voltou a se alastrar. Equipes est\u00e3o no local e tentam controlar as chamas com ajuda do maquin\u00e1rio da Prefeitura de S\u00e3o Jo\u00e3o do Cariri. Outro foco de inc\u00eandio foi visto por moradores na sa\u00edda de S\u00e3o Jo\u00e3o do Cariri para Serra Branca. Moradores tamb\u00e9m pedem a interven\u00e7\u00e3o do Corpo de Bombeiros. Na semana passada, um inc\u00eandio tamb\u00e9m havia sido registrado em uma propriedade nas proximidades do Distrito de Malhada da Ro\u00e7a, mas o fogo foi controlado pelo Corpo de Bombeiros, com apoio dos moradores. A unidade dos Bombeiros de Sum\u00e9 j\u00e1 conta com profissionais atendendo as demandas da regi\u00e3o, mesmo sem est\u00e1 inaugurada e com atendimento ao p\u00fablico em geral. De Olho no Cariri<\/p>\n","protected":false},"author":6,"featured_media":192229,"comment_status":"closed","ping_status":"closed","sticky":false,"template":"","format":"standard","meta":{"sfsi_plus_gutenberg_text_before_share":"","sfsi_plus_gutenberg_show_text_before_share":"","sfsi_plus_gutenberg_icon_type":"","sfsi_plus_gutenberg_icon_alignemt":"","sfsi_plus_gutenburg_max_per_row":"","footnotes":""},"categories":[6],"tags":[],"class_list":["post-192226","post","type-post","status-publish","format-standard","has-post-thumbnail","hentry","category-cidades"],"_links":{"self":[{"href":"https:\/\/www.caririemacao.com\/1\/wp-json\/wp\/v2\/posts\/192226","targetHints":{"allow":["GET"]}}],"collection":[{"href":"https:\/\/www.caririemacao.com\/1\/wp-json\/wp\/v2\/posts"}],"about":[{"href":"https:\/\/www.caririemacao.com\/1\/wp-json\/wp\/v2\/types\/post"}],"author":[{"embeddable":true,"href":"https:\/\/www.caririemacao.com\/1\/wp-json\/wp\/v2\/users\/6"}],"replies":[{"embeddable":true,"href":"https:\/\/www.caririemacao.com\/1\/wp-json\/wp\/v2\/comments?post=192226"}],"version-history":[{"count":1,"href":"https:\/\/www.caririemacao.com\/1\/wp-json\/wp\/v2\/posts\/192226\/revisions"}],"predecessor-version":[{"id":192230,"href":"https:\/\/www.caririemacao.com\/1\/wp-json\/wp\/v2\/posts\/192226\/revisions\/192230"}],"wp:featuredmedia":[{"embeddable":true,"href":"https:\/\/www.caririemacao.com\/1\/wp-json\/wp\/v2\/media\/192229"}],"wp:attachment":[{"href":"https:\/\/www.caririemacao.com\/1\/wp-json\/wp\/v2\/media?parent=192226"}],"wp:term":[{"taxonomy":"category","embeddable":true,"href":"https:\/\/www.caririemacao.com\/1\/wp-json\/wp\/v2\/categories?post=192226"},{"taxonomy":"post_tag","embeddable":true,"href":"https:\/\/www.caririemacao.com\/1\/wp-json\/wp\/v2\/tags?post=192226"}],"curies":[{"name":"wp","href":"https:\/\/api.w.org\/{rel}","templated":true}]}}