{"id":192433,"date":"2020-10-14T10:11:59","date_gmt":"2020-10-14T13:11:59","guid":{"rendered":"https:\/\/www.caririemacao.com\/1\/?p=192433"},"modified":"2020-10-14T10:12:02","modified_gmt":"2020-10-14T13:12:02","slug":"forca-nacional-vai-permanecer-por-mais-90-dias-na-paraiba","status":"publish","type":"post","link":"https:\/\/www.caririemacao.com\/1\/2020\/10\/14\/forca-nacional-vai-permanecer-por-mais-90-dias-na-paraiba\/","title":{"rendered":"For\u00e7a Nacional vai permanecer por mais 90 dias na Para\u00edba"},"content":{"rendered":"\n<p class=\"wp-block-paragraph\">A For\u00e7a Nacional de Seguran\u00e7a P\u00fablica (FNSP) vai permanecer na Para\u00edba pelo menos at\u00e9 o dia 9 de janeiro de 2021. Conforme o decreto publicado no Di\u00e1rio Oficial da Uni\u00e3o, dessa ter\u00e7a-feira (13), o per\u00edodo da tropa no estado foi prorrogado por mais 90 dias.<\/p>\n\n\n\n<p class=\"wp-block-paragraph\">Os militares participa\u00e7\u00e3o das a\u00e7\u00f5es de apoio t\u00e9cnico operacional em avia\u00e7\u00e3o policial do estado. Eles trabalhar\u00e3o em conson\u00e2ncia com os \u00f3rg\u00e3os de seguran\u00e7a p\u00fablica, em car\u00e1ter epis\u00f3dico e planejado.<\/p>\n\n\n\n<p class=\"wp-block-paragraph\">De acordo com a portaria do Minist\u00e9rio da Justi\u00e7a e Seguran\u00e7a P\u00fablica, o contingente a ser disponibilizado obedecer\u00e1 ao planejamento definido pela diretoria da FNSP.<\/p>\n\n\n\n<p class=\"wp-block-paragraph\">Portal T5<\/p>\n","protected":false},"excerpt":{"rendered":"<p>A For\u00e7a Nacional de Seguran\u00e7a P\u00fablica (FNSP) vai permanecer na Para\u00edba pelo menos at\u00e9 o dia 9 de janeiro de 2021. Conforme o decreto publicado no Di\u00e1rio Oficial da Uni\u00e3o, dessa ter\u00e7a-feira (13), o per\u00edodo da tropa no estado foi prorrogado por mais 90 dias. Os militares participa\u00e7\u00e3o das a\u00e7\u00f5es de apoio t\u00e9cnico operacional em avia\u00e7\u00e3o policial do estado. Eles trabalhar\u00e3o em conson\u00e2ncia com os \u00f3rg\u00e3os de seguran\u00e7a p\u00fablica, em car\u00e1ter epis\u00f3dico e planejado. De acordo com a portaria do Minist\u00e9rio da Justi\u00e7a e Seguran\u00e7a P\u00fablica, o contingente a ser disponibilizado obedecer\u00e1 ao planejamento definido pela diretoria da FNSP. Portal T5<\/p>\n","protected":false},"author":6,"featured_media":192434,"comment_status":"closed","ping_status":"closed","sticky":false,"template":"","format":"standard","meta":{"sfsi_plus_gutenberg_text_before_share":"","sfsi_plus_gutenberg_show_text_before_share":"","sfsi_plus_gutenberg_icon_type":"","sfsi_plus_gutenberg_icon_alignemt":"","sfsi_plus_gutenburg_max_per_row":"","footnotes":""},"categories":[50],"tags":[],"class_list":["post-192433","post","type-post","status-publish","format-standard","has-post-thumbnail","hentry","category-destaque"],"_links":{"self":[{"href":"https:\/\/www.caririemacao.com\/1\/wp-json\/wp\/v2\/posts\/192433","targetHints":{"allow":["GET"]}}],"collection":[{"href":"https:\/\/www.caririemacao.com\/1\/wp-json\/wp\/v2\/posts"}],"about":[{"href":"https:\/\/www.caririemacao.com\/1\/wp-json\/wp\/v2\/types\/post"}],"author":[{"embeddable":true,"href":"https:\/\/www.caririemacao.com\/1\/wp-json\/wp\/v2\/users\/6"}],"replies":[{"embeddable":true,"href":"https:\/\/www.caririemacao.com\/1\/wp-json\/wp\/v2\/comments?post=192433"}],"version-history":[{"count":1,"href":"https:\/\/www.caririemacao.com\/1\/wp-json\/wp\/v2\/posts\/192433\/revisions"}],"predecessor-version":[{"id":192435,"href":"https:\/\/www.caririemacao.com\/1\/wp-json\/wp\/v2\/posts\/192433\/revisions\/192435"}],"wp:featuredmedia":[{"embeddable":true,"href":"https:\/\/www.caririemacao.com\/1\/wp-json\/wp\/v2\/media\/192434"}],"wp:attachment":[{"href":"https:\/\/www.caririemacao.com\/1\/wp-json\/wp\/v2\/media?parent=192433"}],"wp:term":[{"taxonomy":"category","embeddable":true,"href":"https:\/\/www.caririemacao.com\/1\/wp-json\/wp\/v2\/categories?post=192433"},{"taxonomy":"post_tag","embeddable":true,"href":"https:\/\/www.caririemacao.com\/1\/wp-json\/wp\/v2\/tags?post=192433"}],"curies":[{"name":"wp","href":"https:\/\/api.w.org\/{rel}","templated":true}]}}