{"id":192500,"date":"2020-10-14T16:47:45","date_gmt":"2020-10-14T19:47:45","guid":{"rendered":"https:\/\/www.caririemacao.com\/1\/?p=192500"},"modified":"2020-10-14T16:47:48","modified_gmt":"2020-10-14T19:47:48","slug":"paises-europeus-impoem-mais-medidas-para-tentar-conter-nova-onda-de-infeccoes-de-coronavirus","status":"publish","type":"post","link":"https:\/\/www.caririemacao.com\/1\/2020\/10\/14\/paises-europeus-impoem-mais-medidas-para-tentar-conter-nova-onda-de-infeccoes-de-coronavirus\/","title":{"rendered":"Pa\u00edses europeus imp\u00f5em mais medidas para tentar conter nova onda de infec\u00e7\u00f5es de coronav\u00edrus"},"content":{"rendered":"\n<p class=\"wp-block-paragraph\">Pa\u00edses europeus\u00a0aumentaram as medidas preventivas\u00a0para evitar uma alta dos casos de coronav\u00edrus \u2014 o continente teve os maiores n\u00fameros de novos cont\u00e1gios nas \u00faltimas semanas.<\/p>\n\n\n\n<p class=\"wp-block-paragraph\">A\u00a0Fran\u00e7a vai impor toque de recolher\u00a0nas maiores cidades do pa\u00eds. O an\u00fancio foi feito pelo presidente Emmanuel Macron nesta quarta-feira (14).<\/p>\n\n\n\n<p class=\"wp-block-paragraph\">Portugal entrar\u00e1 em situa\u00e7\u00e3o de calamidade\u00a0a partir da meia-noite desta quinta-feira (15).<\/p>\n\n\n\n<p class=\"wp-block-paragraph\">Mundo chega a 38 milh\u00f5es de casos de Covid-19 e situa\u00e7\u00e3o se agrava na Europa<\/p>\n\n\n\n<h4 class=\"wp-block-heading\"><strong>700 mil novos casos<\/strong><\/h4>\n\n\n\n<p class=\"wp-block-paragraph\">Na ter\u00e7a-feira (13), a Organiza\u00e7\u00e3o Mundial da Sa\u00fade (OMS)\u00a0informou que mais de 700 mil novos casos foram notificados na \u00faltima semana\u00a0na Europa. \u00c9 uma\u00a0alta de 34% em rela\u00e7\u00e3o \u00e0 semana anterior.<\/p>\n\n\n\n<p class=\"wp-block-paragraph\">O n\u00famero de novos casos \u00e9, em parte, decorrente de mais testes. Mas tamb\u00e9m houve aumento de mortes, ainda que em uma propor\u00e7\u00e3o menor, de 16%.<\/p>\n\n\n\n<p class=\"wp-block-paragraph\">Os m\u00e9dicos alertam que muitas das novas infec\u00e7\u00f5es s\u00e3o em jovens, que t\u00eam sintomas mais leves da Covid-19. O maior problema, no entanto, \u00e9 que eles podem transmitir o coronav\u00edrus aos mais velhos.<\/p>\n\n\n\n<p class=\"wp-block-paragraph\">Veja algumas das novas restri\u00e7\u00f5es em 11 pa\u00edses:<\/p>\n\n\n\n<h4 class=\"wp-block-heading\">Alemanha<\/h4>\n\n\n\n<ul class=\"wp-block-list\"><li>Em \u00e1reas de alta taxa de infec\u00e7\u00e3o, grandes aglomera\u00e7\u00f5es foram proibidas at\u00e9 o fim do ano.<\/li><li>Pessoas que chegam de pa\u00edses onde h\u00e1 altas taxas de cont\u00e1gio precisam fazer testes de Covid-19 ao desembarcar na Alemanha \u2014 esses viajantes tamb\u00e9m precisam se isolar durante 14 dias.<\/li><li>Quem n\u00e3o usar m\u00e1scara no transporte p\u00fablico ou em lojas pode ser multado em 50 euros.<\/li><li>As pessoas precisam informar seus dados de identidade ao entrar em bares e restaurantes.<\/li><\/ul>\n\n\n\n<h4 class=\"wp-block-heading\">Espanha<\/h4>\n\n\n\n<figure class=\"wp-block-image\"><img decoding=\"async\" src=\"https:\/\/s2.glbimg.com\/qoWTQCQTse8D17CIFCLxOOKCXR0=\/0x0:1024x683\/984x0\/smart\/filters:strip_icc()\/i.s3.glbimg.com\/v1\/AUTH_59edd422c0c84a879bd37670ae4f538a\/internal_photos\/bs\/2020\/Q\/C\/j8iAfdRHyoj7jdCCBWFg\/ap20287485258678.jpg\" alt=\"Profissionais de sa\u00fade na Espanha protestam em Barcelona, em 13 de outubro de 2020; eles reclamam das condi\u00e7\u00f5es de trabalho \u2014 Foto: Emilio Morenatti\/AP\"\/><\/figure>\n\n\n\n<p class=\"wp-block-paragraph\">Profissionais de sa\u00fade na Espanha protestam em Barcelona, em 13 de outubro de 2020; eles reclamam das condi\u00e7\u00f5es de trabalho \u2014 Foto: Emilio Morenatti\/AP<\/p>\n\n\n\n<ul class=\"wp-block-list\"><li>No dia 9 de outubro, o governo espanhol imp\u00f4s um estado de emerg\u00eancia de 15 dias em Madri.<\/li><li>As pessoas n\u00e3o podem entrar ou sair da capital por motivos n\u00e3o-essenciais, mas \u00e9 permitido ir ao trabalho e \u00e0 escola.<\/li><li>\u00c9 proibido o contato social entre pessoas de \u00e1reas diferentes da cidade.<\/li><li>Hot\u00e9is e restaurantes t\u00eam capacidade limitada e precisam fechar \u00e0s 23h.<\/li><li>Eventos familiares e sociais est\u00e3o limitados a seis pessoas.<\/li><li>M\u00e1scaras s\u00e3o obrigat\u00f3rias no transporte p\u00fablico e em locais fechados.<\/li><\/ul>\n\n\n\n<h4 class=\"wp-block-heading\">Holanda<\/h4>\n\n\n\n<ul class=\"wp-block-list\"><li>Bares e restaurantes dever\u00e3o fechar \u2014 s\u00f3 podem oferecer produtos por entrega.<\/li><li>Consumo de \u00e1lcool em local p\u00fablico est\u00e1 proibido ap\u00f3s \u00e0s 22h.<\/li><li>Todas as lojas, com exce\u00e7\u00e3o dos supermercados, precisam fechar \u00e0s 20h.<\/li><li>S\u00f3 se pode receber visitas de at\u00e9 tr\u00eas pessoas por dia; encontros ao ar livre devem ter, no m\u00e1ximo, quatro pessoas.<\/li><li>Concertos ao ar livre est\u00e3o proibidos.<\/li><li>\u00c9 obrigat\u00f3rio usar m\u00e1scaras em transporte p\u00fablico, lojas e outros locais fechados.<\/li><li>Escolas, academias de gin\u00e1stica est\u00e3o abertos; crian\u00e7as podem disputar esportes amadores.<\/li><\/ul>\n\n\n\n<h4 class=\"wp-block-heading\">Fran\u00e7a<\/h4>\n\n\n\n<figure class=\"wp-block-image\"><img decoding=\"async\" src=\"https:\/\/s2.glbimg.com\/bMNEd9sFx1N0_nFOt9oVcq6b1Wk=\/0x0:1024x683\/984x0\/smart\/filters:strip_icc()\/i.s3.glbimg.com\/v1\/AUTH_59edd422c0c84a879bd37670ae4f538a\/internal_photos\/bs\/2020\/D\/l\/9cU8wfRuifjJAtgM9Uwg\/ap20287471042822.jpg\" alt=\"M\u00e9dico de um est\u00e1dio de futebol na cidade de Lyon, na Fran\u00e7a, em 13 de outubro de 2020 \u2014 Foto: Laurent Ciprian\/AP\"\/><\/figure>\n\n\n\n<p class=\"wp-block-paragraph\">M\u00e9dico de um est\u00e1dio de futebol na cidade de Lyon, na Fran\u00e7a, em 13 de outubro de 2020 \u2014 Foto: Laurent Ciprian\/AP<\/p>\n\n\n\n<ul class=\"wp-block-list\"><li>Bares e restaurantes foram fechados em grandes cidades.<\/li><li>Encontros e reuni\u00f5es, como casamentos e festas, s\u00f3 podem ter at\u00e9 10 pessoas; n\u00e3o se pode organizar eventos em locais alugados.<\/li><li>\u00c9 obrigat\u00f3rio usar m\u00e1scaras em locais p\u00fablicos fechados em todo o pa\u00eds e em locais de trabalho.<\/li><li>Em algumas cidades, m\u00e1scaras s\u00e3o obrigat\u00f3rias ao ar livre.<\/li><\/ul>\n\n\n\n<h4 class=\"wp-block-heading\">It\u00e1lia<\/h4>\n\n\n\n<figure class=\"wp-block-image\"><img decoding=\"async\" src=\"https:\/\/s2.glbimg.com\/Tb1BsRWnT1qNo08PfoV-It27NtQ=\/0x0:4960x3312\/984x0\/smart\/filters:strip_icc()\/i.s3.glbimg.com\/v1\/AUTH_59edd422c0c84a879bd37670ae4f538a\/internal_photos\/bs\/2020\/D\/a\/G9vM1tQq6AS8UEKN79Fg\/2020-10-13t100011z-889317119-rc2mhj9022kc-rtrmadp-3-health-coronavirus-italy.jpg\" alt=\"Pessoas vestem m\u00e1scara em frente ao Coliseu de Roma, em 13 de outubro. Pa\u00eds refor\u00e7ou medidas de restri\u00e7\u00e3o para a Covid-19 \u2014 Foto: Guglielmo Mangiapane\/Reuters\"\/><\/figure>\n\n\n\n<p class=\"wp-block-paragraph\">Pessoas vestem m\u00e1scara em frente ao Coliseu de Roma, em 13 de outubro. Pa\u00eds refor\u00e7ou medidas de restri\u00e7\u00e3o para a Covid-19 \u2014 Foto: Guglielmo Mangiapane\/Reuters<\/p>\n\n\n\n<ul class=\"wp-block-list\"><li>\u00c9 obrigat\u00f3rio usar m\u00e1scaras na rua e em todos os estabelecimentos.<\/li><li>Nas escolas, todas as crian\u00e7as acima de 6 anos precisam usar m\u00e1scaras.<\/li><li>Bares e restaurantes precisam fechar 0h.<\/li><li>Casamentos podem reunir, no m\u00e1ximo, 30 pessoas; outras festas est\u00e3o banidas.<\/li><\/ul>\n\n\n\n<h4 class=\"wp-block-heading\">Dinamarca<\/h4>\n\n\n\n<ul class=\"wp-block-list\"><li>M\u00e1scaras s\u00e3o obrigat\u00f3rias no transporte p\u00fablico e em bares e restaurantes.<\/li><li>Em Copenhagen, bares, restaurantes e boates devem fechar \u00e0s 22h.<\/li><li>Festas particulares, como casamentos, precisam acabar \u00e0s 22h.<\/li><\/ul>\n\n\n\n<h4 class=\"wp-block-heading\">B\u00e9lgica<\/h4>\n\n\n\n<figure class=\"wp-block-image\"><img decoding=\"async\" src=\"https:\/\/s2.glbimg.com\/ZpyhBmoA1YhSfV9sbnHEQ_zQHOA=\/0x0:1024x683\/984x0\/smart\/filters:strip_icc()\/i.s3.glbimg.com\/v1\/AUTH_59edd422c0c84a879bd37670ae4f538a\/internal_photos\/bs\/2020\/L\/i\/k6BweARVGBAYfmQpioAg\/ap20287570470811.jpg\" alt=\"Cliente de mercado de rua em Bruxelas, na B\u00e9lgica, em 13 de outubro de 2020 \u2014 Foto: Francisco Seco\/AP\"\/><\/figure>\n\n\n\n<p class=\"wp-block-paragraph\">Cliente de mercado de rua em Bruxelas, na B\u00e9lgica, em 13 de outubro de 2020 \u2014 Foto: Francisco Seco\/AP<\/p>\n\n\n\n<ul class=\"wp-block-list\"><li>Em Bruxelas, a m\u00e1scara n\u00e3o \u00e9 mais obrigat\u00f3ria em locais p\u00fablicos, mas recomendada onde for imposs\u00edvel manter dist\u00e2ncia de 1,5 metro.<\/li><li>Bares e caf\u00e9s devem ser fechados \u00e0s 23h.<\/li><li>\u00c9 proibido comer em feiras de rua.<\/li><li>No m\u00e1ximo quatro pessoas podem sentar em uma mesa de bar.<\/li><li>Boates est\u00e3o fechadas.<\/li><li>Os torcedores voltaram aos est\u00e1dios, mas em pequenos n\u00fameros.<\/li><\/ul>\n\n\n\n<h4 class=\"wp-block-heading\">Portugal<\/h4>\n\n\n\n<ul class=\"wp-block-list\"><li>Lojas precisam fechar \u00e0s 23h e s\u00f3 podem entrar dez clientes por vez.<\/li><\/ul>\n\n\n\n<h4 class=\"wp-block-heading\">Gr\u00e9cia<\/h4>\n\n\n\n<ul class=\"wp-block-list\"><li>M\u00e1scaras s\u00e3o obrigat\u00f3rias.<\/li><li>Nas ilhas, h\u00e1 testes para quem chega do continente.<\/li><\/ul>\n\n\n\n<h4 class=\"wp-block-heading\">Irlanda<\/h4>\n\n\n\n<ul class=\"wp-block-list\"><li>Restaurantes n\u00e3o podem servir comida em espa\u00e7os fechados.<\/li><li>Visitas est\u00e3o limitadas: um m\u00e1ximo de seis pessoas podem ir \u00e0 casa de um parente ou amigo.<\/li><li>Eventos ao ar livre s\u00e3o limitados a 15 pessoas.<\/li><\/ul>\n\n\n\n<h4 class=\"wp-block-heading\">Su\u00e9cia<\/h4>\n\n\n\n<ul class=\"wp-block-list\"><li>Apesar de n\u00e3o haver regra oficial, a maioria das pessoas respeita o distanciamento social de forma volunt\u00e1ria.<\/li><li>Encontros com mais de 50 pessoas est\u00e3o proibidos.<\/li><\/ul>\n","protected":false},"excerpt":{"rendered":"<p>Pa\u00edses europeus\u00a0aumentaram as medidas preventivas\u00a0para evitar uma alta dos casos de coronav\u00edrus \u2014 o continente teve os maiores n\u00fameros de novos cont\u00e1gios nas \u00faltimas semanas. A\u00a0Fran\u00e7a vai impor toque de recolher\u00a0nas maiores cidades do pa\u00eds. O an\u00fancio foi feito pelo presidente Emmanuel Macron nesta quarta-feira (14). Portugal entrar\u00e1 em situa\u00e7\u00e3o de calamidade\u00a0a partir da meia-noite desta quinta-feira (15). Mundo chega a 38 milh\u00f5es de casos de Covid-19 e situa\u00e7\u00e3o se agrava na Europa 700 mil novos casos Na ter\u00e7a-feira (13), a Organiza\u00e7\u00e3o Mundial da Sa\u00fade (OMS)\u00a0informou que mais de 700 mil novos casos foram notificados na \u00faltima semana\u00a0na Europa. \u00c9 uma\u00a0alta de 34% em rela\u00e7\u00e3o \u00e0 semana anterior. O n\u00famero de novos casos \u00e9, em parte, decorrente de mais testes. Mas tamb\u00e9m houve aumento de mortes, ainda que em uma propor\u00e7\u00e3o menor, de 16%. Os m\u00e9dicos alertam que muitas das novas infec\u00e7\u00f5es s\u00e3o em jovens, que t\u00eam sintomas mais leves da Covid-19. O maior problema, no entanto, \u00e9 que eles podem transmitir o coronav\u00edrus aos mais velhos. Veja algumas das novas restri\u00e7\u00f5es em 11 pa\u00edses: Alemanha Em \u00e1reas de alta taxa de infec\u00e7\u00e3o, grandes aglomera\u00e7\u00f5es foram proibidas at\u00e9 o fim do ano. Pessoas que chegam de pa\u00edses onde h\u00e1 altas taxas de cont\u00e1gio precisam fazer testes de Covid-19 ao desembarcar na Alemanha \u2014 esses viajantes tamb\u00e9m precisam se isolar durante 14 dias. Quem n\u00e3o usar m\u00e1scara no transporte p\u00fablico ou em lojas pode ser multado em 50 euros. As pessoas precisam informar seus dados de identidade ao entrar em bares e restaurantes. Espanha Profissionais de sa\u00fade na Espanha protestam em Barcelona, em 13 de outubro de 2020; eles reclamam das condi\u00e7\u00f5es de trabalho \u2014 Foto: Emilio Morenatti\/AP No dia 9 de outubro, o governo espanhol imp\u00f4s um estado de emerg\u00eancia de 15 dias em Madri. As pessoas n\u00e3o podem entrar ou sair da capital por motivos n\u00e3o-essenciais, mas \u00e9 permitido ir ao trabalho e \u00e0 escola. \u00c9 proibido o contato social entre pessoas de \u00e1reas diferentes da cidade. Hot\u00e9is e restaurantes t\u00eam capacidade limitada e precisam fechar \u00e0s 23h. Eventos familiares e sociais est\u00e3o limitados a seis pessoas. M\u00e1scaras s\u00e3o obrigat\u00f3rias no transporte p\u00fablico e em locais fechados. Holanda Bares e restaurantes dever\u00e3o fechar \u2014 s\u00f3 podem oferecer produtos por entrega. Consumo de \u00e1lcool em local p\u00fablico est\u00e1 proibido ap\u00f3s \u00e0s 22h. Todas as lojas, com exce\u00e7\u00e3o dos supermercados, precisam fechar \u00e0s 20h. S\u00f3 se pode receber visitas de at\u00e9 tr\u00eas pessoas por dia; encontros ao ar livre devem ter, no m\u00e1ximo, quatro pessoas. Concertos ao ar livre est\u00e3o proibidos. \u00c9 obrigat\u00f3rio usar m\u00e1scaras em transporte p\u00fablico, lojas e outros locais fechados. Escolas, academias de gin\u00e1stica est\u00e3o abertos; crian\u00e7as podem disputar esportes amadores. Fran\u00e7a M\u00e9dico de um est\u00e1dio de futebol na cidade de Lyon, na Fran\u00e7a, em 13 de outubro de 2020 \u2014 Foto: Laurent Ciprian\/AP Bares e restaurantes foram fechados em grandes cidades. Encontros e reuni\u00f5es, como casamentos e festas, s\u00f3 podem ter at\u00e9 10 pessoas; n\u00e3o se pode organizar eventos em locais alugados. \u00c9 obrigat\u00f3rio usar m\u00e1scaras em locais p\u00fablicos fechados em todo o pa\u00eds e em locais de trabalho. Em algumas cidades, m\u00e1scaras s\u00e3o obrigat\u00f3rias ao ar livre. It\u00e1lia Pessoas vestem m\u00e1scara em frente ao Coliseu de Roma, em 13 de outubro. Pa\u00eds refor\u00e7ou medidas de restri\u00e7\u00e3o para a Covid-19 \u2014 Foto: Guglielmo Mangiapane\/Reuters \u00c9 obrigat\u00f3rio usar m\u00e1scaras na rua e em todos os estabelecimentos. Nas escolas, todas as crian\u00e7as acima de 6 anos precisam usar m\u00e1scaras. Bares e restaurantes precisam fechar 0h. Casamentos podem reunir, no m\u00e1ximo, 30 pessoas; outras festas est\u00e3o banidas. Dinamarca M\u00e1scaras s\u00e3o obrigat\u00f3rias no transporte p\u00fablico e em bares e restaurantes. Em Copenhagen, bares, restaurantes e boates devem fechar \u00e0s 22h. Festas particulares, como casamentos, precisam acabar \u00e0s 22h. B\u00e9lgica Cliente de mercado de rua em Bruxelas, na B\u00e9lgica, em 13 de outubro de 2020 \u2014 Foto: Francisco Seco\/AP Em Bruxelas, a m\u00e1scara n\u00e3o \u00e9 mais obrigat\u00f3ria em locais p\u00fablicos, mas recomendada onde for imposs\u00edvel manter dist\u00e2ncia de 1,5 metro. Bares e caf\u00e9s devem ser fechados \u00e0s 23h. \u00c9 proibido comer em feiras de rua. No m\u00e1ximo quatro pessoas podem sentar em uma mesa de bar. Boates est\u00e3o fechadas. Os torcedores voltaram aos est\u00e1dios, mas em pequenos n\u00fameros. Portugal Lojas precisam fechar \u00e0s 23h e s\u00f3 podem entrar dez clientes por vez. Gr\u00e9cia M\u00e1scaras s\u00e3o obrigat\u00f3rias. Nas ilhas, h\u00e1 testes para quem chega do continente. Irlanda Restaurantes n\u00e3o podem servir comida em espa\u00e7os fechados. Visitas est\u00e3o limitadas: um m\u00e1ximo de seis pessoas podem ir \u00e0 casa de um parente ou amigo. Eventos ao ar livre s\u00e3o limitados a 15 pessoas. Su\u00e9cia Apesar de n\u00e3o haver regra oficial, a maioria das pessoas respeita o distanciamento social de forma volunt\u00e1ria. Encontros com mais de 50 pessoas est\u00e3o proibidos.<\/p>\n","protected":false},"author":6,"featured_media":192501,"comment_status":"closed","ping_status":"closed","sticky":false,"template":"","format":"standard","meta":{"sfsi_plus_gutenberg_text_before_share":"","sfsi_plus_gutenberg_show_text_before_share":"","sfsi_plus_gutenberg_icon_type":"","sfsi_plus_gutenberg_icon_alignemt":"","sfsi_plus_gutenburg_max_per_row":"","footnotes":""},"categories":[50,103,16],"tags":[],"class_list":["post-192500","post","type-post","status-publish","format-standard","has-post-thumbnail","hentry","category-destaque","category-mundo","category-saude"],"_links":{"self":[{"href":"https:\/\/www.caririemacao.com\/1\/wp-json\/wp\/v2\/posts\/192500","targetHints":{"allow":["GET"]}}],"collection":[{"href":"https:\/\/www.caririemacao.com\/1\/wp-json\/wp\/v2\/posts"}],"about":[{"href":"https:\/\/www.caririemacao.com\/1\/wp-json\/wp\/v2\/types\/post"}],"author":[{"embeddable":true,"href":"https:\/\/www.caririemacao.com\/1\/wp-json\/wp\/v2\/users\/6"}],"replies":[{"embeddable":true,"href":"https:\/\/www.caririemacao.com\/1\/wp-json\/wp\/v2\/comments?post=192500"}],"version-history":[{"count":1,"href":"https:\/\/www.caririemacao.com\/1\/wp-json\/wp\/v2\/posts\/192500\/revisions"}],"predecessor-version":[{"id":192502,"href":"https:\/\/www.caririemacao.com\/1\/wp-json\/wp\/v2\/posts\/192500\/revisions\/192502"}],"wp:featuredmedia":[{"embeddable":true,"href":"https:\/\/www.caririemacao.com\/1\/wp-json\/wp\/v2\/media\/192501"}],"wp:attachment":[{"href":"https:\/\/www.caririemacao.com\/1\/wp-json\/wp\/v2\/media?parent=192500"}],"wp:term":[{"taxonomy":"category","embeddable":true,"href":"https:\/\/www.caririemacao.com\/1\/wp-json\/wp\/v2\/categories?post=192500"},{"taxonomy":"post_tag","embeddable":true,"href":"https:\/\/www.caririemacao.com\/1\/wp-json\/wp\/v2\/tags?post=192500"}],"curies":[{"name":"wp","href":"https:\/\/api.w.org\/{rel}","templated":true}]}}