{"id":192646,"date":"2020-10-15T14:50:53","date_gmt":"2020-10-15T17:50:53","guid":{"rendered":"https:\/\/www.caririemacao.com\/1\/?p=192646"},"modified":"2020-10-15T14:50:56","modified_gmt":"2020-10-15T17:50:56","slug":"com-25-mil-focos-de-incendio-em-14-dias-pantanal-ja-tem-segundo-pior-outubro-da-historia","status":"publish","type":"post","link":"https:\/\/www.caririemacao.com\/1\/2020\/10\/15\/com-25-mil-focos-de-incendio-em-14-dias-pantanal-ja-tem-segundo-pior-outubro-da-historia\/","title":{"rendered":"Com 2,5 mil focos de inc\u00eandio em 14 dias, Pantanal j\u00e1 tem segundo pior outubro da hist\u00f3ria"},"content":{"rendered":"\n<p class=\"wp-block-paragraph\">O\u00a0Pantanal\u00a0registrou, nos primeiros 14 dias de outubro, 2.536 focos de inc\u00eandio, apontam dados do Instituto Nacional de Pesquisas Espaciais (Inpe). O n\u00famero significa que o m\u00eas j\u00e1 \u00e9 o\u00a0segundo pior outubro em queimadas para o bioma\u00a0desde 1998, atr\u00e1s apenas de outubro de 2002 \u2013 quando houve 2.761 focos.<\/p>\n\n\n\n<p class=\"wp-block-paragraph\">Os registros das primeiras duas semanas de outubro de 2020 tamb\u00e9m j\u00e1 s\u00e3o maiores do que os vistos em todo o m\u00eas no ano passado, quando o bioma teve 2.430 focos de inc\u00eandio <\/p>\n\n\n\n<p class=\"wp-block-paragraph\">As altas de outubro v\u00eam depois de o bioma ter\u00a0a pior quantidade de inc\u00eandios mensais na hist\u00f3ria\u00a0\u2013 para qualquer m\u00eas \u2013 em setembro. Antes disso, nos primeiros 17 dias de setembro,\u00a0os recordes para o m\u00eas j\u00e1 haviam sido batidos.https:\/\/tpc.googlesyndication.com\/safeframe\/1-0-37\/html\/container.html<\/p>\n\n\n\n<p class=\"wp-block-paragraph\">O Pantanal tamb\u00e9m teve\u00a0o pior julho\u00a0e\u00a0o segundo pior agosto\u00a0em n\u00famero de focos de inc\u00eandio desde 1998, quando come\u00e7aram as medi\u00e7\u00f5es do Inpe.\u00a0Este ano j\u00e1 \u00e9 o pior\u00a0em pontos de fogo no bioma \u2013 que, at\u00e9 2018, era o mais preservado do pa\u00eds, segundo o Instituto Brasileiro de Geografia e Estat\u00edstica (IBGE).<\/p>\n\n\n\n<p class=\"wp-block-paragraph\">O Pantanal enfrenta uma\u00a0seca hist\u00f3rica\u00a0\u2013 a maior em 47 anos \u2013 que contribui para o alastramento das chamas.<\/p>\n\n\n\n<p class=\"wp-block-paragraph\">&#8220;Na regi\u00e3o, os meses de chuva come\u00e7am em outubro, novembro, dezembro. Esse ano a chuva est\u00e1 demorando mais que o normal&#8221;, explica Felipe Augusto Dias, diretor-executivo da SOS Pantanal. O mesmo fen\u00f4meno ocorreu no ano passado, segundo ele.<\/p>\n\n\n\n<blockquote class=\"wp-block-quote is-layout-flow wp-block-quote-is-layout-flow\"><p>&#8220;Evidentemente que o fogo pega porque algu\u00e9m colocou, mas \u00e9 muito evidente tamb\u00e9m que, principalmente em lugares que estariam inundados, esse ano n\u00e3o estando, tem muita mat\u00e9ria org\u00e2nica. A seca de fato contribui para aumentar a intensidade&#8221;, afirma Dias.<\/p><\/blockquote>\n\n\n\n<p class=\"wp-block-paragraph\">&#8220;Voc\u00ea precisa de algumas coisas para que de fato o fogo aconte\u00e7a \u2013 primeiro, acender; depois, todas as caracter\u00edsticas vi\u00e1veis pro fogo \u2013 vento, umidade baixa, extremo calor s\u00e3o aspectos da atmosfera que contribuem para que ele se prolifere&#8221;, explica.<\/p>\n\n\n\n<p class=\"wp-block-paragraph\">&#8220;Inclusive a agricultura est\u00e1 com dificuldade de plantio exatamente por falta de chuva. S\u00e3o per\u00edodos em que normalmente a soja j\u00e1 est\u00e1 plantando, tem normalmente toda a \u00e1rea plantada&#8221;, completa.<\/p>\n\n\n\n<h4 class=\"wp-block-heading\">Amaz\u00f4nia<\/h4>\n\n\n\n<figure class=\"wp-block-image\"><img decoding=\"async\" src=\"https:\/\/s2.glbimg.com\/GYkaee3UwGF7C8IHkMgSg2myRCo=\/0x0:5472x3648\/984x0\/smart\/filters:strip_icc()\/i.s3.glbimg.com\/v1\/AUTH_59edd422c0c84a879bd37670ae4f538a\/internal_photos\/bs\/2020\/r\/w\/CWO6veT3OI4Huh3d3cgQ\/2020-09-07t120145z-894960030-rc2oti9gyf0h-rtrmadp-3-climate-change-brazil-animals.jpg\" alt=\"Foto mostra tamandu\u00e1 morto depois de inc\u00eandio na Amaz\u00f4nia perto de Mirante do Norte, Rond\u00f4nia, no dia 20 de agosto. \u2014 Foto: Ueslei Marcelino\/Reuters\"\/><\/figure>\n\n\n\n<p class=\"wp-block-paragraph\">Foto mostra tamandu\u00e1 morto depois de inc\u00eandio na Amaz\u00f4nia perto de Mirante do Norte, Rond\u00f4nia, no dia 20 de agosto. \u2014 Foto: Ueslei Marcelino\/Reuters<\/p>\n\n\n\n<p class=\"wp-block-paragraph\">O n\u00famero de focos de inc\u00eandio na\u00a0Amaz\u00f4nia\u00a0tamb\u00e9m teve uma alta hist\u00f3rica neste ano: a quantidade de pontos de fogo registrados\u00a0de 1\u00ba de janeiro at\u00e9 30 de setembro foi a maior desde 2010, segundo os dados do Inpe.<\/p>\n\n\n\n<p class=\"wp-block-paragraph\">De janeiro at\u00e9 quarta-feira (14), o bioma tinha registrado 86.160 pontos de inc\u00eandio, quase a mesma quantidade vista no ano passado inteiro.<\/p>\n\n\n\n<p class=\"wp-block-paragraph\">G1<\/p>\n","protected":false},"excerpt":{"rendered":"<p>O\u00a0Pantanal\u00a0registrou, nos primeiros 14 dias de outubro, 2.536 focos de inc\u00eandio, apontam dados do Instituto Nacional de Pesquisas Espaciais (Inpe). O n\u00famero significa que o m\u00eas j\u00e1 \u00e9 o\u00a0segundo pior outubro em queimadas para o bioma\u00a0desde 1998, atr\u00e1s apenas de outubro de 2002 \u2013 quando houve 2.761 focos. Os registros das primeiras duas semanas de outubro de 2020 tamb\u00e9m j\u00e1 s\u00e3o maiores do que os vistos em todo o m\u00eas no ano passado, quando o bioma teve 2.430 focos de inc\u00eandio As altas de outubro v\u00eam depois de o bioma ter\u00a0a pior quantidade de inc\u00eandios mensais na hist\u00f3ria\u00a0\u2013 para qualquer m\u00eas \u2013 em setembro. Antes disso, nos primeiros 17 dias de setembro,\u00a0os recordes para o m\u00eas j\u00e1 haviam sido batidos.https:\/\/tpc.googlesyndication.com\/safeframe\/1-0-37\/html\/container.html O Pantanal tamb\u00e9m teve\u00a0o pior julho\u00a0e\u00a0o segundo pior agosto\u00a0em n\u00famero de focos de inc\u00eandio desde 1998, quando come\u00e7aram as medi\u00e7\u00f5es do Inpe.\u00a0Este ano j\u00e1 \u00e9 o pior\u00a0em pontos de fogo no bioma \u2013 que, at\u00e9 2018, era o mais preservado do pa\u00eds, segundo o Instituto Brasileiro de Geografia e Estat\u00edstica (IBGE). O Pantanal enfrenta uma\u00a0seca hist\u00f3rica\u00a0\u2013 a maior em 47 anos \u2013 que contribui para o alastramento das chamas. &#8220;Na regi\u00e3o, os meses de chuva come\u00e7am em outubro, novembro, dezembro. Esse ano a chuva est\u00e1 demorando mais que o normal&#8221;, explica Felipe Augusto Dias, diretor-executivo da SOS Pantanal. O mesmo fen\u00f4meno ocorreu no ano passado, segundo ele. &#8220;Evidentemente que o fogo pega porque algu\u00e9m colocou, mas \u00e9 muito evidente tamb\u00e9m que, principalmente em lugares que estariam inundados, esse ano n\u00e3o estando, tem muita mat\u00e9ria org\u00e2nica. A seca de fato contribui para aumentar a intensidade&#8221;, afirma Dias. &#8220;Voc\u00ea precisa de algumas coisas para que de fato o fogo aconte\u00e7a \u2013 primeiro, acender; depois, todas as caracter\u00edsticas vi\u00e1veis pro fogo \u2013 vento, umidade baixa, extremo calor s\u00e3o aspectos da atmosfera que contribuem para que ele se prolifere&#8221;, explica. &#8220;Inclusive a agricultura est\u00e1 com dificuldade de plantio exatamente por falta de chuva. S\u00e3o per\u00edodos em que normalmente a soja j\u00e1 est\u00e1 plantando, tem normalmente toda a \u00e1rea plantada&#8221;, completa. Amaz\u00f4nia Foto mostra tamandu\u00e1 morto depois de inc\u00eandio na Amaz\u00f4nia perto de Mirante do Norte, Rond\u00f4nia, no dia 20 de agosto. \u2014 Foto: Ueslei Marcelino\/Reuters O n\u00famero de focos de inc\u00eandio na\u00a0Amaz\u00f4nia\u00a0tamb\u00e9m teve uma alta hist\u00f3rica neste ano: a quantidade de pontos de fogo registrados\u00a0de 1\u00ba de janeiro at\u00e9 30 de setembro foi a maior desde 2010, segundo os dados do Inpe. De janeiro at\u00e9 quarta-feira (14), o bioma tinha registrado 86.160 pontos de inc\u00eandio, quase a mesma quantidade vista no ano passado inteiro. G1<\/p>\n","protected":false},"author":6,"featured_media":192660,"comment_status":"closed","ping_status":"closed","sticky":false,"template":"","format":"standard","meta":{"sfsi_plus_gutenberg_text_before_share":"","sfsi_plus_gutenberg_show_text_before_share":"","sfsi_plus_gutenberg_icon_type":"","sfsi_plus_gutenberg_icon_alignemt":"","sfsi_plus_gutenburg_max_per_row":"","footnotes":""},"categories":[50,2],"tags":[],"class_list":["post-192646","post","type-post","status-publish","format-standard","has-post-thumbnail","hentry","category-destaque","category-geral"],"_links":{"self":[{"href":"https:\/\/www.caririemacao.com\/1\/wp-json\/wp\/v2\/posts\/192646","targetHints":{"allow":["GET"]}}],"collection":[{"href":"https:\/\/www.caririemacao.com\/1\/wp-json\/wp\/v2\/posts"}],"about":[{"href":"https:\/\/www.caririemacao.com\/1\/wp-json\/wp\/v2\/types\/post"}],"author":[{"embeddable":true,"href":"https:\/\/www.caririemacao.com\/1\/wp-json\/wp\/v2\/users\/6"}],"replies":[{"embeddable":true,"href":"https:\/\/www.caririemacao.com\/1\/wp-json\/wp\/v2\/comments?post=192646"}],"version-history":[{"count":1,"href":"https:\/\/www.caririemacao.com\/1\/wp-json\/wp\/v2\/posts\/192646\/revisions"}],"predecessor-version":[{"id":192661,"href":"https:\/\/www.caririemacao.com\/1\/wp-json\/wp\/v2\/posts\/192646\/revisions\/192661"}],"wp:featuredmedia":[{"embeddable":true,"href":"https:\/\/www.caririemacao.com\/1\/wp-json\/wp\/v2\/media\/192660"}],"wp:attachment":[{"href":"https:\/\/www.caririemacao.com\/1\/wp-json\/wp\/v2\/media?parent=192646"}],"wp:term":[{"taxonomy":"category","embeddable":true,"href":"https:\/\/www.caririemacao.com\/1\/wp-json\/wp\/v2\/categories?post=192646"},{"taxonomy":"post_tag","embeddable":true,"href":"https:\/\/www.caririemacao.com\/1\/wp-json\/wp\/v2\/tags?post=192646"}],"curies":[{"name":"wp","href":"https:\/\/api.w.org\/{rel}","templated":true}]}}