{"id":192652,"date":"2020-10-15T14:45:12","date_gmt":"2020-10-15T17:45:12","guid":{"rendered":"https:\/\/www.caririemacao.com\/1\/?p=192652"},"modified":"2020-10-15T14:45:13","modified_gmt":"2020-10-15T17:45:13","slug":"cidade-de-amparo-chega-a-76-dias-sem-registrar-novos-casos-de-covid-19","status":"publish","type":"post","link":"https:\/\/www.caririemacao.com\/1\/2020\/10\/15\/cidade-de-amparo-chega-a-76-dias-sem-registrar-novos-casos-de-covid-19\/","title":{"rendered":"Cidade de Amparo chega a 76 dias sem registrar novos casos de Covid-19"},"content":{"rendered":"\n<p class=\"wp-block-paragraph\">A cidade de Amparo chegou nessa quinta-feira (15) a incr\u00edvel marca de 76 dias sem registrar casos da Covid-19, fruto de um trabalho incans\u00e1vel por parte da gest\u00e3o municipal na luta contra a contamina\u00e7\u00e3o pelo v\u00edrus.<\/p>\n\n\n\n<p class=\"wp-block-paragraph\">Atualmente est\u00e1 sendo realizada desinfec\u00e7\u00e3o das ruas e ainda foram implantadas barreiras educativas no centro da cidade para controlar a higieniza\u00e7\u00e3o das pessoas.<\/p>\n\n\n\n<p class=\"wp-block-paragraph\">At\u00e9 a data dessa publica\u00e7\u00e3o, foram realizados 232 testes em nossa cidade, sendo 17 confirmados e j\u00e1 recuperados e 215 descartados, al\u00e9m de n\u00e3o termos nenhuma pessoa em investiga\u00e7\u00e3o.<\/p>\n\n\n\n<p class=\"wp-block-paragraph\">O \u00faltimo caso registrado em nossa cidade foi no dia 31 de julho, de l\u00e1 para c\u00e1 n\u00e3o registramos novos casos.<\/p>\n\n\n\n<p class=\"wp-block-paragraph\">Com exce\u00e7\u00e3o de um caso confirmado no dia 09 de setembro, que realizou o teste na cidade de Sum\u00e9 tendo como resultado reagente, no dia seguinte realizou outro teste na cidade de Monteiro tendo como resultado Negativo. Portanto, o caso foi descartado<\/p>\n\n\n\n<p class=\"wp-block-paragraph\">Tivemos outra pessoa testada positivo em Sum\u00e9 no dia 11 de setembro, foi encaminhado para Campina Grande (Dom Pedro I), ao chegar l\u00e1 foi realizado novamente o teste r\u00e1pido e SWAB tendo como resultado Negativo. Sendo assim, o estado orientou a preferenciar o diagn\u00f3stico: N\u00e3o Reagente para COVID-19.<\/p>\n\n\n\n<p class=\"wp-block-paragraph\">Amparo Ligado<\/p>\n","protected":false},"excerpt":{"rendered":"<p>A cidade de Amparo chegou nessa quinta-feira (15) a incr\u00edvel marca de 76 dias sem registrar casos da Covid-19, fruto de um trabalho incans\u00e1vel por parte da gest\u00e3o municipal na luta contra a contamina\u00e7\u00e3o pelo v\u00edrus. Atualmente est\u00e1 sendo realizada desinfec\u00e7\u00e3o das ruas e ainda foram implantadas barreiras educativas no centro da cidade para controlar a higieniza\u00e7\u00e3o das pessoas. At\u00e9 a data dessa publica\u00e7\u00e3o, foram realizados 232 testes em nossa cidade, sendo 17 confirmados e j\u00e1 recuperados e 215 descartados, al\u00e9m de n\u00e3o termos nenhuma pessoa em investiga\u00e7\u00e3o. O \u00faltimo caso registrado em nossa cidade foi no dia 31 de julho, de l\u00e1 para c\u00e1 n\u00e3o registramos novos casos. Com exce\u00e7\u00e3o de um caso confirmado no dia 09 de setembro, que realizou o teste na cidade de Sum\u00e9 tendo como resultado reagente, no dia seguinte realizou outro teste na cidade de Monteiro tendo como resultado Negativo. Portanto, o caso foi descartado Tivemos outra pessoa testada positivo em Sum\u00e9 no dia 11 de setembro, foi encaminhado para Campina Grande (Dom Pedro I), ao chegar l\u00e1 foi realizado novamente o teste r\u00e1pido e SWAB tendo como resultado Negativo. Sendo assim, o estado orientou a preferenciar o diagn\u00f3stico: N\u00e3o Reagente para COVID-19. Amparo Ligado<\/p>\n","protected":false},"author":6,"featured_media":187142,"comment_status":"closed","ping_status":"closed","sticky":false,"template":"","format":"standard","meta":{"sfsi_plus_gutenberg_text_before_share":"","sfsi_plus_gutenberg_show_text_before_share":"","sfsi_plus_gutenberg_icon_type":"","sfsi_plus_gutenberg_icon_alignemt":"","sfsi_plus_gutenburg_max_per_row":"","footnotes":""},"categories":[6],"tags":[],"class_list":["post-192652","post","type-post","status-publish","format-standard","has-post-thumbnail","hentry","category-cidades"],"_links":{"self":[{"href":"https:\/\/www.caririemacao.com\/1\/wp-json\/wp\/v2\/posts\/192652","targetHints":{"allow":["GET"]}}],"collection":[{"href":"https:\/\/www.caririemacao.com\/1\/wp-json\/wp\/v2\/posts"}],"about":[{"href":"https:\/\/www.caririemacao.com\/1\/wp-json\/wp\/v2\/types\/post"}],"author":[{"embeddable":true,"href":"https:\/\/www.caririemacao.com\/1\/wp-json\/wp\/v2\/users\/6"}],"replies":[{"embeddable":true,"href":"https:\/\/www.caririemacao.com\/1\/wp-json\/wp\/v2\/comments?post=192652"}],"version-history":[{"count":1,"href":"https:\/\/www.caririemacao.com\/1\/wp-json\/wp\/v2\/posts\/192652\/revisions"}],"predecessor-version":[{"id":192655,"href":"https:\/\/www.caririemacao.com\/1\/wp-json\/wp\/v2\/posts\/192652\/revisions\/192655"}],"wp:featuredmedia":[{"embeddable":true,"href":"https:\/\/www.caririemacao.com\/1\/wp-json\/wp\/v2\/media\/187142"}],"wp:attachment":[{"href":"https:\/\/www.caririemacao.com\/1\/wp-json\/wp\/v2\/media?parent=192652"}],"wp:term":[{"taxonomy":"category","embeddable":true,"href":"https:\/\/www.caririemacao.com\/1\/wp-json\/wp\/v2\/categories?post=192652"},{"taxonomy":"post_tag","embeddable":true,"href":"https:\/\/www.caririemacao.com\/1\/wp-json\/wp\/v2\/tags?post=192652"}],"curies":[{"name":"wp","href":"https:\/\/api.w.org\/{rel}","templated":true}]}}