{"id":192662,"date":"2020-10-15T14:53:54","date_gmt":"2020-10-15T17:53:54","guid":{"rendered":"https:\/\/www.caririemacao.com\/1\/?p=192662"},"modified":"2020-10-15T14:53:57","modified_gmt":"2020-10-15T17:53:57","slug":"brasileiros-sao-flagrados-ao-tentar-entrar-em-portugal-com-mais-de-170-kg-de-cocaina-levados-em-jatinho","status":"publish","type":"post","link":"https:\/\/www.caririemacao.com\/1\/2020\/10\/15\/brasileiros-sao-flagrados-ao-tentar-entrar-em-portugal-com-mais-de-170-kg-de-cocaina-levados-em-jatinho\/","title":{"rendered":"Brasileiros s\u00e3o flagrados ao tentar entrar em Portugal com mais de 170 kg de coca\u00edna levados em jatinho"},"content":{"rendered":"\n<p class=\"wp-block-paragraph\">A pol\u00edcia de\u00a0Portugal\u00a0deteve tr\u00eas brasileiros e dois portugueses que levaram mais de 170 kg de coca\u00edna do Brasil at\u00e9 Lisboa em um jatinho.<\/p>\n\n\n\n<p class=\"wp-block-paragraph\">Os tr\u00eas brasileiros foram presos, mas os dois portugueses aguardar\u00e3o o processo em casa, segundo entrevista de Rui Sousa, coordenador da Pol\u00edcia Judici\u00e1ria do pa\u00eds \u00e0 emissora p\u00fablica RTP.<\/p>\n\n\n\n<blockquote class=\"wp-block-quote is-layout-flow wp-block-quote-is-layout-flow\"><p>\u201cEstamos em plena coopera\u00e7\u00e3o com as autoridades brasileiras e sabemos que uma das pessoas j\u00e1 tinha antecedentes por outros tipos de crimes\u201d, disse ele.<\/p><\/blockquote>\n\n\n\n<p class=\"wp-block-paragraph\">Os traficantes estavam disfar\u00e7ados de viajantes executivos e j\u00e1 teriam realizado v\u00e1rias vezes o mesmo roteiro: partindo do Brasil em dire\u00e7\u00e3o a Portugal com carregamentos de drogas.<\/p>\n\n\n\n<p class=\"wp-block-paragraph\">Os cinco podem pertencer a uma organiza\u00e7\u00e3o maior, de acordo com Sousa.<\/p>\n\n\n\n<p class=\"wp-block-paragraph\">A pol\u00edcia apreendeu o avi\u00e3o \u2013foi a primeira vez que isso aconteceu em uma opera\u00e7\u00e3o contra o com\u00e9rcio ilegal de drogas no pa\u00eds. A carga seria equivalente a 1,7 milh\u00e3o de doses de coca\u00edna na quantidade que \u00e9 vendida ao consumidor final.<\/p>\n\n\n\n<p class=\"wp-block-paragraph\">A a\u00e7\u00e3o foi parte de uma opera\u00e7\u00e3o da pol\u00edcia portuguesa chamada White Wing (asa branca em ingl\u00eas).<\/p>\n\n\n\n<p class=\"wp-block-paragraph\">Veja abaixo v\u00eddeo sobre uma a\u00e7\u00e3o que prendeu uma quadrilha de traficantes no interior de S\u00e3o Paulo.<\/p>\n\n\n\n<p class=\"wp-block-paragraph\">G1<\/p>\n","protected":false},"excerpt":{"rendered":"<p>A pol\u00edcia de\u00a0Portugal\u00a0deteve tr\u00eas brasileiros e dois portugueses que levaram mais de 170 kg de coca\u00edna do Brasil at\u00e9 Lisboa em um jatinho. Os tr\u00eas brasileiros foram presos, mas os dois portugueses aguardar\u00e3o o processo em casa, segundo entrevista de Rui Sousa, coordenador da Pol\u00edcia Judici\u00e1ria do pa\u00eds \u00e0 emissora p\u00fablica RTP. \u201cEstamos em plena coopera\u00e7\u00e3o com as autoridades brasileiras e sabemos que uma das pessoas j\u00e1 tinha antecedentes por outros tipos de crimes\u201d, disse ele. Os traficantes estavam disfar\u00e7ados de viajantes executivos e j\u00e1 teriam realizado v\u00e1rias vezes o mesmo roteiro: partindo do Brasil em dire\u00e7\u00e3o a Portugal com carregamentos de drogas. Os cinco podem pertencer a uma organiza\u00e7\u00e3o maior, de acordo com Sousa. A pol\u00edcia apreendeu o avi\u00e3o \u2013foi a primeira vez que isso aconteceu em uma opera\u00e7\u00e3o contra o com\u00e9rcio ilegal de drogas no pa\u00eds. A carga seria equivalente a 1,7 milh\u00e3o de doses de coca\u00edna na quantidade que \u00e9 vendida ao consumidor final. A a\u00e7\u00e3o foi parte de uma opera\u00e7\u00e3o da pol\u00edcia portuguesa chamada White Wing (asa branca em ingl\u00eas). Veja abaixo v\u00eddeo sobre uma a\u00e7\u00e3o que prendeu uma quadrilha de traficantes no interior de S\u00e3o Paulo. G1<\/p>\n","protected":false},"author":6,"featured_media":192668,"comment_status":"closed","ping_status":"closed","sticky":false,"template":"","format":"standard","meta":{"sfsi_plus_gutenberg_text_before_share":"","sfsi_plus_gutenberg_show_text_before_share":"","sfsi_plus_gutenberg_icon_type":"","sfsi_plus_gutenberg_icon_alignemt":"","sfsi_plus_gutenburg_max_per_row":"","footnotes":""},"categories":[50,103],"tags":[],"class_list":["post-192662","post","type-post","status-publish","format-standard","has-post-thumbnail","hentry","category-destaque","category-mundo"],"_links":{"self":[{"href":"https:\/\/www.caririemacao.com\/1\/wp-json\/wp\/v2\/posts\/192662","targetHints":{"allow":["GET"]}}],"collection":[{"href":"https:\/\/www.caririemacao.com\/1\/wp-json\/wp\/v2\/posts"}],"about":[{"href":"https:\/\/www.caririemacao.com\/1\/wp-json\/wp\/v2\/types\/post"}],"author":[{"embeddable":true,"href":"https:\/\/www.caririemacao.com\/1\/wp-json\/wp\/v2\/users\/6"}],"replies":[{"embeddable":true,"href":"https:\/\/www.caririemacao.com\/1\/wp-json\/wp\/v2\/comments?post=192662"}],"version-history":[{"count":1,"href":"https:\/\/www.caririemacao.com\/1\/wp-json\/wp\/v2\/posts\/192662\/revisions"}],"predecessor-version":[{"id":192669,"href":"https:\/\/www.caririemacao.com\/1\/wp-json\/wp\/v2\/posts\/192662\/revisions\/192669"}],"wp:featuredmedia":[{"embeddable":true,"href":"https:\/\/www.caririemacao.com\/1\/wp-json\/wp\/v2\/media\/192668"}],"wp:attachment":[{"href":"https:\/\/www.caririemacao.com\/1\/wp-json\/wp\/v2\/media?parent=192662"}],"wp:term":[{"taxonomy":"category","embeddable":true,"href":"https:\/\/www.caririemacao.com\/1\/wp-json\/wp\/v2\/categories?post=192662"},{"taxonomy":"post_tag","embeddable":true,"href":"https:\/\/www.caririemacao.com\/1\/wp-json\/wp\/v2\/tags?post=192662"}],"curies":[{"name":"wp","href":"https:\/\/api.w.org\/{rel}","templated":true}]}}