{"id":192738,"date":"2020-10-16T06:31:24","date_gmt":"2020-10-16T09:31:24","guid":{"rendered":"https:\/\/www.caririemacao.com\/1\/?p=192738"},"modified":"2020-10-16T06:31:26","modified_gmt":"2020-10-16T09:31:26","slug":"populares-passam-com-carro-por-cima-de-bandido-que-tentou-assaltar-supermercado-em-tenorio","status":"publish","type":"post","link":"https:\/\/www.caririemacao.com\/1\/2020\/10\/16\/populares-passam-com-carro-por-cima-de-bandido-que-tentou-assaltar-supermercado-em-tenorio\/","title":{"rendered":"Populares passam com carro por cima de bandido que tentou assaltar supermercado em Ten\u00f3rio"},"content":{"rendered":"\n<p><strong>TEN\u00d3RIO<\/strong>&nbsp;\u2013 Uma dupla a bordo de uma motocicleta tentou assaltar o supermercado Nossa Senhora de F\u00e1tima na manh\u00e3 desta quinta-feira (15), mas se deu mal, pois a populares pegaram um dos lar\u00e1pios e passou com e o atropelou com um Autom\u00f3vel.<\/p>\n\n\n\n<p>O marginal ficou ferido no joelho direito, foi imobilizado e algemado pela Pol\u00edcia Militar (PM).<\/p>\n\n\n\n<p>Uma pessoa gravou um v\u00eddeo com um aparelho celular, onde \u00e9 poss\u00edvel ver o meliante algemado no meio da rua e pedindo para ser levado ao hospital, enquanto um policial o segurava.<\/p>\n\n\n\n<p>O outro bandido conseguiu fugir.<\/p>\n\n\n\n<p>Com Heleno Lima<\/p>\n","protected":false},"excerpt":{"rendered":"<p>TEN\u00d3RIO&nbsp;\u2013 Uma dupla a bordo de uma motocicleta tentou assaltar o supermercado Nossa Senhora de F\u00e1tima na manh\u00e3 desta quinta-feira (15), mas se deu mal,&hellip; <\/p>\n","protected":false},"author":6,"featured_media":192739,"comment_status":"closed","ping_status":"closed","sticky":false,"template":"","format":"standard","meta":{"sfsi_plus_gutenberg_text_before_share":"","sfsi_plus_gutenberg_show_text_before_share":"","sfsi_plus_gutenberg_icon_type":"","sfsi_plus_gutenberg_icon_alignemt":"","sfsi_plus_gutenburg_max_per_row":"","footnotes":""},"categories":[50,12],"tags":[],"class_list":["post-192738","post","type-post","status-publish","format-standard","has-post-thumbnail","hentry","category-destaque","category-policia"],"_links":{"self":[{"href":"https:\/\/www.caririemacao.com\/1\/wp-json\/wp\/v2\/posts\/192738","targetHints":{"allow":["GET"]}}],"collection":[{"href":"https:\/\/www.caririemacao.com\/1\/wp-json\/wp\/v2\/posts"}],"about":[{"href":"https:\/\/www.caririemacao.com\/1\/wp-json\/wp\/v2\/types\/post"}],"author":[{"embeddable":true,"href":"https:\/\/www.caririemacao.com\/1\/wp-json\/wp\/v2\/users\/6"}],"replies":[{"embeddable":true,"href":"https:\/\/www.caririemacao.com\/1\/wp-json\/wp\/v2\/comments?post=192738"}],"version-history":[{"count":1,"href":"https:\/\/www.caririemacao.com\/1\/wp-json\/wp\/v2\/posts\/192738\/revisions"}],"predecessor-version":[{"id":192740,"href":"https:\/\/www.caririemacao.com\/1\/wp-json\/wp\/v2\/posts\/192738\/revisions\/192740"}],"wp:featuredmedia":[{"embeddable":true,"href":"https:\/\/www.caririemacao.com\/1\/wp-json\/wp\/v2\/media\/192739"}],"wp:attachment":[{"href":"https:\/\/www.caririemacao.com\/1\/wp-json\/wp\/v2\/media?parent=192738"}],"wp:term":[{"taxonomy":"category","embeddable":true,"href":"https:\/\/www.caririemacao.com\/1\/wp-json\/wp\/v2\/categories?post=192738"},{"taxonomy":"post_tag","embeddable":true,"href":"https:\/\/www.caririemacao.com\/1\/wp-json\/wp\/v2\/tags?post=192738"}],"curies":[{"name":"wp","href":"https:\/\/api.w.org\/{rel}","templated":true}]}}