{"id":192741,"date":"2020-10-16T06:35:04","date_gmt":"2020-10-16T09:35:04","guid":{"rendered":"https:\/\/www.caririemacao.com\/1\/?p=192741"},"modified":"2020-10-16T06:35:09","modified_gmt":"2020-10-16T09:35:09","slug":"juiz-julga-improcedente-acao-movida-por-micheila-e-edna-contra-sites-em-monteiro","status":"publish","type":"post","link":"https:\/\/www.caririemacao.com\/1\/2020\/10\/16\/juiz-julga-improcedente-acao-movida-por-micheila-e-edna-contra-sites-em-monteiro\/","title":{"rendered":"Juiz julga improcedente a\u00e7\u00e3o movida por Micheila e Edna contra sites, em Monteiro"},"content":{"rendered":"\n<p>O Juiz da 29\u00aa Zona Eleitoral de Monteiro, Dr. Nilson Dias, julgou improcedente a a\u00e7\u00e3o movida pelas candidatas Micheila Henrique e Edna Henrique contra os sites Cariri Ligado, Vitrine do Cariri e O Pipoco. As candidatas, filha e m\u00e3e, alegavam que os sites haviam divulgado not\u00edcia inver\u00eddica em rela\u00e7\u00e3o as mesmas, quando trouxeram a informa\u00e7\u00e3o de que os ve\u00edculos foram abandonados na gest\u00e3o da ex-prefeita Edna Henrique.<\/p>\n\n\n\n<p>O Juiz j\u00e1 havia indeferido anteriormente o pedido de retirada da mat\u00e9ria no ar. A defesa dos sites argumentou que n\u00e3o h\u00e1 imputa\u00e7\u00e3o de fato sabidamente inver\u00eddico, e que a mat\u00e9ria trazia fatos verdadeiros.<\/p>\n\n\n\n<p>\u201cNo caso concreto, a alega\u00e7\u00e3o \u00e9 de que a mat\u00e9ria jornal\u00edstica seria inver\u00eddica, ao argumento de que a impressa n\u00e3o teria feito prova de sua alega\u00e7\u00e3o. No entanto, entendo que a mat\u00e9ria jornal\u00edstica n\u00e3o \u00e9 manifestamente inver\u00eddica, estando aparentemente fundamentadas em laudo, nem a parte autora fez prova dessa manifesta invericidade. De fato, em verdade, a aposi\u00e7\u00e3o de novos s\u00edmbolos de marca da municipalidade n\u00e3o exclui a possibilidade de que os ve\u00edculos tenham sido adquiridos em momento anterior. Por fim, ressalto que a mat\u00e9ria jornal\u00edstica n\u00e3o apresente conte\u00fado ofensivo e, a nosso ver, n\u00e3o pode ser caracterizada como manifestamente inver\u00eddica\u201d, afirmou o Magistrado na decis\u00e3o.<\/p>\n\n\n\n<p>O juiz ainda afirmou que da atenta leitura que fez da mat\u00e9ria jornal\u00edstica em evid\u00eancia, sopesados os valores constitucionais em jogo, concluiu que a nota jornal\u00edstica impugnada traduz pleno exerc\u00edcio da liberdade de express\u00e3o e de opini\u00e3o dos ve\u00edculos de imprensa, de alta relev\u00e2ncia no processo democr\u00e1tico de forma\u00e7\u00e3o do ju\u00edzo cr\u00edtico dos eleitores, entendendo ser o caso de improced\u00eancia dos pedidos das candidatas Micheila e Edna.<\/p>\n\n\n\n<p>Com Cariri Ligado<\/p>\n","protected":false},"excerpt":{"rendered":"<p>O Juiz da 29\u00aa Zona Eleitoral de Monteiro, Dr. Nilson Dias, julgou improcedente a a\u00e7\u00e3o movida pelas candidatas Micheila Henrique e Edna Henrique contra os&hellip; <\/p>\n","protected":false},"author":6,"featured_media":192742,"comment_status":"closed","ping_status":"closed","sticky":false,"template":"","format":"standard","meta":{"sfsi_plus_gutenberg_text_before_share":"","sfsi_plus_gutenberg_show_text_before_share":"","sfsi_plus_gutenberg_icon_type":"","sfsi_plus_gutenberg_icon_alignemt":"","sfsi_plus_gutenburg_max_per_row":"","footnotes":""},"categories":[50,81],"tags":[],"class_list":["post-192741","post","type-post","status-publish","format-standard","has-post-thumbnail","hentry","category-destaque","category-monteiro"],"_links":{"self":[{"href":"https:\/\/www.caririemacao.com\/1\/wp-json\/wp\/v2\/posts\/192741","targetHints":{"allow":["GET"]}}],"collection":[{"href":"https:\/\/www.caririemacao.com\/1\/wp-json\/wp\/v2\/posts"}],"about":[{"href":"https:\/\/www.caririemacao.com\/1\/wp-json\/wp\/v2\/types\/post"}],"author":[{"embeddable":true,"href":"https:\/\/www.caririemacao.com\/1\/wp-json\/wp\/v2\/users\/6"}],"replies":[{"embeddable":true,"href":"https:\/\/www.caririemacao.com\/1\/wp-json\/wp\/v2\/comments?post=192741"}],"version-history":[{"count":1,"href":"https:\/\/www.caririemacao.com\/1\/wp-json\/wp\/v2\/posts\/192741\/revisions"}],"predecessor-version":[{"id":192743,"href":"https:\/\/www.caririemacao.com\/1\/wp-json\/wp\/v2\/posts\/192741\/revisions\/192743"}],"wp:featuredmedia":[{"embeddable":true,"href":"https:\/\/www.caririemacao.com\/1\/wp-json\/wp\/v2\/media\/192742"}],"wp:attachment":[{"href":"https:\/\/www.caririemacao.com\/1\/wp-json\/wp\/v2\/media?parent=192741"}],"wp:term":[{"taxonomy":"category","embeddable":true,"href":"https:\/\/www.caririemacao.com\/1\/wp-json\/wp\/v2\/categories?post=192741"},{"taxonomy":"post_tag","embeddable":true,"href":"https:\/\/www.caririemacao.com\/1\/wp-json\/wp\/v2\/tags?post=192741"}],"curies":[{"name":"wp","href":"https:\/\/api.w.org\/{rel}","templated":true}]}}