{"id":193310,"date":"2020-10-21T15:06:37","date_gmt":"2020-10-21T18:06:37","guid":{"rendered":"https:\/\/www.caririemacao.com\/1\/?p=193310"},"modified":"2020-10-21T15:06:37","modified_gmt":"2020-10-21T18:06:37","slug":"homem-suspeito-de-participacao-em-feminicidio-e-preso-em-queimadas-na-paraiba","status":"publish","type":"post","link":"https:\/\/www.caririemacao.com\/1\/2020\/10\/21\/homem-suspeito-de-participacao-em-feminicidio-e-preso-em-queimadas-na-paraiba\/","title":{"rendered":"Homem suspeito de participa\u00e7\u00e3o em feminic\u00eddio \u00e9 preso em Queimadas, na Para\u00edba"},"content":{"rendered":"\n<p class=\"wp-block-paragraph\">Um homem foi preso na noite de ter\u00e7a-feira (20), em Queimadas, no Cariri da Para\u00edba, suspeito de participa\u00e7\u00e3o no\u00a0feminic\u00eddio de uma jovem de 19 anos, que aconteceu em maio deste ano, na zona rural da cidade.<\/p>\n\n\n\n<p class=\"wp-block-paragraph\">De acordo com o N\u00facleo de Homic\u00eddios da Pol\u00edcia Civil de Queimadas, no Agreste da Para\u00edba, o suspeito teria emprestado a arma para que o ex-namorado da v\u00edtima a matasse. O suspeito de efetuar os disparos foi preso em flagrante no dia seguinte ao crime.<\/p>\n\n\n\n<p class=\"wp-block-paragraph\">Segundo a pol\u00edcia, durante as investiga\u00e7\u00f5es surgiram ind\u00edcios de que a arma utilizada no crime, e que n\u00e3o foi apreendida na \u00e9poca, seria de um amigo do executor. A Pol\u00edcia Civil ent\u00e3o realizou buscas na casa do segundo suspeito e l\u00e1 encontrou um rev\u00f3lver calibre 32, de mesmo calibre da arma utilizada no crime. O segundo investigado, amigo do ex-namorado da v\u00edtima, foi preso em flagrante por porte irregular de arma de fogo, mas logo em seguida foi colocado em liberdade.<\/p>\n\n\n\n<p class=\"wp-block-paragraph\">Com a apreens\u00e3o da arma de fogo, o N\u00facleo de Homic\u00eddios realizou a per\u00edcia de confronto bal\u00edstico com o proj\u00e9til extra\u00eddo do corpo da v\u00edtima, que concluiu que o proj\u00e9til extra\u00eddo do corpo da v\u00edtima saiu do rev\u00f3lver apreendido na casa do segundo investigado.<\/p>\n\n\n\n<p class=\"wp-block-paragraph\">Conforme a Pol\u00edcia Civil, ap\u00f3s a comprova\u00e7\u00e3o da per\u00edcia, foi decretada a pris\u00e3o preventiva do segundo investigado, que foi deferida na ter\u00e7a-feira (20).<\/p>\n\n\n\n<p class=\"wp-block-paragraph\">O crime aconteceu no dia 26 de maio de 2020 e teve como v\u00edtima a jovem Michele Alves Veloso, de 19 anos. De acordo com a pol\u00edcia, a v\u00edtima estava na casa que morava com os tios, no s\u00edtio Capoeiras, por volta das 20h30, quando o suspeito chegou e efetuou os disparos.<\/p>\n\n\n\n<p class=\"wp-block-paragraph\">A Pol\u00edcia Civil informou ao\u00a0G1\u00a0que, segundo relato da tia da v\u00edtima, ela estaria gr\u00e1vida do suspeito e essa seria a motiva\u00e7\u00e3o do crime, j\u00e1 que ele n\u00e3o aceitava a gravidez da v\u00edtima.<\/p>\n\n\n\n<p class=\"wp-block-paragraph\">G1 PB<\/p>\n","protected":false},"excerpt":{"rendered":"<p>Um homem foi preso na noite de ter\u00e7a-feira (20), em Queimadas, no Cariri da Para\u00edba, suspeito de participa\u00e7\u00e3o no\u00a0feminic\u00eddio de uma jovem de 19 anos, que aconteceu em maio deste ano, na zona rural da cidade. De acordo com o N\u00facleo de Homic\u00eddios da Pol\u00edcia Civil de Queimadas, no Agreste da Para\u00edba, o suspeito teria emprestado a arma para que o ex-namorado da v\u00edtima a matasse. O suspeito de efetuar os disparos foi preso em flagrante no dia seguinte ao crime. Segundo a pol\u00edcia, durante as investiga\u00e7\u00f5es surgiram ind\u00edcios de que a arma utilizada no crime, e que n\u00e3o foi apreendida na \u00e9poca, seria de um amigo do executor. A Pol\u00edcia Civil ent\u00e3o realizou buscas na casa do segundo suspeito e l\u00e1 encontrou um rev\u00f3lver calibre 32, de mesmo calibre da arma utilizada no crime. O segundo investigado, amigo do ex-namorado da v\u00edtima, foi preso em flagrante por porte irregular de arma de fogo, mas logo em seguida foi colocado em liberdade. Com a apreens\u00e3o da arma de fogo, o N\u00facleo de Homic\u00eddios realizou a per\u00edcia de confronto bal\u00edstico com o proj\u00e9til extra\u00eddo do corpo da v\u00edtima, que concluiu que o proj\u00e9til extra\u00eddo do corpo da v\u00edtima saiu do rev\u00f3lver apreendido na casa do segundo investigado. Conforme a Pol\u00edcia Civil, ap\u00f3s a comprova\u00e7\u00e3o da per\u00edcia, foi decretada a pris\u00e3o preventiva do segundo investigado, que foi deferida na ter\u00e7a-feira (20). O crime aconteceu no dia 26 de maio de 2020 e teve como v\u00edtima a jovem Michele Alves Veloso, de 19 anos. De acordo com a pol\u00edcia, a v\u00edtima estava na casa que morava com os tios, no s\u00edtio Capoeiras, por volta das 20h30, quando o suspeito chegou e efetuou os disparos. A Pol\u00edcia Civil informou ao\u00a0G1\u00a0que, segundo relato da tia da v\u00edtima, ela estaria gr\u00e1vida do suspeito e essa seria a motiva\u00e7\u00e3o do crime, j\u00e1 que ele n\u00e3o aceitava a gravidez da v\u00edtima. G1 PB<\/p>\n","protected":false},"author":6,"featured_media":193311,"comment_status":"closed","ping_status":"closed","sticky":false,"template":"","format":"standard","meta":{"sfsi_plus_gutenberg_text_before_share":"","sfsi_plus_gutenberg_show_text_before_share":"","sfsi_plus_gutenberg_icon_type":"","sfsi_plus_gutenberg_icon_alignemt":"","sfsi_plus_gutenburg_max_per_row":"","footnotes":""},"categories":[50,104,12],"tags":[],"class_list":["post-193310","post","type-post","status-publish","format-standard","has-post-thumbnail","hentry","category-destaque","category-paraiba","category-policia"],"_links":{"self":[{"href":"https:\/\/www.caririemacao.com\/1\/wp-json\/wp\/v2\/posts\/193310","targetHints":{"allow":["GET"]}}],"collection":[{"href":"https:\/\/www.caririemacao.com\/1\/wp-json\/wp\/v2\/posts"}],"about":[{"href":"https:\/\/www.caririemacao.com\/1\/wp-json\/wp\/v2\/types\/post"}],"author":[{"embeddable":true,"href":"https:\/\/www.caririemacao.com\/1\/wp-json\/wp\/v2\/users\/6"}],"replies":[{"embeddable":true,"href":"https:\/\/www.caririemacao.com\/1\/wp-json\/wp\/v2\/comments?post=193310"}],"version-history":[{"count":1,"href":"https:\/\/www.caririemacao.com\/1\/wp-json\/wp\/v2\/posts\/193310\/revisions"}],"predecessor-version":[{"id":193312,"href":"https:\/\/www.caririemacao.com\/1\/wp-json\/wp\/v2\/posts\/193310\/revisions\/193312"}],"wp:featuredmedia":[{"embeddable":true,"href":"https:\/\/www.caririemacao.com\/1\/wp-json\/wp\/v2\/media\/193311"}],"wp:attachment":[{"href":"https:\/\/www.caririemacao.com\/1\/wp-json\/wp\/v2\/media?parent=193310"}],"wp:term":[{"taxonomy":"category","embeddable":true,"href":"https:\/\/www.caririemacao.com\/1\/wp-json\/wp\/v2\/categories?post=193310"},{"taxonomy":"post_tag","embeddable":true,"href":"https:\/\/www.caririemacao.com\/1\/wp-json\/wp\/v2\/tags?post=193310"}],"curies":[{"name":"wp","href":"https:\/\/api.w.org\/{rel}","templated":true}]}}