{"id":193352,"date":"2020-10-22T06:30:44","date_gmt":"2020-10-22T09:30:44","guid":{"rendered":"https:\/\/www.caririemacao.com\/1\/?p=193352"},"modified":"2020-10-22T06:30:44","modified_gmt":"2020-10-22T09:30:44","slug":"sertao-concentra-o-maior-numero-de-incendios-registrados-em-2020-na-paraiba","status":"publish","type":"post","link":"https:\/\/www.caririemacao.com\/1\/2020\/10\/22\/sertao-concentra-o-maior-numero-de-incendios-registrados-em-2020-na-paraiba\/","title":{"rendered":"Sert\u00e3o concentra o maior n\u00famero de inc\u00eandios registrados em 2020 na Para\u00edba"},"content":{"rendered":"\n<p class=\"wp-block-paragraph\">Com os constantes alertas de baixa umidade e a falta de chuvas, o Sert\u00e3o \u00e9 a regi\u00e3o que registra o maior n\u00famero de inc\u00eandios na Para\u00edba, segundo informa\u00e7\u00f5es do Corpo de Bombeiros. De acordo com os dados mais recentes, os focos de queimadas at\u00e9 o dia 22 de setembro, aumentou 21% em rela\u00e7\u00e3o ao mesmo per\u00edodo do ano passado.<\/p>\n\n\n\n<p class=\"wp-block-paragraph\">Entre os&nbsp;inc\u00eandios mais recentes est\u00e1 da Serra&nbsp;de M\u00e3e D\u2019\u00e1gua, localizado no Sert\u00e3o da Para\u00edba registrado no \u00faltimo domingo (18) que foi considerado de grandes propor\u00e7\u00f5es, demorando mais de um dia para ser controlado.<\/p>\n\n\n\n<p class=\"wp-block-paragraph\">Conforme dados do Instituto Nacional de Pesquisas Espaciais (Inpe) foram registrados 252 casos de inc\u00eandios (em 2020) e 208 (em 2019) no estado.<\/p>\n\n\n\n<p class=\"wp-block-paragraph\">O monitoramento feito pelo Corpo de Bombeiros ainda revela que Cajazeiras, no alto Sert\u00e3o paraibano, \u00e9 o que mais sofreu com as queimadas, com 19 ocorr\u00eancias. Em seguida aparecem Olho D\u2019\u00c1gua (18), Pianc\u00f3 (16), Patos (11), Pombal (9) e Santa Terezinha (7).<\/p>\n\n\n\n<p class=\"wp-block-paragraph\">Click PB<\/p>\n","protected":false},"excerpt":{"rendered":"<p>Com os constantes alertas de baixa umidade e a falta de chuvas, o Sert\u00e3o \u00e9 a regi\u00e3o que registra o maior n\u00famero de inc\u00eandios na Para\u00edba, segundo informa\u00e7\u00f5es do Corpo de Bombeiros. De acordo com os dados mais recentes, os focos de queimadas at\u00e9 o dia 22 de setembro, aumentou 21% em rela\u00e7\u00e3o ao mesmo per\u00edodo do ano passado. Entre os&nbsp;inc\u00eandios mais recentes est\u00e1 da Serra&nbsp;de M\u00e3e D\u2019\u00e1gua, localizado no Sert\u00e3o da Para\u00edba registrado no \u00faltimo domingo (18) que foi considerado de grandes propor\u00e7\u00f5es, demorando mais de um dia para ser controlado. Conforme dados do Instituto Nacional de Pesquisas Espaciais (Inpe) foram registrados 252 casos de inc\u00eandios (em 2020) e 208 (em 2019) no estado. O monitoramento feito pelo Corpo de Bombeiros ainda revela que Cajazeiras, no alto Sert\u00e3o paraibano, \u00e9 o que mais sofreu com as queimadas, com 19 ocorr\u00eancias. Em seguida aparecem Olho D\u2019\u00c1gua (18), Pianc\u00f3 (16), Patos (11), Pombal (9) e Santa Terezinha (7). Click PB<\/p>\n","protected":false},"author":6,"featured_media":193353,"comment_status":"closed","ping_status":"closed","sticky":false,"template":"","format":"standard","meta":{"sfsi_plus_gutenberg_text_before_share":"","sfsi_plus_gutenberg_show_text_before_share":"","sfsi_plus_gutenberg_icon_type":"","sfsi_plus_gutenberg_icon_alignemt":"","sfsi_plus_gutenburg_max_per_row":"","footnotes":""},"categories":[50,105],"tags":[],"class_list":["post-193352","post","type-post","status-publish","format-standard","has-post-thumbnail","hentry","category-destaque","category-sertao"],"_links":{"self":[{"href":"https:\/\/www.caririemacao.com\/1\/wp-json\/wp\/v2\/posts\/193352","targetHints":{"allow":["GET"]}}],"collection":[{"href":"https:\/\/www.caririemacao.com\/1\/wp-json\/wp\/v2\/posts"}],"about":[{"href":"https:\/\/www.caririemacao.com\/1\/wp-json\/wp\/v2\/types\/post"}],"author":[{"embeddable":true,"href":"https:\/\/www.caririemacao.com\/1\/wp-json\/wp\/v2\/users\/6"}],"replies":[{"embeddable":true,"href":"https:\/\/www.caririemacao.com\/1\/wp-json\/wp\/v2\/comments?post=193352"}],"version-history":[{"count":1,"href":"https:\/\/www.caririemacao.com\/1\/wp-json\/wp\/v2\/posts\/193352\/revisions"}],"predecessor-version":[{"id":193354,"href":"https:\/\/www.caririemacao.com\/1\/wp-json\/wp\/v2\/posts\/193352\/revisions\/193354"}],"wp:featuredmedia":[{"embeddable":true,"href":"https:\/\/www.caririemacao.com\/1\/wp-json\/wp\/v2\/media\/193353"}],"wp:attachment":[{"href":"https:\/\/www.caririemacao.com\/1\/wp-json\/wp\/v2\/media?parent=193352"}],"wp:term":[{"taxonomy":"category","embeddable":true,"href":"https:\/\/www.caririemacao.com\/1\/wp-json\/wp\/v2\/categories?post=193352"},{"taxonomy":"post_tag","embeddable":true,"href":"https:\/\/www.caririemacao.com\/1\/wp-json\/wp\/v2\/tags?post=193352"}],"curies":[{"name":"wp","href":"https:\/\/api.w.org\/{rel}","templated":true}]}}