{"id":193586,"date":"2020-10-25T07:10:48","date_gmt":"2020-10-25T10:10:48","guid":{"rendered":"https:\/\/www.caririemacao.com\/1\/?p=193586"},"modified":"2020-10-25T10:47:40","modified_gmt":"2020-10-25T13:47:40","slug":"nao-satisfeito-em-destruir-o-ambiente-resolveu-destruir-o-governo-diz-maia-sobre-salles","status":"publish","type":"post","link":"https:\/\/www.caririemacao.com\/1\/2020\/10\/25\/nao-satisfeito-em-destruir-o-ambiente-resolveu-destruir-o-governo-diz-maia-sobre-salles\/","title":{"rendered":"&#8216;N\u00e3o satisfeito em destruir o ambiente, resolveu destruir o governo&#8217;, diz Maia sobre Salles"},"content":{"rendered":"\n<p class=\"wp-block-paragraph\">&nbsp;O presidente da C\u00e2mara, Rodrigo Maia (DEM-RJ), entrou neste s\u00e1bado (24) na briga p\u00fablica do ministro do Meio Ambiente, Ricardo Salles, com o ministro da Secretaria de Governo, general Luiz Eduardo Ramos, escalando a nova crise do governo do presidente Jair Bolsonaro (sem partido).<\/p>\n\n\n\n<p class=\"wp-block-paragraph\">&#8220;O ministro Ricardo Salles, n\u00e3o satisfeito em destruir o meio ambiente do Brasil, agora resolveu destruir o pr\u00f3prio governo&#8221;, escreveu o deputado em uma rede social.<\/p>\n\n\n\n<p class=\"wp-block-paragraph\">Em contraposi\u00e7\u00e3o \u00e0 base ideol\u00f3gica do governo no Congresso, Maia, bem como integrantes do centr\u00e3o, s\u00e3o aliados de Ramos no confronto contra o n\u00facleo ideol\u00f3gico do governo. Parlamentares que integram o grupo tamb\u00e9m foram a p\u00fablico.<\/p>\n\n\n\n<p class=\"wp-block-paragraph\">&#8220;O Progressistas manifesta total apoio ao trabalho do ministro-chefe da secretaria de Governo da Presid\u00eancia da Rep\u00fablica, Luiz Eduardo Ramos. Sua atua\u00e7\u00e3o tem sido fundamental na constru\u00e7\u00e3o e estabilidade de uma base s\u00f3lida no Congresso Nacional&#8221;, disse o senador Ciro Nogueira (PP-PI), presidente da legenda.<\/p>\n\n\n\n<p class=\"wp-block-paragraph\">&#8220;Ministro Ramos tem dialogado com a C\u00e2mara de forma cordial, respeitosa e buscando construir converg\u00eancias que ajudem o Governo e o Brasil. O governo n\u00e3o pode se perder em baixarias. Toda aten\u00e7\u00e3o deve ser dada a supera\u00e7\u00e3o da crise econ\u00f4mica, social e sanit\u00e1ria decorrente do corona&#8221;, escreveu horas antes o deputado Marcelo Ramos (PL-AM).<\/p>\n\n\n\n<p class=\"wp-block-paragraph\">Pelo outro lado, a deputada Bia Kicis (PSL-DF), por exemplo, fez foto com Salles ainda na sexta-feira (23) com a legenda &#8220;dia de foto com o querido Ricardo Salles&#8221;.<\/p>\n\n\n\n<p class=\"wp-block-paragraph\">Congressistas da base ideol\u00f3gica dizem que falta a Ramos jogo de cintura por ele ser militar. Eles tamb\u00e9m reclamam que o ministro da articula\u00e7\u00e3o pol\u00edtica os trata bem, mas, em quest\u00f5es pr\u00e1ticas, como a libera\u00e7\u00e3o de dinheiro das emendas parlamentares, prioriza os pleitos do centr\u00e3o.<\/p>\n\n\n\n<p class=\"wp-block-paragraph\">O estopim para a crise entre Salles e Ramos foi uma nota no jornal O Globo que afirmava que o ministro estava esticando a corda com a ala militar do governo em decorr\u00eancia do epis\u00f3dio envolvendo a falta de recursos no Ibama (Instituto Brasileiro do Meio Ambiente e dos Recursos Naturais Renov\u00e1veis) \u2013 Salles disse que, sem dinheiro, brigadistas interromperiam atividades de combate a inc\u00eandios e queimadas.<\/p>\n\n\n\n<p class=\"wp-block-paragraph\">As cr\u00edticas de Salles a Ramos s\u00e3o amparadas pelos filhos de Jair Bolsonaro e fazem parte de estrat\u00e9gia do n\u00facleo ideol\u00f3gico para convencer o presidente a trocar o respons\u00e1vel pela articula\u00e7\u00e3o pol\u00edtica do governo, como mostrou a Folha na sexta-feira.<\/p>\n\n\n\n<p class=\"wp-block-paragraph\">A press\u00e3o, que ocorre nos bastidores desde agosto, mas agora veio a p\u00fablico com a manifesta\u00e7\u00e3o de Salles nas redes sociais. Ele citou nominalmente Ramos e pediu ao militar para parar com uma postura de &#8220;maria fofoca&#8221;.<\/p>\n\n\n\n<p class=\"wp-block-paragraph\">A decis\u00e3o de Salles de tornar p\u00fablico o embate, segundo assessores palacianos, busca tentar acelerar o desgaste de Ramos para que seja poss\u00edvel convencer Bolsonaro a incluir o general na minirreforma ministerial programada para fevereiro.<\/p>\n\n\n\n<p class=\"wp-block-paragraph\">A ideia \u00e9 repetir a fritura realizada no ano passado com o general Carlos dos Santos Cruz, que tamb\u00e9m comandava a Secretaria de Governo e foi criticado pelo n\u00facleo ideol\u00f3gico por sua postura moderada. Bolsonaro foi influenciado a substitu\u00ed-lo no posto.<\/p>\n\n\n\n<p class=\"wp-block-paragraph\">O grupo que defende a substitui\u00e7\u00e3o de Ramos conta com o respaldo do vereador Carlos Bolsonaro (Republicanos-RJ) e do deputado federal Eduardo Bolsonaro (PSL-SP). Para refor\u00e7ar o apoio a Salles, o filho 03 do presidente postou mensagem desejando &#8220;for\u00e7a&#8221; ao ministro. &#8220;O Brasil est\u00e1 contigo e apoiando seu trabalho&#8221;, escreveu.<\/p>\n\n\n\n<p class=\"wp-block-paragraph\">A troca de Ramos tamb\u00e9m tem respaldo do secret\u00e1rio da Pesca, Jorge Seif, e do escritor Olavo de Carvalho, considerado o guru da fam\u00edlia presidencial.<\/p>\n\n\n\n<p class=\"wp-block-paragraph\">At\u00e9 o momento, Bolsonaro n\u00e3o deu sinais de que pretende sacar Ramos do cargo. O general conta com a confian\u00e7a do presidente.<\/p>\n\n\n\n<p class=\"wp-block-paragraph\">Nesta sexta, Bolsonaro fez acenos aos dois ministros. Chegou com Ramos em seu carro \u00e0 Base A\u00e9rea de Bras\u00edlia para a cerim\u00f4nia de apresenta\u00e7\u00e3o do Gripen, ca\u00e7a da FAB (For\u00e7a A\u00e9rea Brasileira), que fez seu voo inaugural. Salles estava na plateia, junto com outros auxiliares presidenciais.<\/p>\n\n\n\n<p class=\"wp-block-paragraph\">Em determinado momento, os dois ministros ficaram pr\u00f3ximos a Bolsonaro, que deu um abra\u00e7o em Salles. Ramos apenas observou.<\/p>\n\n\n\n<p class=\"wp-block-paragraph\">O vice-presidente Hamilton Mour\u00e3o foi questionado por rep\u00f3rteres nesta sexta sobre as diverg\u00eancias entre os ministros. &#8220;Isso n\u00e3o passa por mim, os ministros s\u00e3o do presidente e eu n\u00e3o me meto nessa guerra&#8221;, afirmou.<\/p>\n\n\n\n<p class=\"wp-block-paragraph\">Caso Bolsonaro seja convencido a fazer uma mudan\u00e7a at\u00e9 fevereiro, assessores presidenciais apontam que o nome favorito para desempenhar a fun\u00e7\u00e3o \u00e9 o do ministro das Comunica\u00e7\u00f5es, F\u00e1bio Faria.<\/p>\n\n\n\n<p class=\"wp-block-paragraph\">Em conversas com aliados, por\u00e9m, Faria tem dito que n\u00e3o pretende assumir o posto e que apoia a manuten\u00e7\u00e3o de Ramos. Nos bastidores, Faria j\u00e1 desempenha informalmente o papel de articulador, fazendo a ponte entre Executivo e Legislativo.<\/p>\n\n\n\n<p class=\"wp-block-paragraph\">A disputa entre militares e ideol\u00f3gicos era frequente no in\u00edcio da atual gest\u00e3o, mas passou por um arrefecimento neste ano, ap\u00f3s o presidente ter fortalecido a c\u00fapula fardada, entregando a ela todos os cargos ministeriais do Pal\u00e1cio do Planalto.<\/p>\n\n\n\n<p class=\"wp-block-paragraph\">Ramos tem se mantido em sil\u00eancio, mas comemorou a rea\u00e7\u00e3o do grupo que o apoia. Em uma rede social, publicou fotos em que aparece ao lado de Bolsonaro num evento militar na sexta-feira. &#8220;Presidente Bolsonaro prestigiando, como sempre, suas For\u00e7as Armadas!&#8221;, escreveu.<\/p>\n\n\n\n<p class=\"wp-block-paragraph\">ClickPB<\/p>\n","protected":false},"excerpt":{"rendered":"<p>&nbsp;O presidente da C\u00e2mara, Rodrigo Maia (DEM-RJ), entrou neste s\u00e1bado (24) na briga p\u00fablica do ministro do Meio Ambiente, Ricardo Salles, com o ministro da Secretaria de Governo, general Luiz Eduardo Ramos, escalando a nova crise do governo do presidente Jair Bolsonaro (sem partido). &#8220;O ministro Ricardo Salles, n\u00e3o satisfeito em destruir o meio ambiente do Brasil, agora resolveu destruir o pr\u00f3prio governo&#8221;, escreveu o deputado em uma rede social. Em contraposi\u00e7\u00e3o \u00e0 base ideol\u00f3gica do governo no Congresso, Maia, bem como integrantes do centr\u00e3o, s\u00e3o aliados de Ramos no confronto contra o n\u00facleo ideol\u00f3gico do governo. Parlamentares que integram o grupo tamb\u00e9m foram a p\u00fablico. &#8220;O Progressistas manifesta total apoio ao trabalho do ministro-chefe da secretaria de Governo da Presid\u00eancia da Rep\u00fablica, Luiz Eduardo Ramos. Sua atua\u00e7\u00e3o tem sido fundamental na constru\u00e7\u00e3o e estabilidade de uma base s\u00f3lida no Congresso Nacional&#8221;, disse o senador Ciro Nogueira (PP-PI), presidente da legenda. &#8220;Ministro Ramos tem dialogado com a C\u00e2mara de forma cordial, respeitosa e buscando construir converg\u00eancias que ajudem o Governo e o Brasil. O governo n\u00e3o pode se perder em baixarias. Toda aten\u00e7\u00e3o deve ser dada a supera\u00e7\u00e3o da crise econ\u00f4mica, social e sanit\u00e1ria decorrente do corona&#8221;, escreveu horas antes o deputado Marcelo Ramos (PL-AM). Pelo outro lado, a deputada Bia Kicis (PSL-DF), por exemplo, fez foto com Salles ainda na sexta-feira (23) com a legenda &#8220;dia de foto com o querido Ricardo Salles&#8221;. Congressistas da base ideol\u00f3gica dizem que falta a Ramos jogo de cintura por ele ser militar. Eles tamb\u00e9m reclamam que o ministro da articula\u00e7\u00e3o pol\u00edtica os trata bem, mas, em quest\u00f5es pr\u00e1ticas, como a libera\u00e7\u00e3o de dinheiro das emendas parlamentares, prioriza os pleitos do centr\u00e3o. O estopim para a crise entre Salles e Ramos foi uma nota no jornal O Globo que afirmava que o ministro estava esticando a corda com a ala militar do governo em decorr\u00eancia do epis\u00f3dio envolvendo a falta de recursos no Ibama (Instituto Brasileiro do Meio Ambiente e dos Recursos Naturais Renov\u00e1veis) \u2013 Salles disse que, sem dinheiro, brigadistas interromperiam atividades de combate a inc\u00eandios e queimadas. As cr\u00edticas de Salles a Ramos s\u00e3o amparadas pelos filhos de Jair Bolsonaro e fazem parte de estrat\u00e9gia do n\u00facleo ideol\u00f3gico para convencer o presidente a trocar o respons\u00e1vel pela articula\u00e7\u00e3o pol\u00edtica do governo, como mostrou a Folha na sexta-feira. A press\u00e3o, que ocorre nos bastidores desde agosto, mas agora veio a p\u00fablico com a manifesta\u00e7\u00e3o de Salles nas redes sociais. Ele citou nominalmente Ramos e pediu ao militar para parar com uma postura de &#8220;maria fofoca&#8221;. A decis\u00e3o de Salles de tornar p\u00fablico o embate, segundo assessores palacianos, busca tentar acelerar o desgaste de Ramos para que seja poss\u00edvel convencer Bolsonaro a incluir o general na minirreforma ministerial programada para fevereiro. A ideia \u00e9 repetir a fritura realizada no ano passado com o general Carlos dos Santos Cruz, que tamb\u00e9m comandava a Secretaria de Governo e foi criticado pelo n\u00facleo ideol\u00f3gico por sua postura moderada. Bolsonaro foi influenciado a substitu\u00ed-lo no posto. O grupo que defende a substitui\u00e7\u00e3o de Ramos conta com o respaldo do vereador Carlos Bolsonaro (Republicanos-RJ) e do deputado federal Eduardo Bolsonaro (PSL-SP). Para refor\u00e7ar o apoio a Salles, o filho 03 do presidente postou mensagem desejando &#8220;for\u00e7a&#8221; ao ministro. &#8220;O Brasil est\u00e1 contigo e apoiando seu trabalho&#8221;, escreveu. A troca de Ramos tamb\u00e9m tem respaldo do secret\u00e1rio da Pesca, Jorge Seif, e do escritor Olavo de Carvalho, considerado o guru da fam\u00edlia presidencial. At\u00e9 o momento, Bolsonaro n\u00e3o deu sinais de que pretende sacar Ramos do cargo. O general conta com a confian\u00e7a do presidente. Nesta sexta, Bolsonaro fez acenos aos dois ministros. Chegou com Ramos em seu carro \u00e0 Base A\u00e9rea de Bras\u00edlia para a cerim\u00f4nia de apresenta\u00e7\u00e3o do Gripen, ca\u00e7a da FAB (For\u00e7a A\u00e9rea Brasileira), que fez seu voo inaugural. Salles estava na plateia, junto com outros auxiliares presidenciais. Em determinado momento, os dois ministros ficaram pr\u00f3ximos a Bolsonaro, que deu um abra\u00e7o em Salles. Ramos apenas observou. O vice-presidente Hamilton Mour\u00e3o foi questionado por rep\u00f3rteres nesta sexta sobre as diverg\u00eancias entre os ministros. &#8220;Isso n\u00e3o passa por mim, os ministros s\u00e3o do presidente e eu n\u00e3o me meto nessa guerra&#8221;, afirmou. Caso Bolsonaro seja convencido a fazer uma mudan\u00e7a at\u00e9 fevereiro, assessores presidenciais apontam que o nome favorito para desempenhar a fun\u00e7\u00e3o \u00e9 o do ministro das Comunica\u00e7\u00f5es, F\u00e1bio Faria. Em conversas com aliados, por\u00e9m, Faria tem dito que n\u00e3o pretende assumir o posto e que apoia a manuten\u00e7\u00e3o de Ramos. Nos bastidores, Faria j\u00e1 desempenha informalmente o papel de articulador, fazendo a ponte entre Executivo e Legislativo. A disputa entre militares e ideol\u00f3gicos era frequente no in\u00edcio da atual gest\u00e3o, mas passou por um arrefecimento neste ano, ap\u00f3s o presidente ter fortalecido a c\u00fapula fardada, entregando a ela todos os cargos ministeriais do Pal\u00e1cio do Planalto. Ramos tem se mantido em sil\u00eancio, mas comemorou a rea\u00e7\u00e3o do grupo que o apoia. Em uma rede social, publicou fotos em que aparece ao lado de Bolsonaro num evento militar na sexta-feira. &#8220;Presidente Bolsonaro prestigiando, como sempre, suas For\u00e7as Armadas!&#8221;, escreveu. ClickPB<\/p>\n","protected":false},"author":6,"featured_media":193587,"comment_status":"closed","ping_status":"closed","sticky":false,"template":"","format":"standard","meta":{"sfsi_plus_gutenberg_text_before_share":"","sfsi_plus_gutenberg_show_text_before_share":"","sfsi_plus_gutenberg_icon_type":"","sfsi_plus_gutenberg_icon_alignemt":"","sfsi_plus_gutenburg_max_per_row":"","footnotes":""},"categories":[50,11],"tags":[],"class_list":["post-193586","post","type-post","status-publish","format-standard","has-post-thumbnail","hentry","category-destaque","category-politica"],"_links":{"self":[{"href":"https:\/\/www.caririemacao.com\/1\/wp-json\/wp\/v2\/posts\/193586","targetHints":{"allow":["GET"]}}],"collection":[{"href":"https:\/\/www.caririemacao.com\/1\/wp-json\/wp\/v2\/posts"}],"about":[{"href":"https:\/\/www.caririemacao.com\/1\/wp-json\/wp\/v2\/types\/post"}],"author":[{"embeddable":true,"href":"https:\/\/www.caririemacao.com\/1\/wp-json\/wp\/v2\/users\/6"}],"replies":[{"embeddable":true,"href":"https:\/\/www.caririemacao.com\/1\/wp-json\/wp\/v2\/comments?post=193586"}],"version-history":[{"count":2,"href":"https:\/\/www.caririemacao.com\/1\/wp-json\/wp\/v2\/posts\/193586\/revisions"}],"predecessor-version":[{"id":193610,"href":"https:\/\/www.caririemacao.com\/1\/wp-json\/wp\/v2\/posts\/193586\/revisions\/193610"}],"wp:featuredmedia":[{"embeddable":true,"href":"https:\/\/www.caririemacao.com\/1\/wp-json\/wp\/v2\/media\/193587"}],"wp:attachment":[{"href":"https:\/\/www.caririemacao.com\/1\/wp-json\/wp\/v2\/media?parent=193586"}],"wp:term":[{"taxonomy":"category","embeddable":true,"href":"https:\/\/www.caririemacao.com\/1\/wp-json\/wp\/v2\/categories?post=193586"},{"taxonomy":"post_tag","embeddable":true,"href":"https:\/\/www.caririemacao.com\/1\/wp-json\/wp\/v2\/tags?post=193586"}],"curies":[{"name":"wp","href":"https:\/\/api.w.org\/{rel}","templated":true}]}}