{"id":193589,"date":"2020-10-25T07:13:41","date_gmt":"2020-10-25T10:13:41","guid":{"rendered":"https:\/\/www.caririemacao.com\/1\/?p=193589"},"modified":"2020-10-25T07:13:41","modified_gmt":"2020-10-25T10:13:41","slug":"aumentam-as-areas-que-sofrem-com-a-seca-no-pais-mostra-levantamento","status":"publish","type":"post","link":"https:\/\/www.caririemacao.com\/1\/2020\/10\/25\/aumentam-as-areas-que-sofrem-com-a-seca-no-pais-mostra-levantamento\/","title":{"rendered":"Aumentam as \u00e1reas que sofrem com a seca no pa\u00eds, mostra levantamento"},"content":{"rendered":"\n<p class=\"wp-block-paragraph\">Um levantamento mostra que aumentaram as \u00e1reas que sofrem com a seca no pa\u00eds. O Paran\u00e1 \u00e9 um dos estados mais atingidos pela estiagem.<\/p>\n\n\n\n<p class=\"wp-block-paragraph\">O tempo seco n\u00e3o d\u00e1 tr\u00e9gua e os pastos no noroeste do Paran\u00e1 est\u00e3o morrendo, os pecuaristas precisam comprar feno para alimentar o gado, mas o produto est\u00e1 em falta.<\/p>\n\n\n\n<p class=\"wp-block-paragraph\">\u201cA gente est\u00e1 com uma queda de mais de 70% de produ\u00e7\u00e3o, ent\u00e3o assim nos \u00faltimos 10 anos que a gente vem trabalhando nesse setor de alimentos, feno pr\u00e9-secado, nunca teve uma situa\u00e7\u00e3o como essa n\u00e9, ent\u00e3o est\u00e1 muito dif\u00edcil\u201d, diz o produtor rural Fl\u00e1vio Aguiar Penteado.<\/p>\n\n\n\n<p class=\"wp-block-paragraph\">Levantamento da Ag\u00eancia Nacional de \u00c1guas e Saneamento mostra que em setembro aumentaram as \u00e1reas de seca em 14 estados. O monitoramento \u00e9 feito em 18 estados e no Distrito Federal.<\/p>\n\n\n\n<p class=\"wp-block-paragraph\">Alguns estados est\u00e3o sofrendo com a seca a mais tempo: Mato Grosso do Sul, Paran\u00e1 e Minas Gerais registram pontos de seca extrema &#8211; quando falta chuva e os n\u00edveis dos rios est\u00e3o muito baixos.<\/p>\n\n\n\n<p class=\"wp-block-paragraph\">O reservat\u00f3rio com pouqu\u00edssima \u00e1gua \u00e9 o resultado dessa seca extrema. No per\u00edodo de um ano, dez meses registraram chuvas abaixo da m\u00e9dia em Curitiba. Quem v\u00ea o c\u00e9u carregado, com muitas nuvens pode at\u00e9 pensar que o problema est\u00e1 resolvido, mas estamos longe disso.<\/p>\n\n\n\n<p class=\"wp-block-paragraph\">A m\u00e9dia dos quatro reservat\u00f3rios que abastecem Curitiba e regi\u00e3o metropolitana est\u00e1 em 28% da capacidade.<\/p>\n\n\n\n<p class=\"wp-block-paragraph\">\u201cCom os dados que n\u00f3s temos a gente n\u00e3o consegue ver melhora na situa\u00e7\u00e3o, n\u00e9, pelo menos pelos pr\u00f3ximos tr\u00eas, quatro meses\u201d, explica Marco Ant\u00f4nio Jusevicius, coordenador de opera\u00e7\u00e3o meteorol\u00f3gica do SIMEPAR.<\/p>\n\n\n\n<p class=\"wp-block-paragraph\">Desde mar\u00e7o, os moradores da regi\u00e3o metropolitana de Curitiba enfrentam um rod\u00edzio no fornecimento de \u00e1gua &#8211; a meta da companhia de abastecimento \u00e9 de que a popula\u00e7\u00e3o reduza 20% do consumo, mas, no \u00faltimo levantamento a economia s\u00f3 chegou a 14%.<\/p>\n\n\n\n<p class=\"wp-block-paragraph\">\u201cSe n\u00f3s chegarmos a um n\u00edvel de reserva\u00e7\u00e3o das nossas barragens a 25% n\u00f3s seremos obrigados a implantar um sistema mais severo de rod\u00edzio\u201d, fala Hudson Jos\u00e9, diretor de comunica\u00e7\u00e3o da Sanepar.<\/p>\n\n\n\n<p class=\"wp-block-paragraph\">O disk den\u00fancia do desperd\u00edcio j\u00e1 recebeu quase sete mil flagrantes. A Dona Helena reutiliza a \u00e1gua na casa dela &#8211; e n\u00e3o se conforma com quem gasta como se a \u00e1gua estivesse sobrando.<\/p>\n\n\n\n<p class=\"wp-block-paragraph\">\u201cEu economizo pelo bem que a gente recebeu como heran\u00e7a e \u00e9 obriga\u00e7\u00e3o nossa deixar para as futuras gera\u00e7\u00f5es\u201d, diz a professora Helena do Rossio.<\/p>\n\n\n\n<p class=\"wp-block-paragraph\">G1<\/p>\n","protected":false},"excerpt":{"rendered":"<p>Um levantamento mostra que aumentaram as \u00e1reas que sofrem com a seca no pa\u00eds. O Paran\u00e1 \u00e9 um dos estados mais atingidos pela estiagem. O tempo seco n\u00e3o d\u00e1 tr\u00e9gua e os pastos no noroeste do Paran\u00e1 est\u00e3o morrendo, os pecuaristas precisam comprar feno para alimentar o gado, mas o produto est\u00e1 em falta. \u201cA gente est\u00e1 com uma queda de mais de 70% de produ\u00e7\u00e3o, ent\u00e3o assim nos \u00faltimos 10 anos que a gente vem trabalhando nesse setor de alimentos, feno pr\u00e9-secado, nunca teve uma situa\u00e7\u00e3o como essa n\u00e9, ent\u00e3o est\u00e1 muito dif\u00edcil\u201d, diz o produtor rural Fl\u00e1vio Aguiar Penteado. Levantamento da Ag\u00eancia Nacional de \u00c1guas e Saneamento mostra que em setembro aumentaram as \u00e1reas de seca em 14 estados. O monitoramento \u00e9 feito em 18 estados e no Distrito Federal. Alguns estados est\u00e3o sofrendo com a seca a mais tempo: Mato Grosso do Sul, Paran\u00e1 e Minas Gerais registram pontos de seca extrema &#8211; quando falta chuva e os n\u00edveis dos rios est\u00e3o muito baixos. O reservat\u00f3rio com pouqu\u00edssima \u00e1gua \u00e9 o resultado dessa seca extrema. No per\u00edodo de um ano, dez meses registraram chuvas abaixo da m\u00e9dia em Curitiba. Quem v\u00ea o c\u00e9u carregado, com muitas nuvens pode at\u00e9 pensar que o problema est\u00e1 resolvido, mas estamos longe disso. A m\u00e9dia dos quatro reservat\u00f3rios que abastecem Curitiba e regi\u00e3o metropolitana est\u00e1 em 28% da capacidade. \u201cCom os dados que n\u00f3s temos a gente n\u00e3o consegue ver melhora na situa\u00e7\u00e3o, n\u00e9, pelo menos pelos pr\u00f3ximos tr\u00eas, quatro meses\u201d, explica Marco Ant\u00f4nio Jusevicius, coordenador de opera\u00e7\u00e3o meteorol\u00f3gica do SIMEPAR. Desde mar\u00e7o, os moradores da regi\u00e3o metropolitana de Curitiba enfrentam um rod\u00edzio no fornecimento de \u00e1gua &#8211; a meta da companhia de abastecimento \u00e9 de que a popula\u00e7\u00e3o reduza 20% do consumo, mas, no \u00faltimo levantamento a economia s\u00f3 chegou a 14%. \u201cSe n\u00f3s chegarmos a um n\u00edvel de reserva\u00e7\u00e3o das nossas barragens a 25% n\u00f3s seremos obrigados a implantar um sistema mais severo de rod\u00edzio\u201d, fala Hudson Jos\u00e9, diretor de comunica\u00e7\u00e3o da Sanepar. O disk den\u00fancia do desperd\u00edcio j\u00e1 recebeu quase sete mil flagrantes. A Dona Helena reutiliza a \u00e1gua na casa dela &#8211; e n\u00e3o se conforma com quem gasta como se a \u00e1gua estivesse sobrando. \u201cEu economizo pelo bem que a gente recebeu como heran\u00e7a e \u00e9 obriga\u00e7\u00e3o nossa deixar para as futuras gera\u00e7\u00f5es\u201d, diz a professora Helena do Rossio. G1<\/p>\n","protected":false},"author":6,"featured_media":193590,"comment_status":"closed","ping_status":"closed","sticky":false,"template":"","format":"standard","meta":{"sfsi_plus_gutenberg_text_before_share":"","sfsi_plus_gutenberg_show_text_before_share":"","sfsi_plus_gutenberg_icon_type":"","sfsi_plus_gutenberg_icon_alignemt":"","sfsi_plus_gutenburg_max_per_row":"","footnotes":""},"categories":[50,2],"tags":[],"class_list":["post-193589","post","type-post","status-publish","format-standard","has-post-thumbnail","hentry","category-destaque","category-geral"],"_links":{"self":[{"href":"https:\/\/www.caririemacao.com\/1\/wp-json\/wp\/v2\/posts\/193589","targetHints":{"allow":["GET"]}}],"collection":[{"href":"https:\/\/www.caririemacao.com\/1\/wp-json\/wp\/v2\/posts"}],"about":[{"href":"https:\/\/www.caririemacao.com\/1\/wp-json\/wp\/v2\/types\/post"}],"author":[{"embeddable":true,"href":"https:\/\/www.caririemacao.com\/1\/wp-json\/wp\/v2\/users\/6"}],"replies":[{"embeddable":true,"href":"https:\/\/www.caririemacao.com\/1\/wp-json\/wp\/v2\/comments?post=193589"}],"version-history":[{"count":1,"href":"https:\/\/www.caririemacao.com\/1\/wp-json\/wp\/v2\/posts\/193589\/revisions"}],"predecessor-version":[{"id":193591,"href":"https:\/\/www.caririemacao.com\/1\/wp-json\/wp\/v2\/posts\/193589\/revisions\/193591"}],"wp:featuredmedia":[{"embeddable":true,"href":"https:\/\/www.caririemacao.com\/1\/wp-json\/wp\/v2\/media\/193590"}],"wp:attachment":[{"href":"https:\/\/www.caririemacao.com\/1\/wp-json\/wp\/v2\/media?parent=193589"}],"wp:term":[{"taxonomy":"category","embeddable":true,"href":"https:\/\/www.caririemacao.com\/1\/wp-json\/wp\/v2\/categories?post=193589"},{"taxonomy":"post_tag","embeddable":true,"href":"https:\/\/www.caririemacao.com\/1\/wp-json\/wp\/v2\/tags?post=193589"}],"curies":[{"name":"wp","href":"https:\/\/api.w.org\/{rel}","templated":true}]}}