{"id":193998,"date":"2020-10-30T06:41:23","date_gmt":"2020-10-30T09:41:23","guid":{"rendered":"https:\/\/www.caririemacao.com\/1\/?p=193998"},"modified":"2020-10-30T06:41:23","modified_gmt":"2020-10-30T09:41:23","slug":"governador-partidos-e-bancada-do-maranhao-protestam-contra-piada-homofobica-de-bolsonaro","status":"publish","type":"post","link":"https:\/\/www.caririemacao.com\/1\/2020\/10\/30\/governador-partidos-e-bancada-do-maranhao-protestam-contra-piada-homofobica-de-bolsonaro\/","title":{"rendered":"Governador, partidos e bancada do Maranh\u00e3o protestam contra piada homof\u00f3bica de Bolsonaro"},"content":{"rendered":"\n<p class=\"wp-block-paragraph\">A bancada do Maranh\u00e3o no Congresso e o governador\u00a0Fl\u00e1vio Dino\u00a0(PCdoB) condenaram declara\u00e7\u00f5es do presidente\u00a0Jair Bolsonaro\u00a0em viagem ao estado nesta quinta-feira (29).<\/p>\n\n\n\n<p class=\"wp-block-paragraph\">Bolsonaro fez uma piada homof\u00f3bica ao se referir aos maranhenses e a um refrigerante de cor rosa.<\/p>\n\n\n\n<blockquote class=\"wp-block-quote is-layout-flow wp-block-quote-is-layout-flow\"><p>&#8220;Agora virei boiola, igual maranhense, \u00e9 isso? [risos] O guaran\u00e1 cor-de-rosa do Maranh\u00e3o a\u00ed, quem toma esse guaran\u00e1 vira maranhense [risos]. Guaran\u00e1 cor-de-rosa no Maranh\u00e3o&#8230; Que boiolagem isso aqui&#8221;, disse Bolsonaro.<\/p><\/blockquote>\n\n\n\n<p class=\"wp-block-paragraph\">O Guaran\u00e1 Jesus \u00e9 um refrigerante tradicional, tipicamente maranhense e um s\u00edmbolo do estado. A fala de Bolsonaro foi transmitida em uma &#8220;live&#8221;, por volta de 12h, em uma rede social do presidente. Bolsonaro repetiu a brincadeira mais de uma vez.<\/p>\n\n\n\n<p class=\"wp-block-paragraph\">Nas imagens, que repercutiram nas redes sociais, o presidente aparece ao lado de apoiadores e n\u00e3o usa m\u00e1scara. O item \u00e9 obrigat\u00f3rio por decreto estadual desde maio.<\/p>\n\n\n\n<p class=\"wp-block-paragraph\">No ano passado, o Supremo Tribunal Federal decidiu que a homofobia e a transfobia podem ser enquadradas no crime de racismo.<\/p>\n\n\n\n<p class=\"wp-block-paragraph\">O governador Fl\u00e1vio Dino disse que vai processar o presidente. Numa rede social ele declarou:<\/p>\n\n\n\n<blockquote class=\"wp-block-quote is-layout-flow wp-block-quote-is-layout-flow\"><p>&#8220;Bolsonaro veio ao Maranh\u00e3o com sua habitual falta de educa\u00e7\u00e3o e decoro e fez piada sem gra\u00e7a com uma de nossas tradicionais marcas empresariais.&#8221;<\/p><\/blockquote>\n\n\n\n<p class=\"wp-block-paragraph\">Os deputados do Maranh\u00e3o Rubens Pereira Junior e M\u00e1rcio Jerry, ambos do PCdoB, e Bira do Pindar\u00e9 (PSB) ressaltaram o desrespeito aos maranhenses e repudiaram a postura homof\u00f3bica do presidente.<\/p>\n\n\n\n<p class=\"wp-block-paragraph\">Parlamentares de outros estados tamb\u00e9m criticaram a declara\u00e7\u00e3o de Bolsonaro.<\/p>\n\n\n\n<p class=\"wp-block-paragraph\">O senador Humberto Costa (PT-PE) disse que o presidente disparou \u00f3dio contra gays, nordestinos e maranhenses como se fosse uma brincadeira.<\/p>\n\n\n\n<p class=\"wp-block-paragraph\">O deputado Ivan Valente (PSOL-SP) disse que Bolsonaro foi ao Maranh\u00e3o para espalhar homofobia. O partido disse que tamb\u00e9m vai processar o presidente.<\/p>\n\n\n\n<p class=\"wp-block-paragraph\">O PDT no Senado ressaltou que a piada tem teor preconceituoso.<\/p>\n\n\n\n<p class=\"wp-block-paragraph\">Bolsonaro visitou o Maranh\u00e3o\u00a0para participar da entrega de obras do governo federal, dentre as quais um trecho da rodovia BR-135, em Bacabeira, e do &#8220;panelodr\u00f3mo&#8221;, um complexo gastron\u00f4mico de culin\u00e1ria popular em Imperatriz, segunda maior cidade do estado.<\/p>\n\n\n\n<h4 class=\"wp-block-heading\">Desculpas<\/h4>\n\n\n\n<p class=\"wp-block-paragraph\">\u00c0 noite, j\u00e1 em Bras\u00edlia, durante transmiss\u00e3o ao vivo em uma rede social, Bolsonaro pediu desculpas, disse que fez &#8220;uma brincadeira&#8221;, e que o coment\u00e1rio n\u00e3o era &#8220;para a televis\u00e3o&#8221;.<\/p>\n\n\n\n<p class=\"wp-block-paragraph\">&#8220;Se algu\u00e9m se ofendeu, me desculpa, eu fiz uma brincadeira com a cor do guaran\u00e1 Jesus, que \u00e9 cor-de-rosa. E a brincadeira que eu fiz n\u00e3o foi para a televis\u00e3o, eu estava falando com um cara l\u00e1. Falei uns tro\u00e7os, e divulgaram como se eu estivesse ofendendo o pessoal do Maranh\u00e3o. A maldade est\u00e1 a\u00ed&#8221;, declarou.<\/p>\n\n\n\n<p class=\"wp-block-paragraph\">G1<\/p>\n","protected":false},"excerpt":{"rendered":"<p>A bancada do Maranh\u00e3o no Congresso e o governador\u00a0Fl\u00e1vio Dino\u00a0(PCdoB) condenaram declara\u00e7\u00f5es do presidente\u00a0Jair Bolsonaro\u00a0em viagem ao estado nesta quinta-feira (29). Bolsonaro fez uma piada homof\u00f3bica ao se referir aos maranhenses e a um refrigerante de cor rosa. &#8220;Agora virei boiola, igual maranhense, \u00e9 isso? [risos] O guaran\u00e1 cor-de-rosa do Maranh\u00e3o a\u00ed, quem toma esse guaran\u00e1 vira maranhense [risos]. Guaran\u00e1 cor-de-rosa no Maranh\u00e3o&#8230; Que boiolagem isso aqui&#8221;, disse Bolsonaro. O Guaran\u00e1 Jesus \u00e9 um refrigerante tradicional, tipicamente maranhense e um s\u00edmbolo do estado. A fala de Bolsonaro foi transmitida em uma &#8220;live&#8221;, por volta de 12h, em uma rede social do presidente. Bolsonaro repetiu a brincadeira mais de uma vez. Nas imagens, que repercutiram nas redes sociais, o presidente aparece ao lado de apoiadores e n\u00e3o usa m\u00e1scara. O item \u00e9 obrigat\u00f3rio por decreto estadual desde maio. No ano passado, o Supremo Tribunal Federal decidiu que a homofobia e a transfobia podem ser enquadradas no crime de racismo. O governador Fl\u00e1vio Dino disse que vai processar o presidente. Numa rede social ele declarou: &#8220;Bolsonaro veio ao Maranh\u00e3o com sua habitual falta de educa\u00e7\u00e3o e decoro e fez piada sem gra\u00e7a com uma de nossas tradicionais marcas empresariais.&#8221; Os deputados do Maranh\u00e3o Rubens Pereira Junior e M\u00e1rcio Jerry, ambos do PCdoB, e Bira do Pindar\u00e9 (PSB) ressaltaram o desrespeito aos maranhenses e repudiaram a postura homof\u00f3bica do presidente. Parlamentares de outros estados tamb\u00e9m criticaram a declara\u00e7\u00e3o de Bolsonaro. O senador Humberto Costa (PT-PE) disse que o presidente disparou \u00f3dio contra gays, nordestinos e maranhenses como se fosse uma brincadeira. O deputado Ivan Valente (PSOL-SP) disse que Bolsonaro foi ao Maranh\u00e3o para espalhar homofobia. O partido disse que tamb\u00e9m vai processar o presidente. O PDT no Senado ressaltou que a piada tem teor preconceituoso. Bolsonaro visitou o Maranh\u00e3o\u00a0para participar da entrega de obras do governo federal, dentre as quais um trecho da rodovia BR-135, em Bacabeira, e do &#8220;panelodr\u00f3mo&#8221;, um complexo gastron\u00f4mico de culin\u00e1ria popular em Imperatriz, segunda maior cidade do estado. Desculpas \u00c0 noite, j\u00e1 em Bras\u00edlia, durante transmiss\u00e3o ao vivo em uma rede social, Bolsonaro pediu desculpas, disse que fez &#8220;uma brincadeira&#8221;, e que o coment\u00e1rio n\u00e3o era &#8220;para a televis\u00e3o&#8221;. &#8220;Se algu\u00e9m se ofendeu, me desculpa, eu fiz uma brincadeira com a cor do guaran\u00e1 Jesus, que \u00e9 cor-de-rosa. E a brincadeira que eu fiz n\u00e3o foi para a televis\u00e3o, eu estava falando com um cara l\u00e1. Falei uns tro\u00e7os, e divulgaram como se eu estivesse ofendendo o pessoal do Maranh\u00e3o. A maldade est\u00e1 a\u00ed&#8221;, declarou. G1<\/p>\n","protected":false},"author":6,"featured_media":191193,"comment_status":"closed","ping_status":"closed","sticky":false,"template":"","format":"standard","meta":{"sfsi_plus_gutenberg_text_before_share":"","sfsi_plus_gutenberg_show_text_before_share":"","sfsi_plus_gutenberg_icon_type":"","sfsi_plus_gutenberg_icon_alignemt":"","sfsi_plus_gutenburg_max_per_row":"","footnotes":""},"categories":[50,98],"tags":[],"class_list":["post-193998","post","type-post","status-publish","format-standard","has-post-thumbnail","hentry","category-destaque","category-presidente"],"_links":{"self":[{"href":"https:\/\/www.caririemacao.com\/1\/wp-json\/wp\/v2\/posts\/193998","targetHints":{"allow":["GET"]}}],"collection":[{"href":"https:\/\/www.caririemacao.com\/1\/wp-json\/wp\/v2\/posts"}],"about":[{"href":"https:\/\/www.caririemacao.com\/1\/wp-json\/wp\/v2\/types\/post"}],"author":[{"embeddable":true,"href":"https:\/\/www.caririemacao.com\/1\/wp-json\/wp\/v2\/users\/6"}],"replies":[{"embeddable":true,"href":"https:\/\/www.caririemacao.com\/1\/wp-json\/wp\/v2\/comments?post=193998"}],"version-history":[{"count":1,"href":"https:\/\/www.caririemacao.com\/1\/wp-json\/wp\/v2\/posts\/193998\/revisions"}],"predecessor-version":[{"id":193999,"href":"https:\/\/www.caririemacao.com\/1\/wp-json\/wp\/v2\/posts\/193998\/revisions\/193999"}],"wp:featuredmedia":[{"embeddable":true,"href":"https:\/\/www.caririemacao.com\/1\/wp-json\/wp\/v2\/media\/191193"}],"wp:attachment":[{"href":"https:\/\/www.caririemacao.com\/1\/wp-json\/wp\/v2\/media?parent=193998"}],"wp:term":[{"taxonomy":"category","embeddable":true,"href":"https:\/\/www.caririemacao.com\/1\/wp-json\/wp\/v2\/categories?post=193998"},{"taxonomy":"post_tag","embeddable":true,"href":"https:\/\/www.caririemacao.com\/1\/wp-json\/wp\/v2\/tags?post=193998"}],"curies":[{"name":"wp","href":"https:\/\/api.w.org\/{rel}","templated":true}]}}