{"id":194228,"date":"2020-11-01T13:21:02","date_gmt":"2020-11-01T16:21:02","guid":{"rendered":"https:\/\/www.caririemacao.com\/1\/?p=194228"},"modified":"2020-11-01T13:21:02","modified_gmt":"2020-11-01T16:21:02","slug":"biden-ou-trump-veja-possiveis-cenarios-para-a-economia-brasileira","status":"publish","type":"post","link":"https:\/\/www.caririemacao.com\/1\/2020\/11\/01\/biden-ou-trump-veja-possiveis-cenarios-para-a-economia-brasileira\/","title":{"rendered":"Biden ou Trump? Veja poss\u00edveis cen\u00e1rios para a economia brasileira"},"content":{"rendered":"\n<p class=\"wp-block-paragraph\">Com\u00a0Joe Biden\u00a0ou\u00a0Donald Trump\u00a0no comando dos\u00a0Estados Unidos, o Brasil ter\u00e1 de lidar com obst\u00e1culos na rela\u00e7\u00e3o comercial com norte-americanos.\u00a0Uma eventual presid\u00eancia do democrata deve aumentar a press\u00e3o com a condu\u00e7\u00e3o da pol\u00edtica ambiental brasileira, enquanto a reelei\u00e7\u00e3o do republicano mant\u00e9m o vi\u00e9s protecionista da economia dos EUA.<\/p>\n\n\n\n<p class=\"wp-block-paragraph\">Ao longo da campanha, os dois candidatos foram pouco detalhistas nas propostas de com\u00e9rcio exterior com a Am\u00e9rica Latina. O foco esteve na China e na Uni\u00e3o Europeia, o que indica, segundo analistas, que qualquer mudan\u00e7a no com\u00e9rcio com o Brasil n\u00e3o deve ocorrer t\u00e3o cedo.<\/p>\n\n\n\n<blockquote class=\"wp-block-quote is-layout-flow wp-block-quote-is-layout-flow\"><p>&#8220;A primeira observa\u00e7\u00e3o \u00e9 que a Am\u00e9rica Latina como um todo n\u00e3o \u00e9 um tema central para a pol\u00edtica externa norte-americana&#8221;, diz Welber Barral, ex-secret\u00e1rio de Com\u00e9rcio Exterior. &#8220;Muito provavelmente o Brasil ser\u00e1 um tema secund\u00e1rio e corre o risco de ficar dominado pela quest\u00e3o ambiental.&#8221;<\/p><\/blockquote>\n\n\n\n<p class=\"wp-block-paragraph\">Hoje, os Estados Unidos s\u00e3o o segundo principal parceiro comercial do Brasil, atr\u00e1s somente da China. Entre janeiro e setembro deste ano, a corrente de com\u00e9rcio (soma de importa\u00e7\u00e3o e exporta\u00e7\u00e3o) com os norte-americanos somou US$ 44,6 bilh\u00f5es. Com o chineses, a corrente chegou a US$ 73,4 bilh\u00f5es.<\/p>\n\n\n\n<h4 class=\"wp-block-heading\">Biden e a quest\u00e3o ambiental<\/h4>\n\n\n\n<p class=\"wp-block-paragraph\">L\u00edder nas pesquisas eleitorais, Biden j\u00e1 citou o elevado\u00a0desmatamento da Amaz\u00f4nia\u00a0num debate com Trump e disse que o Brasil pode enfrentar &#8220;consequ\u00eancias econ\u00f4micas&#8221; se os \u00edndices de perdas florestais n\u00e3o forem revertidos.<\/p>\n\n\n\n<figure class=\"wp-block-image\"><img decoding=\"async\" src=\"https:\/\/s02.video.glbimg.com\/x240\/8898977.jpg\" alt=\"As florestas tropicais no Brasil est\u00e3o sendo destru\u00eddas, diz Biden\" title=\"As florestas tropicais no Brasil est\u00e3o sendo destru\u00eddas, diz Biden\"\/><\/figure>\n\n\n\n<p class=\"wp-block-paragraph\">As florestas tropicais no Brasil est\u00e3o sendo destru\u00eddas, diz Biden<\/p>\n\n\n\n<p class=\"wp-block-paragraph\">O aumento do desmatamento no Brasil j\u00e1 est\u00e1 no radar de outros pa\u00eds h\u00e1 algum tempo. O parlamento europeu, por exemplo, indicou que o acordo com o Mercosul \u2013 que levou 20 anos para ser assinado &#8211;\u00a0n\u00e3o deve ser ratificado\u00a0se o governo brasileiro n\u00e3o promover mudan\u00e7as na sua pol\u00edtica ambiental.<\/p>\n\n\n\n<blockquote class=\"wp-block-quote is-layout-flow wp-block-quote-is-layout-flow\"><p>&#8220;Diferente do Trump, com o Biden (na presid\u00eancia), eu acho que haver\u00e1 um efeito importante na \u00e1rea ambiental, vai haver uma coordena\u00e7\u00e3o da Europa e dos EUA para fazer press\u00e3o sobre o Brasil&#8221;, diz Rubens Barbosa, ex-embaixador do Brasil em Washington entre 1999 e 2004.<\/p><\/blockquote>\n\n\n\n<p class=\"wp-block-paragraph\">Nesse cen\u00e1rio da elei\u00e7\u00e3o de Biden, em que a pauta ambiental deve ganhar for\u00e7a, os produtos brasileiros podem sofrer algum tipo de dificuldade para entrar no mercado norte-americano e os poss\u00edveis acordos comerciais devem emperrar.<\/p>\n\n\n\n<p class=\"wp-block-paragraph\">\u201cDemocratas em Washington &#8211; na Casa Branca e no Congresso &#8211; provavelmente questionariam as pol\u00edticas do Brasil no meio ambiente (&#8230;) e podem se recusar a assinar acordos comerciais com administra\u00e7\u00e3o Bolsonaro\u201d, escreveram os economistas do banco BNP Paribas Marcelo Carvalho e Luiz Eduardo Peixoto.<\/p>\n\n\n\n<h4 class=\"wp-block-heading\">Trump e o protecionismo<\/h4>\n\n\n\n<p class=\"wp-block-paragraph\">Com Trump, as rela\u00e7\u00f5es de maior protecionismo devem continuar, mas ainda n\u00e3o \u00e9 poss\u00edvel saber se haver\u00e1 uma subida de patamar.<\/p>\n\n\n\n<p class=\"wp-block-paragraph\">Neste primeiro mandato, o atual presidente norte-americano abriu uma guerra comercial com a China e aumentou as tarifas de importa\u00e7\u00f5es de a\u00e7o e alum\u00ednio, o que afetou produtores brasileiros.<\/p>\n\n\n\n<p class=\"wp-block-paragraph\">As medidas mais protecionistas no com\u00e9rcio internacional vieram dentro de uma pol\u00edtica que Trump chamou de America First (Am\u00e9rica Primeiro, em tradu\u00e7\u00e3o livre). Na campanha de 2016, ele prometeu reduzir o d\u00e9ficit comercial do pa\u00eds.<\/p>\n\n\n\n<p class=\"wp-block-paragraph\">O republicano tamb\u00e9m afastou a economia norte-americana de entidades e negocia\u00e7\u00f5es multilaterais ao\u00a0esvaziar a Organiza\u00e7\u00e3o Mundial do Com\u00e9rcio (OMC)\u00a0e\u00a0tirar os EUA do Tratado de Associa\u00e7\u00e3o Transpac\u00edfico (TPP).<\/p>\n\n\n\n<figure class=\"wp-block-image\"><img decoding=\"async\" src=\"https:\/\/s2.glbimg.com\/jMC4cVRbjnD5OsLhCme4l42taVw=\/0x0:2000x1371\/1008x0\/smart\/filters:strip_icc()\/i.s3.glbimg.com\/v1\/AUTH_59edd422c0c84a879bd37670ae4f538a\/internal_photos\/bs\/2017\/i\/u\/nIJBEaTDK65dj1OaHXJg\/usa-trump-kevin-lamarque-reuters.jpg\" alt=\"O presidente dos EUA Donald Trump exibe a ordem executiva da retirada dos Estados Unidos do Acordo Transpac\u00edfico \u2014 Foto: Kevin Lamarque\/Reuters\"\/><\/figure>\n\n\n\n<p class=\"wp-block-paragraph\">O presidente dos EUA Donald Trump exibe a ordem executiva da retirada dos Estados Unidos do Acordo Transpac\u00edfico \u2014 Foto: Kevin Lamarque\/Reuters<\/p>\n\n\n\n<blockquote class=\"wp-block-quote is-layout-flow wp-block-quote-is-layout-flow\"><p>&#8220;O Trump j\u00e1 falou muita coisa, de acirramento. Se ele continuar nesse tom, o que se espera \u00e9 um cen\u00e1rio internacional mais conflituoso&#8221;, afirma Lia Valls, pesquisadora do Instituto Brasileiro de Economia da Funda\u00e7\u00e3o Getulio Vargas.<\/p><\/blockquote>\n\n\n\n<h4 class=\"wp-block-heading\">Disputa pelo 5G<\/h4>\n\n\n\n<p class=\"wp-block-paragraph\">A implementa\u00e7\u00e3o da tecnologia de quinta gera\u00e7\u00e3o (5G) no Brasil tamb\u00e9m deve ser afetada a depender do resultado eleitoral norte-americano.<\/p>\n\n\n\n<p class=\"wp-block-paragraph\">Na guerra comercial entre Estados Unidos e China, o 5G se tornou mais uma batalha. Os dois pa\u00edses disputam qual na\u00e7\u00e3o vai ter a influ\u00eancia no mundo da implanta\u00e7\u00e3o da nova tecnologia.<\/p>\n\n\n\n<p class=\"wp-block-paragraph\">Num sinal claro dessa guerra tecnol\u00f3gica, a empresa chinesa Huawei, que det\u00e9m a patentes no 5G, enfrenta restri\u00e7\u00f5es nos Estados Unidos. A companhia \u00e9 acusada de manter rela\u00e7\u00f5es com o Partido Comunista Chin\u00eas. Em julho,\u00a0o Reino Unido excluiu a Huawei de sua rede 5G.<\/p>\n\n\n\n<p class=\"wp-block-paragraph\">No Brasil, o leil\u00e3o de 5G foi adiado para 2021 por causa da pandemia do coronav\u00edrus.<\/p>\n\n\n\n<p class=\"wp-block-paragraph\">Por ora, Bolsonaro tem dito que caber\u00e1 a ele pr\u00f3prio a decis\u00e3o sobre a implementa\u00e7\u00e3o da internet m\u00f3vel 5G no Brasil, o que pode indicar uma prefer\u00eancia para os Estados Unidos no caso de uma vit\u00f3ria de Trump, de quem Bolsonaro se diz aliado.<\/p>\n\n\n\n<p class=\"wp-block-paragraph\">Segundo Bolsonaro, n\u00e3o vai ter &#8220;ningu\u00e9m dando palpite&#8221; na defini\u00e7\u00e3o da tecnologia.<\/p>\n\n\n\n<figure class=\"wp-block-image\"><img decoding=\"async\" src=\"https:\/\/s01.video.glbimg.com\/x240\/8832012.jpg\" alt=\"'Quem vai decidir o 5G sou eu', diz Bolsonaro\" title=\"'Quem vai decidir o 5G sou eu', diz Bolsonaro\"\/><\/figure>\n\n\n\n<p class=\"wp-block-paragraph\">&#8216;Quem vai decidir o 5G sou eu&#8217;, diz Bolsonaro<\/p>\n\n\n\n<blockquote class=\"wp-block-quote is-layout-flow wp-block-quote-is-layout-flow\"><p>&#8220;Se o Trump ganhar, a press\u00e3o para que o Brasil fique ao lado dos americanos pode aumentar&#8221;, diz Barbosa. &#8220;Com Biden, os grupos internos, as empresas que querem que o pa\u00eds tenha uma posi\u00e7\u00e3o independente, v\u00e3o se fortalecer. \u00c9 capaz de o Brasil n\u00e3o excluir a empresa chinesa da licita\u00e7\u00e3o do 5G.\u201d<\/p><\/blockquote>\n\n\n\n<p class=\"wp-block-paragraph\">Em outubro, o Banco de Exporta\u00e7\u00e3o e Importa\u00e7\u00e3o dos Estados Unidos (EximBank) e o Minist\u00e9rio da Economia assinaram um acordo que\u00a0prev\u00ea US$ 1 bilh\u00e3o para financiar diversos projetos no Brasil, incluindo os do 5G.<\/p>\n\n\n\n<figure class=\"wp-block-image\"><img decoding=\"async\" src=\"https:\/\/s01.video.glbimg.com\/x240\/8955640.jpg\" alt=\"Governo detalha pacote para facilitar com\u00e9rcio com os EUA\" title=\"Governo detalha pacote para facilitar com\u00e9rcio com os EUA\"\/><\/figure>\n\n\n\n<p class=\"wp-block-paragraph\">Governo detalha pacote para facilitar com\u00e9rcio com os EUA<\/p>\n\n\n\n<h4 class=\"wp-block-heading\">Mercado financeiro<\/h4>\n\n\n\n<p class=\"wp-block-paragraph\">No mercado financeiro, a leitura dos agentes \u00e9 que a disputa presidencial deve ser vencida pelo democrata. &#8220;O cen\u00e1rio mais prov\u00e1vel \u00e9 uma vit\u00f3ria do Biden, sem contesta\u00e7\u00e3o\u201d, afirma o economista-chefe da Mau\u00e1 Capital, Alexandre \u00c1zara.<\/p>\n\n\n\n<p class=\"wp-block-paragraph\">Os investidores, no entanto, tamb\u00e9m se debru\u00e7am na elei\u00e7\u00e3o para o Senado norte-americano. Uma larga vit\u00f3ria dos democratas na casa pode indicar que o partido vai ter for\u00e7a para aprovar v\u00e1rias medidas de est\u00edmulos fiscais, o que pode piorar as contas p\u00fablicas do pa\u00eds.<\/p>\n\n\n\n<p class=\"wp-block-paragraph\">Nesse quadro, para conter a infla\u00e7\u00e3o estimulada pela piora fiscal, o Federal Reserve (Fed, banco central dos Estados Unidos) pode ser obrigado a subir os juros, o que afetaria economias emergentes, como a brasileira. Hoje, os juros est\u00e3o na faixa entre 0% e 0,25%.<\/p>\n\n\n\n<figure class=\"wp-block-image\"><img decoding=\"async\" src=\"https:\/\/s2.glbimg.com\/TXSHM36JiN1Hyjdk8XDySKdy4Ks=\/0x0:6231x4154\/1008x0\/smart\/filters:strip_icc()\/i.s3.glbimg.com\/v1\/AUTH_59edd422c0c84a879bd37670ae4f538a\/internal_photos\/bs\/2019\/q\/z\/AeSDQvT6q2OV9zxHQsCw\/fed.jpg\" alt=\"Sede do Federal Reserve em Washington, nos Estados Unidos  \u2014 Foto: Chris Wattie\/Reuters\"\/><\/figure>\n\n\n\n<p class=\"wp-block-paragraph\">Sede do Federal Reserve em Washington, nos Estados Unidos \u2014 Foto: Chris Wattie\/Reuterl<\/p>\n\n\n\n<p class=\"wp-block-paragraph\">Juros mais altos nos EUA t\u00eam potencial para atrair recursos aplicados em economias emergentes.<\/p>\n\n\n\n<blockquote class=\"wp-block-quote is-layout-flow wp-block-quote-is-layout-flow\"><p>&#8220;O tamanho da representa\u00e7\u00e3o no senado \u00e9 t\u00e3o importante quanto a pr\u00f3pria elei\u00e7\u00e3o&#8221;, diz \u00c1zara.<\/p><\/blockquote>\n\n\n\n<p class=\"wp-block-paragraph\">G1<\/p>\n","protected":false},"excerpt":{"rendered":"<p>Com\u00a0Joe Biden\u00a0ou\u00a0Donald Trump\u00a0no comando dos\u00a0Estados Unidos, o Brasil ter\u00e1 de lidar com obst\u00e1culos na rela\u00e7\u00e3o comercial com norte-americanos.\u00a0Uma eventual presid\u00eancia do democrata deve aumentar a press\u00e3o com a condu\u00e7\u00e3o da pol\u00edtica ambiental brasileira, enquanto a reelei\u00e7\u00e3o do republicano mant\u00e9m o vi\u00e9s protecionista da economia dos EUA. Ao longo da campanha, os dois candidatos foram pouco detalhistas nas propostas de com\u00e9rcio exterior com a Am\u00e9rica Latina. O foco esteve na China e na Uni\u00e3o Europeia, o que indica, segundo analistas, que qualquer mudan\u00e7a no com\u00e9rcio com o Brasil n\u00e3o deve ocorrer t\u00e3o cedo. &#8220;A primeira observa\u00e7\u00e3o \u00e9 que a Am\u00e9rica Latina como um todo n\u00e3o \u00e9 um tema central para a pol\u00edtica externa norte-americana&#8221;, diz Welber Barral, ex-secret\u00e1rio de Com\u00e9rcio Exterior. &#8220;Muito provavelmente o Brasil ser\u00e1 um tema secund\u00e1rio e corre o risco de ficar dominado pela quest\u00e3o ambiental.&#8221; Hoje, os Estados Unidos s\u00e3o o segundo principal parceiro comercial do Brasil, atr\u00e1s somente da China. Entre janeiro e setembro deste ano, a corrente de com\u00e9rcio (soma de importa\u00e7\u00e3o e exporta\u00e7\u00e3o) com os norte-americanos somou US$ 44,6 bilh\u00f5es. Com o chineses, a corrente chegou a US$ 73,4 bilh\u00f5es. Biden e a quest\u00e3o ambiental L\u00edder nas pesquisas eleitorais, Biden j\u00e1 citou o elevado\u00a0desmatamento da Amaz\u00f4nia\u00a0num debate com Trump e disse que o Brasil pode enfrentar &#8220;consequ\u00eancias econ\u00f4micas&#8221; se os \u00edndices de perdas florestais n\u00e3o forem revertidos. As florestas tropicais no Brasil est\u00e3o sendo destru\u00eddas, diz Biden O aumento do desmatamento no Brasil j\u00e1 est\u00e1 no radar de outros pa\u00eds h\u00e1 algum tempo. O parlamento europeu, por exemplo, indicou que o acordo com o Mercosul \u2013 que levou 20 anos para ser assinado &#8211;\u00a0n\u00e3o deve ser ratificado\u00a0se o governo brasileiro n\u00e3o promover mudan\u00e7as na sua pol\u00edtica ambiental. &#8220;Diferente do Trump, com o Biden (na presid\u00eancia), eu acho que haver\u00e1 um efeito importante na \u00e1rea ambiental, vai haver uma coordena\u00e7\u00e3o da Europa e dos EUA para fazer press\u00e3o sobre o Brasil&#8221;, diz Rubens Barbosa, ex-embaixador do Brasil em Washington entre 1999 e 2004. Nesse cen\u00e1rio da elei\u00e7\u00e3o de Biden, em que a pauta ambiental deve ganhar for\u00e7a, os produtos brasileiros podem sofrer algum tipo de dificuldade para entrar no mercado norte-americano e os poss\u00edveis acordos comerciais devem emperrar. \u201cDemocratas em Washington &#8211; na Casa Branca e no Congresso &#8211; provavelmente questionariam as pol\u00edticas do Brasil no meio ambiente (&#8230;) e podem se recusar a assinar acordos comerciais com administra\u00e7\u00e3o Bolsonaro\u201d, escreveram os economistas do banco BNP Paribas Marcelo Carvalho e Luiz Eduardo Peixoto. Trump e o protecionismo Com Trump, as rela\u00e7\u00f5es de maior protecionismo devem continuar, mas ainda n\u00e3o \u00e9 poss\u00edvel saber se haver\u00e1 uma subida de patamar. Neste primeiro mandato, o atual presidente norte-americano abriu uma guerra comercial com a China e aumentou as tarifas de importa\u00e7\u00f5es de a\u00e7o e alum\u00ednio, o que afetou produtores brasileiros. As medidas mais protecionistas no com\u00e9rcio internacional vieram dentro de uma pol\u00edtica que Trump chamou de America First (Am\u00e9rica Primeiro, em tradu\u00e7\u00e3o livre). Na campanha de 2016, ele prometeu reduzir o d\u00e9ficit comercial do pa\u00eds. O republicano tamb\u00e9m afastou a economia norte-americana de entidades e negocia\u00e7\u00f5es multilaterais ao\u00a0esvaziar a Organiza\u00e7\u00e3o Mundial do Com\u00e9rcio (OMC)\u00a0e\u00a0tirar os EUA do Tratado de Associa\u00e7\u00e3o Transpac\u00edfico (TPP). O presidente dos EUA Donald Trump exibe a ordem executiva da retirada dos Estados Unidos do Acordo Transpac\u00edfico \u2014 Foto: Kevin Lamarque\/Reuters &#8220;O Trump j\u00e1 falou muita coisa, de acirramento. Se ele continuar nesse tom, o que se espera \u00e9 um cen\u00e1rio internacional mais conflituoso&#8221;, afirma Lia Valls, pesquisadora do Instituto Brasileiro de Economia da Funda\u00e7\u00e3o Getulio Vargas. Disputa pelo 5G A implementa\u00e7\u00e3o da tecnologia de quinta gera\u00e7\u00e3o (5G) no Brasil tamb\u00e9m deve ser afetada a depender do resultado eleitoral norte-americano. Na guerra comercial entre Estados Unidos e China, o 5G se tornou mais uma batalha. Os dois pa\u00edses disputam qual na\u00e7\u00e3o vai ter a influ\u00eancia no mundo da implanta\u00e7\u00e3o da nova tecnologia. Num sinal claro dessa guerra tecnol\u00f3gica, a empresa chinesa Huawei, que det\u00e9m a patentes no 5G, enfrenta restri\u00e7\u00f5es nos Estados Unidos. A companhia \u00e9 acusada de manter rela\u00e7\u00f5es com o Partido Comunista Chin\u00eas. Em julho,\u00a0o Reino Unido excluiu a Huawei de sua rede 5G. No Brasil, o leil\u00e3o de 5G foi adiado para 2021 por causa da pandemia do coronav\u00edrus. Por ora, Bolsonaro tem dito que caber\u00e1 a ele pr\u00f3prio a decis\u00e3o sobre a implementa\u00e7\u00e3o da internet m\u00f3vel 5G no Brasil, o que pode indicar uma prefer\u00eancia para os Estados Unidos no caso de uma vit\u00f3ria de Trump, de quem Bolsonaro se diz aliado. Segundo Bolsonaro, n\u00e3o vai ter &#8220;ningu\u00e9m dando palpite&#8221; na defini\u00e7\u00e3o da tecnologia. &#8216;Quem vai decidir o 5G sou eu&#8217;, diz Bolsonaro &#8220;Se o Trump ganhar, a press\u00e3o para que o Brasil fique ao lado dos americanos pode aumentar&#8221;, diz Barbosa. &#8220;Com Biden, os grupos internos, as empresas que querem que o pa\u00eds tenha uma posi\u00e7\u00e3o independente, v\u00e3o se fortalecer. \u00c9 capaz de o Brasil n\u00e3o excluir a empresa chinesa da licita\u00e7\u00e3o do 5G.\u201d Em outubro, o Banco de Exporta\u00e7\u00e3o e Importa\u00e7\u00e3o dos Estados Unidos (EximBank) e o Minist\u00e9rio da Economia assinaram um acordo que\u00a0prev\u00ea US$ 1 bilh\u00e3o para financiar diversos projetos no Brasil, incluindo os do 5G. Governo detalha pacote para facilitar com\u00e9rcio com os EUA Mercado financeiro No mercado financeiro, a leitura dos agentes \u00e9 que a disputa presidencial deve ser vencida pelo democrata. &#8220;O cen\u00e1rio mais prov\u00e1vel \u00e9 uma vit\u00f3ria do Biden, sem contesta\u00e7\u00e3o\u201d, afirma o economista-chefe da Mau\u00e1 Capital, Alexandre \u00c1zara. Os investidores, no entanto, tamb\u00e9m se debru\u00e7am na elei\u00e7\u00e3o para o Senado norte-americano. Uma larga vit\u00f3ria dos democratas na casa pode indicar que o partido vai ter for\u00e7a para aprovar v\u00e1rias medidas de est\u00edmulos fiscais, o que pode piorar as contas p\u00fablicas do pa\u00eds. Nesse quadro, para conter a infla\u00e7\u00e3o estimulada pela piora fiscal, o Federal Reserve (Fed, banco central dos Estados Unidos) pode ser obrigado a subir os juros, o que afetaria economias emergentes, como a brasileira. Hoje, os juros est\u00e3o na faixa entre 0% e 0,25%. Sede do Federal Reserve em Washington, nos Estados Unidos \u2014 Foto: Chris Wattie\/Reuterl Juros mais altos<\/p>\n","protected":false},"author":6,"featured_media":194229,"comment_status":"closed","ping_status":"closed","sticky":false,"template":"","format":"standard","meta":{"sfsi_plus_gutenberg_text_before_share":"","sfsi_plus_gutenberg_show_text_before_share":"","sfsi_plus_gutenberg_icon_type":"","sfsi_plus_gutenberg_icon_alignemt":"","sfsi_plus_gutenburg_max_per_row":"","footnotes":""},"categories":[50,103],"tags":[],"class_list":["post-194228","post","type-post","status-publish","format-standard","has-post-thumbnail","hentry","category-destaque","category-mundo"],"_links":{"self":[{"href":"https:\/\/www.caririemacao.com\/1\/wp-json\/wp\/v2\/posts\/194228","targetHints":{"allow":["GET"]}}],"collection":[{"href":"https:\/\/www.caririemacao.com\/1\/wp-json\/wp\/v2\/posts"}],"about":[{"href":"https:\/\/www.caririemacao.com\/1\/wp-json\/wp\/v2\/types\/post"}],"author":[{"embeddable":true,"href":"https:\/\/www.caririemacao.com\/1\/wp-json\/wp\/v2\/users\/6"}],"replies":[{"embeddable":true,"href":"https:\/\/www.caririemacao.com\/1\/wp-json\/wp\/v2\/comments?post=194228"}],"version-history":[{"count":1,"href":"https:\/\/www.caririemacao.com\/1\/wp-json\/wp\/v2\/posts\/194228\/revisions"}],"predecessor-version":[{"id":194230,"href":"https:\/\/www.caririemacao.com\/1\/wp-json\/wp\/v2\/posts\/194228\/revisions\/194230"}],"wp:featuredmedia":[{"embeddable":true,"href":"https:\/\/www.caririemacao.com\/1\/wp-json\/wp\/v2\/media\/194229"}],"wp:attachment":[{"href":"https:\/\/www.caririemacao.com\/1\/wp-json\/wp\/v2\/media?parent=194228"}],"wp:term":[{"taxonomy":"category","embeddable":true,"href":"https:\/\/www.caririemacao.com\/1\/wp-json\/wp\/v2\/categories?post=194228"},{"taxonomy":"post_tag","embeddable":true,"href":"https:\/\/www.caririemacao.com\/1\/wp-json\/wp\/v2\/tags?post=194228"}],"curies":[{"name":"wp","href":"https:\/\/api.w.org\/{rel}","templated":true}]}}