{"id":194244,"date":"2020-11-02T07:11:13","date_gmt":"2020-11-02T10:11:13","guid":{"rendered":"https:\/\/www.caririemacao.com\/1\/?p=194244"},"modified":"2020-11-02T07:11:13","modified_gmt":"2020-11-02T10:11:13","slug":"terremoto-na-turquia-menina-de-3-anos-e-resgatada-viva-apos-65-horas-nos-escombros","status":"publish","type":"post","link":"https:\/\/www.caririemacao.com\/1\/2020\/11\/02\/terremoto-na-turquia-menina-de-3-anos-e-resgatada-viva-apos-65-horas-nos-escombros\/","title":{"rendered":"Terremoto na Turquia: menina de 3 anos \u00e9 resgatada viva ap\u00f3s 65 horas nos escombros"},"content":{"rendered":"\n<p class=\"wp-block-paragraph\">Uma menina de tr\u00eas anos&nbsp;foi resgatada de um pr\u00e9dio que desabou na cidade turca de Izmir&nbsp;nesta segunda-feira (2), disseram autoridades, quase tr\u00eas dias ap\u00f3s um forte terremoto na regi\u00e3o do Mar Egeu que matou 81 pessoas.<\/p>\n\n\n\n<p class=\"wp-block-paragraph\">Imagens de televis\u00e3o mostraram a menina, Elif, sendo retirada dos escombros e carregada por equipes de resgate em uma maca para uma ambul\u00e2ncia,&nbsp;65 horas ap\u00f3s o terremoto.<\/p>\n\n\n\n<p class=\"wp-block-paragraph\">As duas irm\u00e3s e o irm\u00e3o de Elif foram resgatados junto com sua m\u00e3e no s\u00e1bado, mas uma das crian\u00e7as morreu.<\/p>\n\n\n\n<p class=\"wp-block-paragraph\">Os esfor\u00e7os de resgate continuam em oito edif\u00edcios em Izmir, onde 79 pessoas morreram, tornando o terremoto de sexta-feira (30) o mais mortal na Turquia em quase uma d\u00e9cada. Dois adolescentes morreram na ilha grega de Samos. Mais de 960 pessoas ficaram feridas com 740 j\u00e1 com alta hospitalar.<\/p>\n\n\n\n<p class=\"wp-block-paragraph\">No domingo,\u00a0um homem de 70 anos tamb\u00e9m foi encontrado pelas equipes de resgate\u00a033 horas ap\u00f3s o desastre. Ahmet Citim foi salvo pelas equipes de resgate e levado ao hospital.<\/p>\n\n\n\n<p class=\"wp-block-paragraph\">O terremoto, de magnitude 7, foi sentido na Turquia e na Gr\u00e9cia. Al\u00e9m do desabamento de pr\u00e9dios, ele provocou enchentes, por causa da eleva\u00e7\u00e3o do n\u00edvel do mar.<\/p>\n\n\n\n<figure class=\"wp-block-image\"><img decoding=\"async\" src=\"https:\/\/s02.video.glbimg.com\/x240\/8987829.jpg\" alt=\"Sobe para 62 o n\u00famero de mortos em terremoto que atingiu a Gr\u00e9cia e a Turquia\" title=\"Sobe para 62 o n\u00famero de mortos em terremoto que atingiu a Gr\u00e9cia e a Turquia\"\/><\/figure>\n\n\n\n<p class=\"wp-block-paragraph\">Sobe para 62 o n\u00famero de mortos em terremoto que atingiu a Gr\u00e9cia e a Turquia<\/p>\n\n\n\n<figure class=\"wp-block-image\"><img decoding=\"async\" src=\"https:\/\/s2.glbimg.com\/AZKpScPGDUVxLF-wQLZJ0QKqQiQ=\/0x0:3062x2000\/984x0\/smart\/filters:strip_icc()\/i.s3.glbimg.com\/v1\/AUTH_59edd422c0c84a879bd37670ae4f538a\/internal_photos\/bs\/2020\/e\/a\/K8O0BwS8S8syx4NNqrmA\/000-8uc6le-b.jpg\" alt=\"Equipes de resgate fazem buscas nos escombros de um pr\u00e9dio desabado em Izmir, na Turquia \u2014 Foto: Yasin Akgul\/AFP\"\/><\/figure>\n\n\n\n<p class=\"wp-block-paragraph\">Equipes de resgate fazem buscas nos escombros de um pr\u00e9dio desabado em Izmir, na Turquia \u2014 Foto: Yasin Akgul\/AFP<\/p>\n\n\n\n<figure class=\"wp-block-image\"><img decoding=\"async\" src=\"https:\/\/s2.glbimg.com\/EzGgLJ5SqsEF_vOZO8z3RwCVXIg=\/0x0:1140x1002\/984x0\/smart\/filters:strip_icc()\/i.s3.glbimg.com\/v1\/AUTH_59edd422c0c84a879bd37670ae4f538a\/internal_photos\/bs\/2020\/W\/S\/LA1a7ySQGnh6OloMluUA\/eessz-terremoto-entre-a-gr-cia-e-a-turquia.png\" alt=\"Mapa identifica a regi\u00e3o de terremoto de grande magnitude entre a Gr\u00e9cia e a Turquia nesta sexta-feira (30) \u2014 Foto: G1\"\/><\/figure>\n\n\n\n<p class=\"wp-block-paragraph\">Mapa identifica a regi\u00e3o de terremoto de grande magnitude entre a Gr\u00e9cia e a Turquia nesta sexta-feira (30) \u2014 Foto: G1<\/p>\n\n\n\n<p class=\"wp-block-paragraph\">G1<\/p>\n","protected":false},"excerpt":{"rendered":"<p>Uma menina de tr\u00eas anos&nbsp;foi resgatada de um pr\u00e9dio que desabou na cidade turca de Izmir&nbsp;nesta segunda-feira (2), disseram autoridades, quase tr\u00eas dias ap\u00f3s um forte terremoto na regi\u00e3o do Mar Egeu que matou 81 pessoas. Imagens de televis\u00e3o mostraram a menina, Elif, sendo retirada dos escombros e carregada por equipes de resgate em uma maca para uma ambul\u00e2ncia,&nbsp;65 horas ap\u00f3s o terremoto. As duas irm\u00e3s e o irm\u00e3o de Elif foram resgatados junto com sua m\u00e3e no s\u00e1bado, mas uma das crian\u00e7as morreu. Os esfor\u00e7os de resgate continuam em oito edif\u00edcios em Izmir, onde 79 pessoas morreram, tornando o terremoto de sexta-feira (30) o mais mortal na Turquia em quase uma d\u00e9cada. Dois adolescentes morreram na ilha grega de Samos. Mais de 960 pessoas ficaram feridas com 740 j\u00e1 com alta hospitalar. No domingo,\u00a0um homem de 70 anos tamb\u00e9m foi encontrado pelas equipes de resgate\u00a033 horas ap\u00f3s o desastre. Ahmet Citim foi salvo pelas equipes de resgate e levado ao hospital. O terremoto, de magnitude 7, foi sentido na Turquia e na Gr\u00e9cia. Al\u00e9m do desabamento de pr\u00e9dios, ele provocou enchentes, por causa da eleva\u00e7\u00e3o do n\u00edvel do mar. Sobe para 62 o n\u00famero de mortos em terremoto que atingiu a Gr\u00e9cia e a Turquia Equipes de resgate fazem buscas nos escombros de um pr\u00e9dio desabado em Izmir, na Turquia \u2014 Foto: Yasin Akgul\/AFP Mapa identifica a regi\u00e3o de terremoto de grande magnitude entre a Gr\u00e9cia e a Turquia nesta sexta-feira (30) \u2014 Foto: G1 G1<\/p>\n","protected":false},"author":6,"featured_media":194245,"comment_status":"closed","ping_status":"closed","sticky":false,"template":"","format":"standard","meta":{"sfsi_plus_gutenberg_text_before_share":"","sfsi_plus_gutenberg_show_text_before_share":"","sfsi_plus_gutenberg_icon_type":"","sfsi_plus_gutenberg_icon_alignemt":"","sfsi_plus_gutenburg_max_per_row":"","footnotes":""},"categories":[50,103],"tags":[],"class_list":["post-194244","post","type-post","status-publish","format-standard","has-post-thumbnail","hentry","category-destaque","category-mundo"],"_links":{"self":[{"href":"https:\/\/www.caririemacao.com\/1\/wp-json\/wp\/v2\/posts\/194244","targetHints":{"allow":["GET"]}}],"collection":[{"href":"https:\/\/www.caririemacao.com\/1\/wp-json\/wp\/v2\/posts"}],"about":[{"href":"https:\/\/www.caririemacao.com\/1\/wp-json\/wp\/v2\/types\/post"}],"author":[{"embeddable":true,"href":"https:\/\/www.caririemacao.com\/1\/wp-json\/wp\/v2\/users\/6"}],"replies":[{"embeddable":true,"href":"https:\/\/www.caririemacao.com\/1\/wp-json\/wp\/v2\/comments?post=194244"}],"version-history":[{"count":1,"href":"https:\/\/www.caririemacao.com\/1\/wp-json\/wp\/v2\/posts\/194244\/revisions"}],"predecessor-version":[{"id":194246,"href":"https:\/\/www.caririemacao.com\/1\/wp-json\/wp\/v2\/posts\/194244\/revisions\/194246"}],"wp:featuredmedia":[{"embeddable":true,"href":"https:\/\/www.caririemacao.com\/1\/wp-json\/wp\/v2\/media\/194245"}],"wp:attachment":[{"href":"https:\/\/www.caririemacao.com\/1\/wp-json\/wp\/v2\/media?parent=194244"}],"wp:term":[{"taxonomy":"category","embeddable":true,"href":"https:\/\/www.caririemacao.com\/1\/wp-json\/wp\/v2\/categories?post=194244"},{"taxonomy":"post_tag","embeddable":true,"href":"https:\/\/www.caririemacao.com\/1\/wp-json\/wp\/v2\/tags?post=194244"}],"curies":[{"name":"wp","href":"https:\/\/api.w.org\/{rel}","templated":true}]}}