{"id":194383,"date":"2020-11-03T14:48:27","date_gmt":"2020-11-03T17:48:27","guid":{"rendered":"https:\/\/www.caririemacao.com\/1\/?p=194383"},"modified":"2020-11-03T14:48:27","modified_gmt":"2020-11-03T17:48:27","slug":"homicidio-tiros-na-cabeca-maos-e-pes-amarrados","status":"publish","type":"post","link":"https:\/\/www.caririemacao.com\/1\/2020\/11\/03\/homicidio-tiros-na-cabeca-maos-e-pes-amarrados\/","title":{"rendered":"HOMIC\u00cdDIO: TIROS NA CABE\u00c7A, M\u00c3OS E P\u00c9S AMARRADOS"},"content":{"rendered":"\n<p class=\"wp-block-paragraph\">Um corpo foi localizado num terreno entre os Bairros Mutir\u00e3o e Serrot\u00e3o, Na manh\u00e3 da \u00faltima segunda-feira (02\/11)<\/p>\n\n\n\n<p class=\"wp-block-paragraph\">Havia perfura\u00e7\u00f5es de bala na cabe\u00e7a e as m\u00e3os e p\u00e9s estavam amarrados.<\/p>\n\n\n\n<p class=\"wp-block-paragraph\">Conforme o delegado Francisco de Assis, o crime ocorreu no local.<\/p>\n\n\n\n<p class=\"wp-block-paragraph\">\u00c0 noite a PC conseguiu identificar o morto.<br>Trata-se de Wellington dos Santos Domingos, que tinha 17 anos de idade, que morava em Areial, no Agreste.<\/p>\n\n\n\n<p class=\"wp-block-paragraph\">Havia dois meses que \u201cestava por Campina Grande\u201d.<\/p>\n\n\n\n<p class=\"wp-block-paragraph\">Ele tamb\u00e9m teve passagens pelo Lar do Garoto.<\/p>\n\n\n\n<p class=\"wp-block-paragraph\">Wellington foi morto com quatro disparos na cabe\u00e7a.<\/p>\n\n\n\n<p class=\"wp-block-paragraph\">@noticias.onlinepb<br><\/p>\n","protected":false},"excerpt":{"rendered":"<p>Um corpo foi localizado num terreno entre os Bairros Mutir\u00e3o e Serrot\u00e3o, Na manh\u00e3 da \u00faltima segunda-feira (02\/11) Havia perfura\u00e7\u00f5es de bala na cabe\u00e7a e as m\u00e3os e p\u00e9s estavam amarrados. Conforme o delegado Francisco de Assis, o crime ocorreu no local. \u00c0 noite a PC conseguiu identificar o morto.Trata-se de Wellington dos Santos Domingos, que tinha 17 anos de idade, que morava em Areial, no Agreste. Havia dois meses que \u201cestava por Campina Grande\u201d. Ele tamb\u00e9m teve passagens pelo Lar do Garoto. Wellington foi morto com quatro disparos na cabe\u00e7a. @noticias.onlinepb<\/p>\n","protected":false},"author":6,"featured_media":190962,"comment_status":"closed","ping_status":"closed","sticky":false,"template":"","format":"standard","meta":{"sfsi_plus_gutenberg_text_before_share":"","sfsi_plus_gutenberg_show_text_before_share":"","sfsi_plus_gutenberg_icon_type":"","sfsi_plus_gutenberg_icon_alignemt":"","sfsi_plus_gutenburg_max_per_row":"","footnotes":""},"categories":[6,12],"tags":[],"class_list":["post-194383","post","type-post","status-publish","format-standard","has-post-thumbnail","hentry","category-cidades","category-policia"],"_links":{"self":[{"href":"https:\/\/www.caririemacao.com\/1\/wp-json\/wp\/v2\/posts\/194383","targetHints":{"allow":["GET"]}}],"collection":[{"href":"https:\/\/www.caririemacao.com\/1\/wp-json\/wp\/v2\/posts"}],"about":[{"href":"https:\/\/www.caririemacao.com\/1\/wp-json\/wp\/v2\/types\/post"}],"author":[{"embeddable":true,"href":"https:\/\/www.caririemacao.com\/1\/wp-json\/wp\/v2\/users\/6"}],"replies":[{"embeddable":true,"href":"https:\/\/www.caririemacao.com\/1\/wp-json\/wp\/v2\/comments?post=194383"}],"version-history":[{"count":1,"href":"https:\/\/www.caririemacao.com\/1\/wp-json\/wp\/v2\/posts\/194383\/revisions"}],"predecessor-version":[{"id":194384,"href":"https:\/\/www.caririemacao.com\/1\/wp-json\/wp\/v2\/posts\/194383\/revisions\/194384"}],"wp:featuredmedia":[{"embeddable":true,"href":"https:\/\/www.caririemacao.com\/1\/wp-json\/wp\/v2\/media\/190962"}],"wp:attachment":[{"href":"https:\/\/www.caririemacao.com\/1\/wp-json\/wp\/v2\/media?parent=194383"}],"wp:term":[{"taxonomy":"category","embeddable":true,"href":"https:\/\/www.caririemacao.com\/1\/wp-json\/wp\/v2\/categories?post=194383"},{"taxonomy":"post_tag","embeddable":true,"href":"https:\/\/www.caririemacao.com\/1\/wp-json\/wp\/v2\/tags?post=194383"}],"curies":[{"name":"wp","href":"https:\/\/api.w.org\/{rel}","templated":true}]}}