{"id":194427,"date":"2020-11-04T07:05:44","date_gmt":"2020-11-04T10:05:44","guid":{"rendered":"https:\/\/www.caririemacao.com\/1\/?p=194427"},"modified":"2020-11-04T07:05:44","modified_gmt":"2020-11-04T10:05:44","slug":"municipios-do-sertao-da-pb-registram-chuvas-de-mais-de-100mm-nas-ultimas-24-horas","status":"publish","type":"post","link":"https:\/\/www.caririemacao.com\/1\/2020\/11\/04\/municipios-do-sertao-da-pb-registram-chuvas-de-mais-de-100mm-nas-ultimas-24-horas\/","title":{"rendered":"Munic\u00edpios do Sert\u00e3o da PB registram chuvas de mais de 100mm nas \u00faltimas 24 horas"},"content":{"rendered":"\n<p class=\"wp-block-paragraph\">Quatro munic\u00edpios do Sert\u00e3o paraibano tiveram \u00edndices de chuvas superiores a 100 mil\u00edmetros, entre a noite da segunda-feira (2) e a madrugada desta ter\u00e7a-feira (3). Os munic\u00edpios de Nova Olinda, Pianc\u00f3, Coremas e Monte Horebe apresentaram os maiores \u00edndices pluviom\u00e9tricos na regi\u00e3o.<\/p>\n\n\n\n<p class=\"wp-block-paragraph\">De acordo com a meteorologista da Ag\u00eancia Estadual de Gest\u00e3o das \u00c1guas (Aesa), Marle Bandeira, pancadas de chuvas nessa \u00e9poca do ano s\u00e3o esperadas na regi\u00e3o. De acordo com ela, o fen\u00f4meno \u00e9 provocado por uma zona de converg\u00eancia do Atl\u00e2ntico Sul, que \u00e9 um canal que parte da Amaz\u00f4nia at\u00e9 o Oceano Atl\u00e2ntico.<\/p>\n\n\n\n<p class=\"wp-block-paragraph\">Conforme Marle, as regi\u00f5es do Cariri, Sert\u00e3o e Alto Sert\u00e3o ser\u00e3o as mais atingidas. Ainda n\u00e3o existe previs\u00e3o de mais chuvas.<\/p>\n\n\n\n<p class=\"wp-block-paragraph\">\u00cdndice pluviom\u00e9trico dos munic\u00edpios do Sert\u00e3o onde mais choveu<\/p>\n\n\n\n<figure class=\"wp-block-table\"><table><tbody><tr><td>Munic\u00edpio<\/td><td>Mil\u00edmetros<\/td><\/tr><tr><td>Nova Olinda<\/td><td>130 mm<\/td><\/tr><tr><td>Pianc\u00f3<\/td><td>113 mm<\/td><\/tr><tr><td>Coremas<\/td><td>108,2 mm<\/td><\/tr><tr><td>Monte Horebe<\/td><td>105 mm<\/td><\/tr><\/tbody><\/table><\/figure>\n\n\n\n<p class=\"wp-block-paragraph\">G1<\/p>\n","protected":false},"excerpt":{"rendered":"<p>Quatro munic\u00edpios do Sert\u00e3o paraibano tiveram \u00edndices de chuvas superiores a 100 mil\u00edmetros, entre a noite da segunda-feira (2) e a madrugada desta ter\u00e7a-feira (3). Os munic\u00edpios de Nova Olinda, Pianc\u00f3, Coremas e Monte Horebe apresentaram os maiores \u00edndices pluviom\u00e9tricos na regi\u00e3o. De acordo com a meteorologista da Ag\u00eancia Estadual de Gest\u00e3o das \u00c1guas (Aesa), Marle Bandeira, pancadas de chuvas nessa \u00e9poca do ano s\u00e3o esperadas na regi\u00e3o. De acordo com ela, o fen\u00f4meno \u00e9 provocado por uma zona de converg\u00eancia do Atl\u00e2ntico Sul, que \u00e9 um canal que parte da Amaz\u00f4nia at\u00e9 o Oceano Atl\u00e2ntico. Conforme Marle, as regi\u00f5es do Cariri, Sert\u00e3o e Alto Sert\u00e3o ser\u00e3o as mais atingidas. Ainda n\u00e3o existe previs\u00e3o de mais chuvas. \u00cdndice pluviom\u00e9trico dos munic\u00edpios do Sert\u00e3o onde mais choveu Munic\u00edpio Mil\u00edmetros Nova Olinda 130 mm Pianc\u00f3 113 mm Coremas 108,2 mm Monte Horebe 105 mm G1<\/p>\n","protected":false},"author":6,"featured_media":194389,"comment_status":"closed","ping_status":"closed","sticky":false,"template":"","format":"standard","meta":{"sfsi_plus_gutenberg_text_before_share":"","sfsi_plus_gutenberg_show_text_before_share":"","sfsi_plus_gutenberg_icon_type":"","sfsi_plus_gutenberg_icon_alignemt":"","sfsi_plus_gutenburg_max_per_row":"","footnotes":""},"categories":[50,105],"tags":[],"class_list":["post-194427","post","type-post","status-publish","format-standard","has-post-thumbnail","hentry","category-destaque","category-sertao"],"_links":{"self":[{"href":"https:\/\/www.caririemacao.com\/1\/wp-json\/wp\/v2\/posts\/194427","targetHints":{"allow":["GET"]}}],"collection":[{"href":"https:\/\/www.caririemacao.com\/1\/wp-json\/wp\/v2\/posts"}],"about":[{"href":"https:\/\/www.caririemacao.com\/1\/wp-json\/wp\/v2\/types\/post"}],"author":[{"embeddable":true,"href":"https:\/\/www.caririemacao.com\/1\/wp-json\/wp\/v2\/users\/6"}],"replies":[{"embeddable":true,"href":"https:\/\/www.caririemacao.com\/1\/wp-json\/wp\/v2\/comments?post=194427"}],"version-history":[{"count":1,"href":"https:\/\/www.caririemacao.com\/1\/wp-json\/wp\/v2\/posts\/194427\/revisions"}],"predecessor-version":[{"id":194428,"href":"https:\/\/www.caririemacao.com\/1\/wp-json\/wp\/v2\/posts\/194427\/revisions\/194428"}],"wp:featuredmedia":[{"embeddable":true,"href":"https:\/\/www.caririemacao.com\/1\/wp-json\/wp\/v2\/media\/194389"}],"wp:attachment":[{"href":"https:\/\/www.caririemacao.com\/1\/wp-json\/wp\/v2\/media?parent=194427"}],"wp:term":[{"taxonomy":"category","embeddable":true,"href":"https:\/\/www.caririemacao.com\/1\/wp-json\/wp\/v2\/categories?post=194427"},{"taxonomy":"post_tag","embeddable":true,"href":"https:\/\/www.caririemacao.com\/1\/wp-json\/wp\/v2\/tags?post=194427"}],"curies":[{"name":"wp","href":"https:\/\/api.w.org\/{rel}","templated":true}]}}