{"id":194532,"date":"2020-11-04T19:12:41","date_gmt":"2020-11-04T22:12:41","guid":{"rendered":"https:\/\/www.caririemacao.com\/1\/?p=194532"},"modified":"2020-11-04T19:12:41","modified_gmt":"2020-11-04T22:12:41","slug":"corpo-de-tom-veiga-e-enterrado-em-cemiterio-em-sao-paulo","status":"publish","type":"post","link":"https:\/\/www.caririemacao.com\/1\/2020\/11\/04\/corpo-de-tom-veiga-e-enterrado-em-cemiterio-em-sao-paulo\/","title":{"rendered":"Corpo de Tom Veiga \u00e9 enterrado em cemit\u00e9rio em S\u00e3o Paulo"},"content":{"rendered":"\n<p class=\"wp-block-paragraph\">O corpo de\u00a0Tom Veiga, int\u00e9rprete do Louro Jos\u00e9, foi enterrado em um cemit\u00e9rio de S\u00e3o Paulo \u00e0s 15h desta quarta-feira (4).<\/p>\n\n\n\n<p class=\"wp-block-paragraph\">Ele foi velado por cerca de uma hora antes do sepultamento em cerim\u00f4nia reservada a familiares.<\/p>\n\n\n\n<p class=\"wp-block-paragraph\">Na ter\u00e7a (3), amigos e parentes tamb\u00e9m puderam\u00a0se despedir do ator em vel\u00f3rio realizado no condom\u00ednio onde o ator morava, no Rio de Janeiro.<\/p>\n\n\n\n<p class=\"wp-block-paragraph\">Tom Veiga foi\u00a0encontrado morto em sua casa na Barra da Tijuca, na Zona Oeste do Rio, no domingo (1\u00ba).<\/p>\n\n\n\n<figure class=\"wp-block-image\"><img decoding=\"async\" src=\"https:\/\/s2.glbimg.com\/nKxOMZ1E-FiPWJmGSuLz7vhOExs=\/0x0:1920x1080\/984x0\/smart\/filters:strip_icc()\/i.s3.glbimg.com\/v1\/AUTH_59edd422c0c84a879bd37670ae4f538a\/internal_photos\/bs\/2020\/7\/I\/gmaq7eSqKBXZjASQ8x4Q\/frame-00-00-21.543.jpg\" alt=\"A apresentadora Ana Maria Braga em vel\u00f3rio de Tom Veiga \u2014 Foto: Reprodu\u00e7\u00e3o\/TV Globo\"\/><\/figure>\n\n\n\n<p class=\"wp-block-paragraph\">A apresentadora Ana Maria Braga em vel\u00f3rio de Tom Veiga \u2014 Foto: Reprodu\u00e7\u00e3o\/TV Globo<\/p>\n\n\n\n<figure class=\"wp-block-image\"><img decoding=\"async\" src=\"https:\/\/s2.glbimg.com\/XZCaTPUHEJ0jwPLo6bkDH3TLul8=\/0x0:1920x1080\/984x0\/smart\/filters:strip_icc()\/i.s3.glbimg.com\/v1\/AUTH_59edd422c0c84a879bd37670ae4f538a\/internal_photos\/bs\/2020\/c\/p\/LtBSjHTjKf49BuAIAOkA\/frame-01-13-15.622.jpg\" alt=\"Corpo de Tom Veiga \u00e9 sepultado em SP \u2014 Foto: Reprodu\u00e7\u00e3o\/TV Globo\"\/><\/figure>\n\n\n\n<p class=\"wp-block-paragraph\">Corpo de Tom Veiga \u00e9 sepultado em SP \u2014 Foto: Reprodu\u00e7\u00e3o\/TV Globo<\/p>\n\n\n\n<figure class=\"wp-block-image\"><img decoding=\"async\" src=\"https:\/\/s2.glbimg.com\/Lzmaa2WCw7TV1RU3aP33vappOS8=\/0x0:1280x720\/984x0\/smart\/filters:strip_icc()\/i.s3.glbimg.com\/v1\/AUTH_59edd422c0c84a879bd37670ae4f538a\/internal_photos\/bs\/2020\/B\/b\/g2rqc5RXemrWXIBotClA\/snapshot.png\" alt=\"Tom Veiga Mem\u00f3ria Globo \u2014 Foto: Mem\u00f3ria Globo\"\/><\/figure>\n\n\n\n<p class=\"wp-block-paragraph\">Tom Veiga Mem\u00f3ria Globo \u2014 Foto: Mem\u00f3ria Globo<\/p>\n\n\n\n<p class=\"wp-block-paragraph\">O laudo do Instituto M\u00e9dico-Legal, ao qual a Globo teve acesso, aponta que o ator e humorista\u00a0teve um Acidente Vascular Cerebral (AVC) hemorr\u00e1gico, provocado por um aneurisma.<\/p>\n\n\n\n<p class=\"wp-block-paragraph\">O exame de necropsia revelou que Veiga j\u00e1 estava acometido por um aneurisma cerebral, que \u00e9 um tipo de incha\u00e7o de vaso sangu\u00edneo cujo rompimento costuma ser fatal.<\/p>\n\n\n\n<p class=\"wp-block-paragraph\">Geralmente, um aneurisma n\u00e3o provoca nenhum tipo de sintoma, o que dificulta diagn\u00f3stico precoce e tratamento eficaz.<\/p>\n\n\n\n<h4 class=\"wp-block-heading\">Homenagem de Ana Maria Braga<\/h4>\n\n\n\n<p class=\"wp-block-paragraph\">Na segunda-feira, a apresentadora\u00a0Ana Maria Braga\u00a0homenageou o amigo em seu programa\u00a0&#8220;Mais Voc\u00ea&#8221;.<\/p>\n\n\n\n<p class=\"wp-block-paragraph\">A parceria entre Ana e Tom Veiga j\u00e1 durava 24 anos.<\/p>\n\n\n\n<blockquote class=\"wp-block-quote is-layout-flow wp-block-quote-is-layout-flow\"><p>&#8220;Eu fiquei pensando como eu ia conseguir chegar aqui e falar bom dia para voc\u00eas, porque d\u00f3i muito. Assim como uma m\u00e3e perde um filho, um companheiro, porque filho da gente \u00e9 um companheiro que voc\u00ea viu nascer e ele era isso&#8221;, disse a apresentadora.<\/p><\/blockquote>\n\n\n\n<figure class=\"wp-block-image\"><img decoding=\"async\" src=\"https:\/\/s03.video.glbimg.com\/x240\/8988654.jpg\" alt=\"Ana Maria Braga se emociona ao homenagear Tom Veiga no programa 'Mais Voc\u00ea'\" title=\"Ana Maria Braga se emociona ao homenagear Tom Veiga no programa 'Mais Voc\u00ea'\"\/><\/figure>\n\n\n\n<p class=\"wp-block-paragraph\">Ana Maria Braga se emociona ao homenagear Tom Veiga no programa &#8216;Mais Voc\u00ea&#8217;<\/p>\n\n\n\n<p class=\"wp-block-paragraph\">O ator Andr\u00e9 Marques, que foi o primeiro a chegar na casa de Veiga no dia da morte, tamb\u00e9m participou do programa.<\/p>\n\n\n\n<p class=\"wp-block-paragraph\">Marques disse que os dois iriam se encontrar, mas o ator n\u00e3o apareceu. &#8220;Ele j\u00e1 estava voando l\u00e1 em cima&#8221;, contou, muito emocionado, sobre o momento em que viu o amigo.<\/p>\n\n\n\n<p class=\"wp-block-paragraph\">G1<\/p>\n","protected":false},"excerpt":{"rendered":"<p>O corpo de\u00a0Tom Veiga, int\u00e9rprete do Louro Jos\u00e9, foi enterrado em um cemit\u00e9rio de S\u00e3o Paulo \u00e0s 15h desta quarta-feira (4). Ele foi velado por cerca de uma hora antes do sepultamento em cerim\u00f4nia reservada a familiares. Na ter\u00e7a (3), amigos e parentes tamb\u00e9m puderam\u00a0se despedir do ator em vel\u00f3rio realizado no condom\u00ednio onde o ator morava, no Rio de Janeiro. Tom Veiga foi\u00a0encontrado morto em sua casa na Barra da Tijuca, na Zona Oeste do Rio, no domingo (1\u00ba). A apresentadora Ana Maria Braga em vel\u00f3rio de Tom Veiga \u2014 Foto: Reprodu\u00e7\u00e3o\/TV Globo Corpo de Tom Veiga \u00e9 sepultado em SP \u2014 Foto: Reprodu\u00e7\u00e3o\/TV Globo Tom Veiga Mem\u00f3ria Globo \u2014 Foto: Mem\u00f3ria Globo O laudo do Instituto M\u00e9dico-Legal, ao qual a Globo teve acesso, aponta que o ator e humorista\u00a0teve um Acidente Vascular Cerebral (AVC) hemorr\u00e1gico, provocado por um aneurisma. O exame de necropsia revelou que Veiga j\u00e1 estava acometido por um aneurisma cerebral, que \u00e9 um tipo de incha\u00e7o de vaso sangu\u00edneo cujo rompimento costuma ser fatal. Geralmente, um aneurisma n\u00e3o provoca nenhum tipo de sintoma, o que dificulta diagn\u00f3stico precoce e tratamento eficaz. Homenagem de Ana Maria Braga Na segunda-feira, a apresentadora\u00a0Ana Maria Braga\u00a0homenageou o amigo em seu programa\u00a0&#8220;Mais Voc\u00ea&#8221;. A parceria entre Ana e Tom Veiga j\u00e1 durava 24 anos. &#8220;Eu fiquei pensando como eu ia conseguir chegar aqui e falar bom dia para voc\u00eas, porque d\u00f3i muito. Assim como uma m\u00e3e perde um filho, um companheiro, porque filho da gente \u00e9 um companheiro que voc\u00ea viu nascer e ele era isso&#8221;, disse a apresentadora. Ana Maria Braga se emociona ao homenagear Tom Veiga no programa &#8216;Mais Voc\u00ea&#8217; O ator Andr\u00e9 Marques, que foi o primeiro a chegar na casa de Veiga no dia da morte, tamb\u00e9m participou do programa. Marques disse que os dois iriam se encontrar, mas o ator n\u00e3o apareceu. &#8220;Ele j\u00e1 estava voando l\u00e1 em cima&#8221;, contou, muito emocionado, sobre o momento em que viu o amigo. G1<\/p>\n","protected":false},"author":6,"featured_media":194533,"comment_status":"closed","ping_status":"closed","sticky":false,"template":"","format":"standard","meta":{"sfsi_plus_gutenberg_text_before_share":"","sfsi_plus_gutenberg_show_text_before_share":"","sfsi_plus_gutenberg_icon_type":"","sfsi_plus_gutenberg_icon_alignemt":"","sfsi_plus_gutenburg_max_per_row":"","footnotes":""},"categories":[50],"tags":[],"class_list":["post-194532","post","type-post","status-publish","format-standard","has-post-thumbnail","hentry","category-destaque"],"_links":{"self":[{"href":"https:\/\/www.caririemacao.com\/1\/wp-json\/wp\/v2\/posts\/194532","targetHints":{"allow":["GET"]}}],"collection":[{"href":"https:\/\/www.caririemacao.com\/1\/wp-json\/wp\/v2\/posts"}],"about":[{"href":"https:\/\/www.caririemacao.com\/1\/wp-json\/wp\/v2\/types\/post"}],"author":[{"embeddable":true,"href":"https:\/\/www.caririemacao.com\/1\/wp-json\/wp\/v2\/users\/6"}],"replies":[{"embeddable":true,"href":"https:\/\/www.caririemacao.com\/1\/wp-json\/wp\/v2\/comments?post=194532"}],"version-history":[{"count":1,"href":"https:\/\/www.caririemacao.com\/1\/wp-json\/wp\/v2\/posts\/194532\/revisions"}],"predecessor-version":[{"id":194534,"href":"https:\/\/www.caririemacao.com\/1\/wp-json\/wp\/v2\/posts\/194532\/revisions\/194534"}],"wp:featuredmedia":[{"embeddable":true,"href":"https:\/\/www.caririemacao.com\/1\/wp-json\/wp\/v2\/media\/194533"}],"wp:attachment":[{"href":"https:\/\/www.caririemacao.com\/1\/wp-json\/wp\/v2\/media?parent=194532"}],"wp:term":[{"taxonomy":"category","embeddable":true,"href":"https:\/\/www.caririemacao.com\/1\/wp-json\/wp\/v2\/categories?post=194532"},{"taxonomy":"post_tag","embeddable":true,"href":"https:\/\/www.caririemacao.com\/1\/wp-json\/wp\/v2\/tags?post=194532"}],"curies":[{"name":"wp","href":"https:\/\/api.w.org\/{rel}","templated":true}]}}