{"id":194696,"date":"2020-11-06T07:46:50","date_gmt":"2020-11-06T10:46:50","guid":{"rendered":"https:\/\/www.caririemacao.com\/1\/?p=194696"},"modified":"2020-11-06T07:46:50","modified_gmt":"2020-11-06T10:46:50","slug":"corregedor-libera-para-julgamento-acao-que-pede-cassacao-de-bolsonaro-e-mourao","status":"publish","type":"post","link":"https:\/\/www.caririemacao.com\/1\/2020\/11\/06\/corregedor-libera-para-julgamento-acao-que-pede-cassacao-de-bolsonaro-e-mourao\/","title":{"rendered":"Corregedor libera para julgamento a\u00e7\u00e3o que pede cassa\u00e7\u00e3o de Bolsonaro e Mour\u00e3o"},"content":{"rendered":"\n<p class=\"wp-block-paragraph\" id=\"viewer-mom4\">O corregedor-geral da Justi\u00e7a Eleitoral, ministro Luis Felipe Salom\u00e3o, liberou para julgamento a\u00e7\u00e3o que pede a cassa\u00e7\u00e3o da chapa de Jair Bolsonaro e Hamilton Mour\u00e3o nas elei\u00e7\u00f5es de 2018. O caso est\u00e1 relacionado a supostas irregularidades na contrata\u00e7\u00e3o do servi\u00e7o de disparos em massa de mensagens via WhatsApp durante a campanha presidencial. Agora, caber\u00e1 ao presidente do Tribunal Superior Eleitoral (TSE), Luis Roberto Barroso, definir uma data para a an\u00e1lise do processo.<\/p>\n\n\n\n<p class=\"wp-block-paragraph\" id=\"viewer-bkphq\">Em sua primeira entrevista ap\u00f3s assumir a Corregedoria-Geral da Justi\u00e7a Eleitoral, o ministro Luis Felipe Salom\u00e3o disse ao <em>Estad\u00e3o<\/em> que \u00e9 preciso prestar contas \u00e0 sociedade e julgar &#8220;o quanto antes&#8221; as a\u00e7\u00f5es que investigam a campanha de Jair Bolsonaro \u00e0 Presid\u00eancia em 2018.<\/p>\n\n\n\n<p class=\"wp-block-paragraph\" id=\"viewer-f4f7s\">Ao todo, Bolsonaro e Mour\u00e3o s\u00e3o alvo de quatro a\u00e7\u00f5es, apresentadas por advers\u00e1rios na disputa, que tratam sobre o uso das mensagens em massa na campanha. Os quatro processos corriam conjuntamente, mas Salom\u00e3o considerou mais adequado dar andamento \u00e0s duas apresentadas pela coliga\u00e7\u00e3o de Ciro Gomes (PDT). A justificativa \u00e9 de que outras duas a\u00e7\u00f5es, protocoladas pela coliga\u00e7\u00e3o de Fernando Haddad (PT), aguardam defini\u00e7\u00e3o sobre compartilhamento de dados de inqu\u00e9rito que corre no Supremo Tribunal Federal (STF).<\/p>\n\n\n\n<p class=\"wp-block-paragraph\" id=\"viewer-8trqh\">Como mostrou o <em>Estad\u00e3o<\/em>, o controverso inqu\u00e9rito que apura amea\u00e7as, ofensas e fake news contra ministros do Supremo pode &#8220;turbinar&#8221; estas a\u00e7\u00f5es. A avalia\u00e7\u00e3o entre ministros do tribunal \u00e9 a de que, caso seja autorizado, um compartilhamento das provas do STF com a Justi\u00e7a Eleitoral deve dar um novo f\u00f4lego \u00e0s investiga\u00e7\u00f5es. Em outra decis\u00e3o de nessa quarta-feira, 5, Salom\u00e3o rejeitou pedido da coliga\u00e7\u00e3o de Ciro para coleta de novas provas.<\/p>\n\n\n\n<p class=\"wp-block-paragraph\" id=\"viewer-1v6bd\">Terra<\/p>\n","protected":false},"excerpt":{"rendered":"<p>O corregedor-geral da Justi\u00e7a Eleitoral, ministro Luis Felipe Salom\u00e3o, liberou para julgamento a\u00e7\u00e3o que pede a cassa\u00e7\u00e3o da chapa de Jair Bolsonaro e Hamilton Mour\u00e3o nas elei\u00e7\u00f5es de 2018. O caso est\u00e1 relacionado a supostas irregularidades na contrata\u00e7\u00e3o do servi\u00e7o de disparos em massa de mensagens via WhatsApp durante a campanha presidencial. Agora, caber\u00e1 ao presidente do Tribunal Superior Eleitoral (TSE), Luis Roberto Barroso, definir uma data para a an\u00e1lise do processo. Em sua primeira entrevista ap\u00f3s assumir a Corregedoria-Geral da Justi\u00e7a Eleitoral, o ministro Luis Felipe Salom\u00e3o disse ao Estad\u00e3o que \u00e9 preciso prestar contas \u00e0 sociedade e julgar &#8220;o quanto antes&#8221; as a\u00e7\u00f5es que investigam a campanha de Jair Bolsonaro \u00e0 Presid\u00eancia em 2018. Ao todo, Bolsonaro e Mour\u00e3o s\u00e3o alvo de quatro a\u00e7\u00f5es, apresentadas por advers\u00e1rios na disputa, que tratam sobre o uso das mensagens em massa na campanha. Os quatro processos corriam conjuntamente, mas Salom\u00e3o considerou mais adequado dar andamento \u00e0s duas apresentadas pela coliga\u00e7\u00e3o de Ciro Gomes (PDT). A justificativa \u00e9 de que outras duas a\u00e7\u00f5es, protocoladas pela coliga\u00e7\u00e3o de Fernando Haddad (PT), aguardam defini\u00e7\u00e3o sobre compartilhamento de dados de inqu\u00e9rito que corre no Supremo Tribunal Federal (STF). Como mostrou o Estad\u00e3o, o controverso inqu\u00e9rito que apura amea\u00e7as, ofensas e fake news contra ministros do Supremo pode &#8220;turbinar&#8221; estas a\u00e7\u00f5es. A avalia\u00e7\u00e3o entre ministros do tribunal \u00e9 a de que, caso seja autorizado, um compartilhamento das provas do STF com a Justi\u00e7a Eleitoral deve dar um novo f\u00f4lego \u00e0s investiga\u00e7\u00f5es. Em outra decis\u00e3o de nessa quarta-feira, 5, Salom\u00e3o rejeitou pedido da coliga\u00e7\u00e3o de Ciro para coleta de novas provas. Terra<\/p>\n","protected":false},"author":6,"featured_media":185013,"comment_status":"closed","ping_status":"closed","sticky":false,"template":"","format":"standard","meta":{"sfsi_plus_gutenberg_text_before_share":"","sfsi_plus_gutenberg_show_text_before_share":"","sfsi_plus_gutenberg_icon_type":"","sfsi_plus_gutenberg_icon_alignemt":"","sfsi_plus_gutenburg_max_per_row":"","footnotes":""},"categories":[50,11,98],"tags":[],"class_list":["post-194696","post","type-post","status-publish","format-standard","has-post-thumbnail","hentry","category-destaque","category-politica","category-presidente"],"_links":{"self":[{"href":"https:\/\/www.caririemacao.com\/1\/wp-json\/wp\/v2\/posts\/194696","targetHints":{"allow":["GET"]}}],"collection":[{"href":"https:\/\/www.caririemacao.com\/1\/wp-json\/wp\/v2\/posts"}],"about":[{"href":"https:\/\/www.caririemacao.com\/1\/wp-json\/wp\/v2\/types\/post"}],"author":[{"embeddable":true,"href":"https:\/\/www.caririemacao.com\/1\/wp-json\/wp\/v2\/users\/6"}],"replies":[{"embeddable":true,"href":"https:\/\/www.caririemacao.com\/1\/wp-json\/wp\/v2\/comments?post=194696"}],"version-history":[{"count":1,"href":"https:\/\/www.caririemacao.com\/1\/wp-json\/wp\/v2\/posts\/194696\/revisions"}],"predecessor-version":[{"id":194697,"href":"https:\/\/www.caririemacao.com\/1\/wp-json\/wp\/v2\/posts\/194696\/revisions\/194697"}],"wp:featuredmedia":[{"embeddable":true,"href":"https:\/\/www.caririemacao.com\/1\/wp-json\/wp\/v2\/media\/185013"}],"wp:attachment":[{"href":"https:\/\/www.caririemacao.com\/1\/wp-json\/wp\/v2\/media?parent=194696"}],"wp:term":[{"taxonomy":"category","embeddable":true,"href":"https:\/\/www.caririemacao.com\/1\/wp-json\/wp\/v2\/categories?post=194696"},{"taxonomy":"post_tag","embeddable":true,"href":"https:\/\/www.caririemacao.com\/1\/wp-json\/wp\/v2\/tags?post=194696"}],"curies":[{"name":"wp","href":"https:\/\/api.w.org\/{rel}","templated":true}]}}