{"id":194752,"date":"2020-11-06T11:44:20","date_gmt":"2020-11-06T14:44:20","guid":{"rendered":"https:\/\/www.caririemacao.com\/1\/?p=194752"},"modified":"2020-11-06T11:44:20","modified_gmt":"2020-11-06T14:44:20","slug":"68-das-escolas-vao-aumentar-o-valor-da-mensalidade-em-2021","status":"publish","type":"post","link":"https:\/\/www.caririemacao.com\/1\/2020\/11\/06\/68-das-escolas-vao-aumentar-o-valor-da-mensalidade-em-2021\/","title":{"rendered":"68% das escolas v\u00e3o aumentar o valor da mensalidade em 2021"},"content":{"rendered":"\n<p class=\"wp-block-paragraph\">Roberto Piffer \u00e9 pai de Benjamin, 9 anos, e Stella, 5 anos. Com a pandemia, veio o isolamento e o ensino remoto. \u201cOs dois estudavam em escola particular, mas percebemos que n\u00e3o estava valendo a pena manter a Stella na escola\u201d, diz.<\/p>\n\n\n\n<p class=\"wp-block-paragraph\">\u201cPara as crian\u00e7as pequenas, as aulas online n\u00e3o funcionam e minha filha n\u00e3o prestava aten\u00e7\u00e3o, sem contar que n\u00e3o pod\u00edamos ficar ao lado dela todo o tempo\u201d, explica. Resultado, Stella est\u00e1 matriculada na rede p\u00fablica.<\/p>\n\n\n\n<p class=\"wp-block-paragraph\">\u201cN\u00e3o valia a pena mant\u00ea-la em uma escola particular pagando mensalidade e para a minha surpresa, a escola p\u00fablica nos atendeu muito bem, com uma s\u00e9rie de atividades pelo whatsapp, que ela faz no tempo dela\u201d.<\/p>\n\n\n\n<p class=\"wp-block-paragraph\">Laryssa Ascimo se viu numa situa\u00e7\u00e3o muito parecida. \u201cA mensalidade da escola estava muito alta, mesmo dividindo o valor com o pai dela, estava pesando no or\u00e7amento e optamos pela rede p\u00fablica.\u201d<\/p>\n\n\n\n<p class=\"wp-block-paragraph\">Tanto Roberto como Laryssa pretendem rematricular os filhos no pr\u00f3ximo ano, quando as aulas presenciais voltarem. \u201cVamos avaliar, o aviso de reajuste da mensalidade da escola do Benjamin j\u00e1 chegou, ele deve continuar.\u201d<\/p>\n\n\n\n<p class=\"wp-block-paragraph\">Mesmo com um n\u00famero alto de fam\u00edlias que optaram pela rede p\u00fablica neste per\u00edodo de pandemia, principalmente na educa\u00e7\u00e3o infantil, uma pesquisa da\u00a0Meira Fernandes Consultoria aponta que\u00a068% das institui\u00e7\u00f5es de ensino pretendem aumentar o valor da mensalidade\u00a0em 2021.Para\u00a0Mabely Meira Fernandes, advogada e diretora da consultoria, a justificativa para o aumento est\u00e1 no investimento feito pelas escolas. \u201cTodas as institui\u00e7\u00f5es de ensino devem, por lei, apresentar uma planilha de custos e o or\u00e7amento de 2019 n\u00e3o previa os investimentos altos que foram feitos em tecnologia e tamb\u00e9m nas adapta\u00e7\u00f5es sanit\u00e1rias exigidas pela pandemia\u201d, explica.<\/p>\n\n\n\n<p class=\"wp-block-paragraph\">Segundo a pesquisa, 35% das institui\u00e7\u00f5es de ensino far\u00e3o o reajuste da mensalidade entre 5% e 6%. Outras 26% devem repassar um aumento de 3% a 4% no ensino fundamental.<\/p>\n\n\n\n<p class=\"wp-block-paragraph\">Apesar do cen\u00e1rio n\u00e3o ter sido dos melhores neste ano, principalmente nas escolas de educa\u00e7\u00e3o infantil. A expectativa, segundo aponta a pesquisa, \u00e9 que 25% das institui\u00e7\u00f5es de ensino acreditam na recupera\u00e7\u00e3o de 5% a 10% das matr\u00edculas em 2021.<\/p>\n\n\n\n<p class=\"wp-block-paragraph\">\u201cAs escolas de educa\u00e7\u00e3o infantil, principalmente as de pequeno porte, sofreram muito com a evas\u00e3o, mas o mercado est\u00e1 otimista para o pr\u00f3ximo ano, as grandes escolas v\u00e3o conseguir recepcionar os alunos\u201d, conclui.<\/p>\n\n\n\n<p class=\"wp-block-paragraph\">Times brasilia <\/p>\n","protected":false},"excerpt":{"rendered":"<p>Roberto Piffer \u00e9 pai de Benjamin, 9 anos, e Stella, 5 anos. Com a pandemia, veio o isolamento e o ensino remoto. \u201cOs dois estudavam em escola particular, mas percebemos que n\u00e3o estava valendo a pena manter a Stella na escola\u201d, diz. \u201cPara as crian\u00e7as pequenas, as aulas online n\u00e3o funcionam e minha filha n\u00e3o prestava aten\u00e7\u00e3o, sem contar que n\u00e3o pod\u00edamos ficar ao lado dela todo o tempo\u201d, explica. Resultado, Stella est\u00e1 matriculada na rede p\u00fablica. \u201cN\u00e3o valia a pena mant\u00ea-la em uma escola particular pagando mensalidade e para a minha surpresa, a escola p\u00fablica nos atendeu muito bem, com uma s\u00e9rie de atividades pelo whatsapp, que ela faz no tempo dela\u201d. Laryssa Ascimo se viu numa situa\u00e7\u00e3o muito parecida. \u201cA mensalidade da escola estava muito alta, mesmo dividindo o valor com o pai dela, estava pesando no or\u00e7amento e optamos pela rede p\u00fablica.\u201d Tanto Roberto como Laryssa pretendem rematricular os filhos no pr\u00f3ximo ano, quando as aulas presenciais voltarem. \u201cVamos avaliar, o aviso de reajuste da mensalidade da escola do Benjamin j\u00e1 chegou, ele deve continuar.\u201d Mesmo com um n\u00famero alto de fam\u00edlias que optaram pela rede p\u00fablica neste per\u00edodo de pandemia, principalmente na educa\u00e7\u00e3o infantil, uma pesquisa da\u00a0Meira Fernandes Consultoria aponta que\u00a068% das institui\u00e7\u00f5es de ensino pretendem aumentar o valor da mensalidade\u00a0em 2021.Para\u00a0Mabely Meira Fernandes, advogada e diretora da consultoria, a justificativa para o aumento est\u00e1 no investimento feito pelas escolas. \u201cTodas as institui\u00e7\u00f5es de ensino devem, por lei, apresentar uma planilha de custos e o or\u00e7amento de 2019 n\u00e3o previa os investimentos altos que foram feitos em tecnologia e tamb\u00e9m nas adapta\u00e7\u00f5es sanit\u00e1rias exigidas pela pandemia\u201d, explica. Segundo a pesquisa, 35% das institui\u00e7\u00f5es de ensino far\u00e3o o reajuste da mensalidade entre 5% e 6%. Outras 26% devem repassar um aumento de 3% a 4% no ensino fundamental. Apesar do cen\u00e1rio n\u00e3o ter sido dos melhores neste ano, principalmente nas escolas de educa\u00e7\u00e3o infantil. A expectativa, segundo aponta a pesquisa, \u00e9 que 25% das institui\u00e7\u00f5es de ensino acreditam na recupera\u00e7\u00e3o de 5% a 10% das matr\u00edculas em 2021. \u201cAs escolas de educa\u00e7\u00e3o infantil, principalmente as de pequeno porte, sofreram muito com a evas\u00e3o, mas o mercado est\u00e1 otimista para o pr\u00f3ximo ano, as grandes escolas v\u00e3o conseguir recepcionar os alunos\u201d, conclui. Times brasilia<\/p>\n","protected":false},"author":6,"featured_media":194753,"comment_status":"closed","ping_status":"closed","sticky":false,"template":"","format":"standard","meta":{"sfsi_plus_gutenberg_text_before_share":"","sfsi_plus_gutenberg_show_text_before_share":"","sfsi_plus_gutenberg_icon_type":"","sfsi_plus_gutenberg_icon_alignemt":"","sfsi_plus_gutenburg_max_per_row":"","footnotes":""},"categories":[50,107],"tags":[],"class_list":["post-194752","post","type-post","status-publish","format-standard","has-post-thumbnail","hentry","category-destaque","category-economia"],"_links":{"self":[{"href":"https:\/\/www.caririemacao.com\/1\/wp-json\/wp\/v2\/posts\/194752","targetHints":{"allow":["GET"]}}],"collection":[{"href":"https:\/\/www.caririemacao.com\/1\/wp-json\/wp\/v2\/posts"}],"about":[{"href":"https:\/\/www.caririemacao.com\/1\/wp-json\/wp\/v2\/types\/post"}],"author":[{"embeddable":true,"href":"https:\/\/www.caririemacao.com\/1\/wp-json\/wp\/v2\/users\/6"}],"replies":[{"embeddable":true,"href":"https:\/\/www.caririemacao.com\/1\/wp-json\/wp\/v2\/comments?post=194752"}],"version-history":[{"count":1,"href":"https:\/\/www.caririemacao.com\/1\/wp-json\/wp\/v2\/posts\/194752\/revisions"}],"predecessor-version":[{"id":194754,"href":"https:\/\/www.caririemacao.com\/1\/wp-json\/wp\/v2\/posts\/194752\/revisions\/194754"}],"wp:featuredmedia":[{"embeddable":true,"href":"https:\/\/www.caririemacao.com\/1\/wp-json\/wp\/v2\/media\/194753"}],"wp:attachment":[{"href":"https:\/\/www.caririemacao.com\/1\/wp-json\/wp\/v2\/media?parent=194752"}],"wp:term":[{"taxonomy":"category","embeddable":true,"href":"https:\/\/www.caririemacao.com\/1\/wp-json\/wp\/v2\/categories?post=194752"},{"taxonomy":"post_tag","embeddable":true,"href":"https:\/\/www.caririemacao.com\/1\/wp-json\/wp\/v2\/tags?post=194752"}],"curies":[{"name":"wp","href":"https:\/\/api.w.org\/{rel}","templated":true}]}}