{"id":194794,"date":"2020-11-06T16:17:43","date_gmt":"2020-11-06T19:17:43","guid":{"rendered":"https:\/\/www.caririemacao.com\/1\/?p=194794"},"modified":"2020-11-06T16:17:43","modified_gmt":"2020-11-06T19:17:43","slug":"trump-nao-e-a-pessoa-mais-importante-do-mundo-diz-bolsonaro","status":"publish","type":"post","link":"https:\/\/www.caririemacao.com\/1\/2020\/11\/06\/trump-nao-e-a-pessoa-mais-importante-do-mundo-diz-bolsonaro\/","title":{"rendered":"&#8216;Trump n\u00e3o \u00e9 a pessoa mais importante do mundo&#8217;, diz Bolsonaro"},"content":{"rendered":"\n<p class=\"wp-block-paragraph\">S\u00c3O PAULO \u2014 O presidente Jair Bolsonaro afirmou na manh\u00e3 desta sexta-feira que o presidente americano, Donald Trump, &#8220;n\u00e3o \u00e9 a pessoa mais importante do mundo&#8221;, segundo o G1. Naquele momento, o advers\u00e1rio de Trump na elei\u00e7\u00e3o presidencial, Joe Biden, liderava os votos em dois estados-chave e ficava mais perto de se eleger presidente dos Estados Unidos.<\/p>\n\n\n\n<p class=\"wp-block-paragraph\">Bolsonaro esteve na manh\u00e3 desta sexta em visita a Florian\u00f3polis (SC) para acompanhar a formatura de 650 agentes da Pol\u00edcia Rodovi\u00e1ria Federal (PRF).<\/p>\n\n\n\n<p class=\"wp-block-paragraph\">Ele esteva acompanhado pelos ministros Tarc\u00edsio de Freitas (Infraestrutura) e Andr\u00e9 Mendon\u00e7a (Justi\u00e7a e Seguran\u00e7a P\u00fablica) e foi recepcionado no aeroporto Herc\u00edlio Luz pela governadora interina de Santa Catarina, Daniela Reinehr (sem partido).<\/p>\n\n\n\n<p class=\"wp-block-paragraph\">\u2014 Eu n\u00e3o sou a pessoa mais importante do Brasil, assim como Trump n\u00e3o \u00e9 a pessoa mais importante do mundo, como ele mesmo diz. A pessoa mais importante \u00e9 Deus, a humildade tem que se fazer presente entre n\u00f3s \u2014 declarou Jair Bolsonaro.<\/p>\n\n\n\n<p class=\"wp-block-paragraph\">No per\u00edodo da tarde, o presidente vai ao Paran\u00e1 para participar da inaugura\u00e7\u00e3o de uma central hidrel\u00e9trica na cidade de Renascen\u00e7a.<\/p>\n\n\n\n<p class=\"wp-block-paragraph\"><strong>Elei\u00e7\u00e3o americana<\/strong><\/p>\n\n\n\n<p class=\"wp-block-paragraph\">Joe Biden tinha, at\u00e9 o in\u00edcio da tarde desta sexta, 253 delegados garantidos no Col\u00e9gio Eleitoral. Donald Trump, por sua vez, possu\u00eda 214. S\u00e3o precisos 270 para ser eleito presidente. O candidato democrata assumiu nesta manh\u00e3 a lideran\u00e7a na Pensilv\u00e2nia e na Ge\u00f3rgia, consolidando seu favoritismo para assumir a Presid\u00eancia.<\/p>\n\n\n\n<p class=\"wp-block-paragraph\">Caso a vit\u00f3ria de Biden se confirme na Pensilv\u00e2nia, onde a apura\u00e7\u00e3o continua e os votos ainda n\u00e3o apurados s\u00e3o maci\u00e7amente favor\u00e1veis ao Partido Democrata, ele n\u00e3o precisar\u00e1 de nenhum outro estado para sair vitorioso do pleito.<\/p>\n\n\n\n<p class=\"wp-block-paragraph\">Na torcida pela reelei\u00e7\u00e3o de Trump, Jair Bolsonaro afirmou na noite da quarta-feira que &#8220;a esperan\u00e7a \u00e9 a \u00faltima que morre&#8221; ao comentar a apura\u00e7\u00e3o das elei\u00e7\u00f5es americanas.<\/p>\n\n\n\n<p class=\"wp-block-paragraph\">No dia anterior, ele publicou em suas redes sociais um texto falando na possibilidade de uma &#8220;interfer\u00eancia externa&#8221; no Brasil, sem deixar claro a quem estava se referindo. Seu filho, o deputado Eduardo Bolsonaro, questionou a legitimidade da apura\u00e7\u00e3o de votos nos EUA, sem qualquer prova ou evid\u00eancia, na mesma linha que Donald Trump vem adotando.<\/p>\n\n\n\n<p class=\"wp-block-paragraph\">Click PB<\/p>\n","protected":false},"excerpt":{"rendered":"<p>S\u00c3O PAULO \u2014 O presidente Jair Bolsonaro afirmou na manh\u00e3 desta sexta-feira que o presidente americano, Donald Trump, &#8220;n\u00e3o \u00e9 a pessoa mais importante do mundo&#8221;, segundo o G1. Naquele momento, o advers\u00e1rio de Trump na elei\u00e7\u00e3o presidencial, Joe Biden, liderava os votos em dois estados-chave e ficava mais perto de se eleger presidente dos Estados Unidos. Bolsonaro esteve na manh\u00e3 desta sexta em visita a Florian\u00f3polis (SC) para acompanhar a formatura de 650 agentes da Pol\u00edcia Rodovi\u00e1ria Federal (PRF). Ele esteva acompanhado pelos ministros Tarc\u00edsio de Freitas (Infraestrutura) e Andr\u00e9 Mendon\u00e7a (Justi\u00e7a e Seguran\u00e7a P\u00fablica) e foi recepcionado no aeroporto Herc\u00edlio Luz pela governadora interina de Santa Catarina, Daniela Reinehr (sem partido). \u2014 Eu n\u00e3o sou a pessoa mais importante do Brasil, assim como Trump n\u00e3o \u00e9 a pessoa mais importante do mundo, como ele mesmo diz. A pessoa mais importante \u00e9 Deus, a humildade tem que se fazer presente entre n\u00f3s \u2014 declarou Jair Bolsonaro. No per\u00edodo da tarde, o presidente vai ao Paran\u00e1 para participar da inaugura\u00e7\u00e3o de uma central hidrel\u00e9trica na cidade de Renascen\u00e7a. Elei\u00e7\u00e3o americana Joe Biden tinha, at\u00e9 o in\u00edcio da tarde desta sexta, 253 delegados garantidos no Col\u00e9gio Eleitoral. Donald Trump, por sua vez, possu\u00eda 214. S\u00e3o precisos 270 para ser eleito presidente. O candidato democrata assumiu nesta manh\u00e3 a lideran\u00e7a na Pensilv\u00e2nia e na Ge\u00f3rgia, consolidando seu favoritismo para assumir a Presid\u00eancia. Caso a vit\u00f3ria de Biden se confirme na Pensilv\u00e2nia, onde a apura\u00e7\u00e3o continua e os votos ainda n\u00e3o apurados s\u00e3o maci\u00e7amente favor\u00e1veis ao Partido Democrata, ele n\u00e3o precisar\u00e1 de nenhum outro estado para sair vitorioso do pleito. Na torcida pela reelei\u00e7\u00e3o de Trump, Jair Bolsonaro afirmou na noite da quarta-feira que &#8220;a esperan\u00e7a \u00e9 a \u00faltima que morre&#8221; ao comentar a apura\u00e7\u00e3o das elei\u00e7\u00f5es americanas. No dia anterior, ele publicou em suas redes sociais um texto falando na possibilidade de uma &#8220;interfer\u00eancia externa&#8221; no Brasil, sem deixar claro a quem estava se referindo. Seu filho, o deputado Eduardo Bolsonaro, questionou a legitimidade da apura\u00e7\u00e3o de votos nos EUA, sem qualquer prova ou evid\u00eancia, na mesma linha que Donald Trump vem adotando. Click PB<\/p>\n","protected":false},"author":6,"featured_media":194795,"comment_status":"closed","ping_status":"closed","sticky":false,"template":"","format":"standard","meta":{"sfsi_plus_gutenberg_text_before_share":"","sfsi_plus_gutenberg_show_text_before_share":"","sfsi_plus_gutenberg_icon_type":"","sfsi_plus_gutenberg_icon_alignemt":"","sfsi_plus_gutenburg_max_per_row":"","footnotes":""},"categories":[50,98],"tags":[],"class_list":["post-194794","post","type-post","status-publish","format-standard","has-post-thumbnail","hentry","category-destaque","category-presidente"],"_links":{"self":[{"href":"https:\/\/www.caririemacao.com\/1\/wp-json\/wp\/v2\/posts\/194794","targetHints":{"allow":["GET"]}}],"collection":[{"href":"https:\/\/www.caririemacao.com\/1\/wp-json\/wp\/v2\/posts"}],"about":[{"href":"https:\/\/www.caririemacao.com\/1\/wp-json\/wp\/v2\/types\/post"}],"author":[{"embeddable":true,"href":"https:\/\/www.caririemacao.com\/1\/wp-json\/wp\/v2\/users\/6"}],"replies":[{"embeddable":true,"href":"https:\/\/www.caririemacao.com\/1\/wp-json\/wp\/v2\/comments?post=194794"}],"version-history":[{"count":1,"href":"https:\/\/www.caririemacao.com\/1\/wp-json\/wp\/v2\/posts\/194794\/revisions"}],"predecessor-version":[{"id":194796,"href":"https:\/\/www.caririemacao.com\/1\/wp-json\/wp\/v2\/posts\/194794\/revisions\/194796"}],"wp:featuredmedia":[{"embeddable":true,"href":"https:\/\/www.caririemacao.com\/1\/wp-json\/wp\/v2\/media\/194795"}],"wp:attachment":[{"href":"https:\/\/www.caririemacao.com\/1\/wp-json\/wp\/v2\/media?parent=194794"}],"wp:term":[{"taxonomy":"category","embeddable":true,"href":"https:\/\/www.caririemacao.com\/1\/wp-json\/wp\/v2\/categories?post=194794"},{"taxonomy":"post_tag","embeddable":true,"href":"https:\/\/www.caririemacao.com\/1\/wp-json\/wp\/v2\/tags?post=194794"}],"curies":[{"name":"wp","href":"https:\/\/api.w.org\/{rel}","templated":true}]}}