{"id":195077,"date":"2020-11-10T14:42:41","date_gmt":"2020-11-10T17:42:41","guid":{"rendered":"https:\/\/www.caririemacao.com\/1\/?p=195077"},"modified":"2020-11-10T14:42:41","modified_gmt":"2020-11-10T17:42:41","slug":"governo-libera-r-216-milhoes-ao-amapa-para-aluguel-de-geradores-e-compra-de-combustivel","status":"publish","type":"post","link":"https:\/\/www.caririemacao.com\/1\/2020\/11\/10\/governo-libera-r-216-milhoes-ao-amapa-para-aluguel-de-geradores-e-compra-de-combustivel\/","title":{"rendered":"Governo libera R$ 21,6 milh\u00f5es ao Amap\u00e1 para aluguel de geradores e compra de combust\u00edvel"},"content":{"rendered":"\n<p class=\"wp-block-paragraph\">O Minist\u00e9rio do Desenvolvimento Regional liberou nesta ter\u00e7a-feira (10) R$ 21,6 milh\u00f5es para o estado do Amap\u00e1, que\u00a0h\u00e1 uma semana enfrenta problemas no fornecimento de energia\u00a0devido a inc\u00eandio em uma subesta\u00e7\u00e3o.<\/p>\n\n\n\n<p class=\"wp-block-paragraph\">A libera\u00e7\u00e3o dos recursos est\u00e1 em duas portarias publicadas em edi\u00e7\u00e3o extra do &#8216;Di\u00e1rio Oficial da Uni\u00e3o.&#8217;<\/p>\n\n\n\n<p class=\"wp-block-paragraph\">De acordo com o minist\u00e9rio, o dinheiro deve ser aplicado no aluguel de geradores de energia e na compra de combust\u00edvel que ser\u00e1 usado na opera\u00e7\u00e3o desses equipamentos.<\/p>\n\n\n\n<figure class=\"wp-block-image\"><img decoding=\"async\" src=\"https:\/\/s03.video.glbimg.com\/x240\/9010730.jpg\" alt=\"Apag\u00e3o que atingiu cerca de 90% da popula\u00e7\u00e3o do Amap\u00e1 completa uma semana\" title=\"Apag\u00e3o que atingiu cerca de 90% da popula\u00e7\u00e3o do Amap\u00e1 completa uma semana\"\/><\/figure>\n\n\n\n<p class=\"wp-block-paragraph\">Apag\u00e3o que atingiu cerca de 90% da popula\u00e7\u00e3o do Amap\u00e1 completa uma semana<\/p>\n\n\n\n<p class=\"wp-block-paragraph\">Como\u00a0a subesta\u00e7\u00e3o est\u00e1 fora de opera\u00e7\u00e3o, a energia que chega ao estado por meio das redes de transmiss\u00e3o n\u00e3o pode ser distribu\u00edda para os consumidores (casas, com\u00e9rcio, ind\u00fastria).<\/p>\n\n\n\n<p class=\"wp-block-paragraph\">Desde domingo (8), uma parte do fornecimento foi restabelecida,\u00a0mas em um sistema de rod\u00edzio. A energia voltou para 89% do estado, mas a popula\u00e7\u00e3o s\u00f3 pode contar com ela por algumas horas por dia.<\/p>\n\n\n\n<p class=\"wp-block-paragraph\">Os geradores, portanto, v\u00e3o permitir que mais energia seja gerada e distribu\u00edda \u00e0 popula\u00e7\u00e3o.<\/p>\n\n\n\n<p class=\"wp-block-paragraph\">O governo n\u00e3o informou, por\u00e9m, se o dinheiro ser\u00e1 suficiente para normalizar o atendimento no\u00a0Amap\u00e1\u00a0at\u00e9 o pr\u00f3ximo final de semana, que \u00e9 quando o\u00a0Minist\u00e9rio de Minas e Energia estima que o problema no estado ser\u00e1 resolvido.<\/p>\n\n\n\n<p class=\"wp-block-paragraph\">Ainda de acordo como o Minist\u00e9rio do Desenvolvimento Regional, uma parte dos recursos liberados nesta ter\u00e7a tamb\u00e9m poder\u00e1 ser usada pelo governo do Amap\u00e1 na compra de combust\u00edvel para aeronaves e viaturas e para aluguel de ve\u00edculos que seriam usados em &#8220;opera\u00e7\u00e3o de emerg\u00eancia.&#8221;<\/p>\n\n\n\n<p class=\"wp-block-paragraph\">Click PB<\/p>\n","protected":false},"excerpt":{"rendered":"<p>O Minist\u00e9rio do Desenvolvimento Regional liberou nesta ter\u00e7a-feira (10) R$ 21,6 milh\u00f5es para o estado do Amap\u00e1, que\u00a0h\u00e1 uma semana enfrenta problemas no fornecimento de energia\u00a0devido a inc\u00eandio em uma subesta\u00e7\u00e3o. A libera\u00e7\u00e3o dos recursos est\u00e1 em duas portarias publicadas em edi\u00e7\u00e3o extra do &#8216;Di\u00e1rio Oficial da Uni\u00e3o.&#8217; De acordo com o minist\u00e9rio, o dinheiro deve ser aplicado no aluguel de geradores de energia e na compra de combust\u00edvel que ser\u00e1 usado na opera\u00e7\u00e3o desses equipamentos. Apag\u00e3o que atingiu cerca de 90% da popula\u00e7\u00e3o do Amap\u00e1 completa uma semana Como\u00a0a subesta\u00e7\u00e3o est\u00e1 fora de opera\u00e7\u00e3o, a energia que chega ao estado por meio das redes de transmiss\u00e3o n\u00e3o pode ser distribu\u00edda para os consumidores (casas, com\u00e9rcio, ind\u00fastria). Desde domingo (8), uma parte do fornecimento foi restabelecida,\u00a0mas em um sistema de rod\u00edzio. A energia voltou para 89% do estado, mas a popula\u00e7\u00e3o s\u00f3 pode contar com ela por algumas horas por dia. Os geradores, portanto, v\u00e3o permitir que mais energia seja gerada e distribu\u00edda \u00e0 popula\u00e7\u00e3o. O governo n\u00e3o informou, por\u00e9m, se o dinheiro ser\u00e1 suficiente para normalizar o atendimento no\u00a0Amap\u00e1\u00a0at\u00e9 o pr\u00f3ximo final de semana, que \u00e9 quando o\u00a0Minist\u00e9rio de Minas e Energia estima que o problema no estado ser\u00e1 resolvido. Ainda de acordo como o Minist\u00e9rio do Desenvolvimento Regional, uma parte dos recursos liberados nesta ter\u00e7a tamb\u00e9m poder\u00e1 ser usada pelo governo do Amap\u00e1 na compra de combust\u00edvel para aeronaves e viaturas e para aluguel de ve\u00edculos que seriam usados em &#8220;opera\u00e7\u00e3o de emerg\u00eancia.&#8221; Click PB<\/p>\n","protected":false},"author":6,"featured_media":195078,"comment_status":"closed","ping_status":"closed","sticky":false,"template":"","format":"standard","meta":{"sfsi_plus_gutenberg_text_before_share":"","sfsi_plus_gutenberg_show_text_before_share":"","sfsi_plus_gutenberg_icon_type":"","sfsi_plus_gutenberg_icon_alignemt":"","sfsi_plus_gutenburg_max_per_row":"","footnotes":""},"categories":[50],"tags":[],"class_list":["post-195077","post","type-post","status-publish","format-standard","has-post-thumbnail","hentry","category-destaque"],"_links":{"self":[{"href":"https:\/\/www.caririemacao.com\/1\/wp-json\/wp\/v2\/posts\/195077","targetHints":{"allow":["GET"]}}],"collection":[{"href":"https:\/\/www.caririemacao.com\/1\/wp-json\/wp\/v2\/posts"}],"about":[{"href":"https:\/\/www.caririemacao.com\/1\/wp-json\/wp\/v2\/types\/post"}],"author":[{"embeddable":true,"href":"https:\/\/www.caririemacao.com\/1\/wp-json\/wp\/v2\/users\/6"}],"replies":[{"embeddable":true,"href":"https:\/\/www.caririemacao.com\/1\/wp-json\/wp\/v2\/comments?post=195077"}],"version-history":[{"count":1,"href":"https:\/\/www.caririemacao.com\/1\/wp-json\/wp\/v2\/posts\/195077\/revisions"}],"predecessor-version":[{"id":195079,"href":"https:\/\/www.caririemacao.com\/1\/wp-json\/wp\/v2\/posts\/195077\/revisions\/195079"}],"wp:featuredmedia":[{"embeddable":true,"href":"https:\/\/www.caririemacao.com\/1\/wp-json\/wp\/v2\/media\/195078"}],"wp:attachment":[{"href":"https:\/\/www.caririemacao.com\/1\/wp-json\/wp\/v2\/media?parent=195077"}],"wp:term":[{"taxonomy":"category","embeddable":true,"href":"https:\/\/www.caririemacao.com\/1\/wp-json\/wp\/v2\/categories?post=195077"},{"taxonomy":"post_tag","embeddable":true,"href":"https:\/\/www.caririemacao.com\/1\/wp-json\/wp\/v2\/tags?post=195077"}],"curies":[{"name":"wp","href":"https:\/\/api.w.org\/{rel}","templated":true}]}}