{"id":195159,"date":"2020-11-11T11:41:56","date_gmt":"2020-11-11T14:41:56","guid":{"rendered":"https:\/\/www.caririemacao.com\/1\/?p=195159"},"modified":"2020-11-11T12:21:54","modified_gmt":"2020-11-11T15:21:54","slug":"e-hoje-candidatos-a-prefeito-de-prata-se-enfrentam-em-debate-realizado-pelo-cariri-em-acao","status":"publish","type":"post","link":"https:\/\/www.caririemacao.com\/1\/2020\/11\/11\/e-hoje-candidatos-a-prefeito-de-prata-se-enfrentam-em-debate-realizado-pelo-cariri-em-acao\/","title":{"rendered":"\u00c9 HOJE: Candidatos a prefeito de Prata se enfrentam em debate realizado pelo Cariri em A\u00e7\u00e3o"},"content":{"rendered":"\n<p id=\"block-e37a9d52-1a8e-4db1-9c7d-56ab89f099b4\">O debate com os candidatos a prefeito da cidade de PRATA ser\u00e1 realizado na noite desta quarta-feira, (11)  a partir das 19h, no&nbsp;EST\u00daDIO, localizado na Avenida Cidade Recife \u2013 BR 412, na cidade de Monteiro\/PB.<\/p>\n\n\n\n<p>Os candidatos que confirmaram presen\u00e7a s\u00e3o: <\/p>\n\n\n\n<p>FERNANDO ROBSON NUNES DE FARIAS (FERNANDO NUNES) \u2013 PRTB; <\/p>\n\n\n\n<p>FELISARDO MOURA NUNES ( FELISARDO MOURA) &#8211; DEM<\/p>\n\n\n\n<p id=\"block-aa1f5c89-bf27-4f54-8959-3c7634c82b49\">Para a realiza\u00e7\u00e3o dos debates, o Cariri em A\u00e7\u00e3o est\u00e1 montando uma grande estrutura e obedecendo as normas eleitorais e as orienta\u00e7\u00f5es dos \u00f3rg\u00e3os sanit\u00e1rios.<\/p>\n\n\n\n<p id=\"block-55b4c85f-af88-46a6-a83f-fc479bf67387\">Vale lembrar que todos os candidatos j\u00e1 foram convidados. Os convites foram enviados para os e-mails informados pelas coliga\u00e7\u00f5es junto a Justi\u00e7a Eleitoral no ato de registro de candidatura.<\/p>\n","protected":false},"excerpt":{"rendered":"<p>O debate com os candidatos a prefeito da cidade de PRATA ser\u00e1 realizado na noite desta quarta-feira, (11) a partir das 19h, no&nbsp;EST\u00daDIO, localizado na&hellip; <\/p>\n","protected":false},"author":6,"featured_media":195175,"comment_status":"closed","ping_status":"closed","sticky":false,"template":"","format":"standard","meta":{"sfsi_plus_gutenberg_text_before_share":"","sfsi_plus_gutenberg_show_text_before_share":"","sfsi_plus_gutenberg_icon_type":"","sfsi_plus_gutenberg_icon_alignemt":"","sfsi_plus_gutenburg_max_per_row":"","footnotes":""},"categories":[50],"tags":[],"class_list":["post-195159","post","type-post","status-publish","format-standard","has-post-thumbnail","hentry","category-destaque"],"_links":{"self":[{"href":"https:\/\/www.caririemacao.com\/1\/wp-json\/wp\/v2\/posts\/195159","targetHints":{"allow":["GET"]}}],"collection":[{"href":"https:\/\/www.caririemacao.com\/1\/wp-json\/wp\/v2\/posts"}],"about":[{"href":"https:\/\/www.caririemacao.com\/1\/wp-json\/wp\/v2\/types\/post"}],"author":[{"embeddable":true,"href":"https:\/\/www.caririemacao.com\/1\/wp-json\/wp\/v2\/users\/6"}],"replies":[{"embeddable":true,"href":"https:\/\/www.caririemacao.com\/1\/wp-json\/wp\/v2\/comments?post=195159"}],"version-history":[{"count":3,"href":"https:\/\/www.caririemacao.com\/1\/wp-json\/wp\/v2\/posts\/195159\/revisions"}],"predecessor-version":[{"id":195163,"href":"https:\/\/www.caririemacao.com\/1\/wp-json\/wp\/v2\/posts\/195159\/revisions\/195163"}],"wp:featuredmedia":[{"embeddable":true,"href":"https:\/\/www.caririemacao.com\/1\/wp-json\/wp\/v2\/media\/195175"}],"wp:attachment":[{"href":"https:\/\/www.caririemacao.com\/1\/wp-json\/wp\/v2\/media?parent=195159"}],"wp:term":[{"taxonomy":"category","embeddable":true,"href":"https:\/\/www.caririemacao.com\/1\/wp-json\/wp\/v2\/categories?post=195159"},{"taxonomy":"post_tag","embeddable":true,"href":"https:\/\/www.caririemacao.com\/1\/wp-json\/wp\/v2\/tags?post=195159"}],"curies":[{"name":"wp","href":"https:\/\/api.w.org\/{rel}","templated":true}]}}