{"id":195406,"date":"2020-11-14T06:53:46","date_gmt":"2020-11-14T09:53:46","guid":{"rendered":"https:\/\/www.caririemacao.com\/1\/?p=195406"},"modified":"2020-11-14T06:53:46","modified_gmt":"2020-11-14T09:53:46","slug":"hospital-tem-alta-de-criancas-com-diarreia-e-vomito-apos-apagao-no-amapa-e-a-agua-que-a-gente-consegue","status":"publish","type":"post","link":"https:\/\/www.caririemacao.com\/1\/2020\/11\/14\/hospital-tem-alta-de-criancas-com-diarreia-e-vomito-apos-apagao-no-amapa-e-a-agua-que-a-gente-consegue\/","title":{"rendered":"Hospital tem alta de crian\u00e7as com diarreia e v\u00f4mito ap\u00f3s apag\u00e3o no Amap\u00e1: \u2018\u00c9 a \u00e1gua que a gente consegue\u2019"},"content":{"rendered":"\n<p class=\"wp-block-paragraph\">O Pronto-Atendimento Infantil (PAI) informou nesta sexta-feira (13) que tem registrado uma alta no n\u00famero de crian\u00e7as atendidas com irrita\u00e7\u00f5es gastrointestinais, que provocam v\u00f4mito e diarreia. Pais e a pr\u00f3pria unidade de sa\u00fade suspeitam que problema tem liga\u00e7\u00e3o com o apag\u00e3o energ\u00e9tico que o\u00a0Amap\u00e1\u00a0enfrenta\u00a0h\u00e1 mais de 10 dias.<\/p>\n\n\n\n<p class=\"wp-block-paragraph\">Com a recep\u00e7\u00e3o lotada, institui\u00e7\u00e3o, que \u00e9 porta de entrada do Hospital de Crian\u00e7a e do Adolescente (HCA), n\u00e3o apresentou dados dos atendimentos nos \u00faltimos dias desde o dia 3 de novembro.<\/p>\n\n\n\n<p class=\"wp-block-paragraph\">O Amap\u00e1 vive um racionamento devido ao\u00a0apag\u00e3o iniciado em 3 de novembro\u00a0ap\u00f3s inc\u00eandio que atingiu a subesta\u00e7\u00e3o de energia mais importante do estado. O problema, al\u00e9m de deixar 13 munic\u00edpios com falhas no fornecimento de eletricidade, tamb\u00e9m afetou o abastecimento de \u00e1gua.<\/p>\n\n\n\n<p class=\"wp-block-paragraph\">Os m\u00e9dicos d\u00e3o duas op\u00e7\u00f5es para quem, neste momento, n\u00e3o tiver acesso \u00e0 \u00e1gua pr\u00f3pria para o consumo:<\/p>\n\n\n\n<ul class=\"wp-block-list\"><li>ferver a \u00e1gua;<\/li><li>usar duas gotas da solu\u00e7\u00e3o de&nbsp;hipoclorito de s\u00f3dio&nbsp;para cada 1 litro de \u00e1gua; aguardar 30 minutos para poder consumir.<\/li><\/ul>\n\n\n\n<figure class=\"wp-block-image\"><img decoding=\"async\" src=\"https:\/\/s2.glbimg.com\/ssOwPfERJXuw52Z1Yku0Rgou_2c=\/0x0:1280x960\/984x0\/smart\/filters:strip_icc()\/i.s3.glbimg.com\/v1\/AUTH_59edd422c0c84a879bd37670ae4f538a\/internal_photos\/bs\/2020\/w\/5\/DSh2rAS5yfFotNthw9Fg\/whatsapp-image-2020-11-05-at-07.58.46-1-.jpeg\" alt=\"Sem energia para ter acesso a \u00e1gua, fam\u00edlias em vulnerabilidade procuraram \u00e1gua em c\u00f3rrego em Macap\u00e1 \u2014 Foto: Jorge J\u00fanior\/Rede Amaz\u00f4nica\"\/><\/figure>\n\n\n\n<p class=\"wp-block-paragraph\">Sem energia para ter acesso a \u00e1gua, fam\u00edlias em vulnerabilidade procuraram \u00e1gua em c\u00f3rrego em Macap\u00e1 \u2014 Foto: Jorge J\u00fanior\/Rede Amaz\u00f4nica<\/p>\n\n\n\n<p class=\"wp-block-paragraph\">Os pais atribuem os casos principalmente ao consumo de \u00e1gua impr\u00f3pria e alimentos mal refrigerados nesse per\u00edodo de apag\u00e3o.<\/p>\n\n\n\n<p class=\"wp-block-paragraph\">Esse \u00e9 o caso do filho da dona de casa Cenilda Ferreira, que alegou dificuldade em acessar \u00e1gua tratada nos \u00faltimos dias. Caio Lucas, de 3 anos, passou mais de 24 horas com v\u00f4mitos e foi o PAI j\u00e1 cansado e desidratado.<\/p>\n\n\n\n<p class=\"wp-block-paragraph\">\u201cEle t\u00e1 com v\u00f4mito desde ontem [12]. [\u2026] \u00c9 dif\u00edcil comprar \u00e1gua. A gente d\u00e1 a \u00e1gua que a gente consegue. S\u00f3 que a \u00e1gua n\u00e3o \u00e9 muito boa tamb\u00e9m\u201d, disse a m\u00e3e.<\/p>\n\n\n\n<p class=\"wp-block-paragraph\">O vigilante Mateus Aranha buscou o PAI novamente nesta sexta-feira; s\u00e3o 5 dias lutando com o filho com diarreia e v\u00f4mito.<\/p>\n\n\n\n<p class=\"wp-block-paragraph\">\u201cEu trouxe ele 2 dias atr\u00e1s. Passaram medicamento, mandaram eu voltar pra casa e da\u00ed pra c\u00e1 ele vem s\u00f3 piorando. Trouxe ele de novo pra ver se tomam alguma provid\u00eancia, pra passar pra gente qual a real situa\u00e7\u00e3o dele. Depois desse apag\u00e3o, n\u00e3o sei se \u00e9 a \u00e1gua, n\u00e3o sei se \u00e9 alimenta\u00e7\u00e3o\u201d, declarou o vigilante.<\/p>\n\n\n\n<p class=\"wp-block-paragraph\">O PAI \u00e9 a principal unidade hospitalar que atende crian\u00e7as no Amap\u00e1, que tem ficado lotado em grande parte do dia com crian\u00e7as que apresentam sintomas de problemas gastrointestinais.<\/p>\n\n\n\n<p class=\"wp-block-paragraph\">\u201cPor falta de energia, automaticamente faltou \u00e1gua, a \u00e1gua filtrada, a crian\u00e7a vai tomar \u00e1gua que n\u00e3o \u00e9 filtrada, vai comer fruta que n\u00e3o \u00e9 lavada com uma \u00e1gua bem limpa, ent\u00e3o isso a\u00ed causou um aumento de diarreia e v\u00f4mito\u201d, pontuou a diretora do HCA, Maria da Gra\u00e7a.<\/p>\n\n\n\n<p class=\"wp-block-paragraph\">A dire\u00e7\u00e3o do HCA orienta os pais a passar primeiro em uma Unidade B\u00e1sica de Sa\u00fade (UBS), onde muitos casos podem ser resolvidos, e, assim, diminuir a exposi\u00e7\u00e3o das crian\u00e7as ao risco nesse momento de pandemia da Covid-19.<\/p>\n\n\n\n<h4 class=\"wp-block-heading\">Energia em rod\u00edzio<\/h4>\n\n\n\n<p class=\"wp-block-paragraph\">A Companhia de Eletricidade do\u00a0Amap\u00e1\u00a0(CEA) informou que o rod\u00edzio\u00a0deve seguir por mais 13 dias, pelo menos at\u00e9 26 de novembro.<\/p>\n\n\n\n<p class=\"wp-block-paragraph\">O prazo equivale ao tempo previsto para chegada em\u00a0Macap\u00e1\u00a0de um transformador vindo da subesta\u00e7\u00e3o de Laranjal do Jari, no Sul do estado, a cerca de 265 quil\u00f4metros da capital. O equipamento, que pesa cerca de 100 toneladas, vai substituir um dos\u00a0transformadores danificados no inc\u00eandio\u00a0na subesta\u00e7\u00e3o.<\/p>\n\n\n\n<p class=\"wp-block-paragraph\">G1<\/p>\n","protected":false},"excerpt":{"rendered":"<p>O Pronto-Atendimento Infantil (PAI) informou nesta sexta-feira (13) que tem registrado uma alta no n\u00famero de crian\u00e7as atendidas com irrita\u00e7\u00f5es gastrointestinais, que provocam v\u00f4mito e diarreia. Pais e a pr\u00f3pria unidade de sa\u00fade suspeitam que problema tem liga\u00e7\u00e3o com o apag\u00e3o energ\u00e9tico que o\u00a0Amap\u00e1\u00a0enfrenta\u00a0h\u00e1 mais de 10 dias. Com a recep\u00e7\u00e3o lotada, institui\u00e7\u00e3o, que \u00e9 porta de entrada do Hospital de Crian\u00e7a e do Adolescente (HCA), n\u00e3o apresentou dados dos atendimentos nos \u00faltimos dias desde o dia 3 de novembro. O Amap\u00e1 vive um racionamento devido ao\u00a0apag\u00e3o iniciado em 3 de novembro\u00a0ap\u00f3s inc\u00eandio que atingiu a subesta\u00e7\u00e3o de energia mais importante do estado. O problema, al\u00e9m de deixar 13 munic\u00edpios com falhas no fornecimento de eletricidade, tamb\u00e9m afetou o abastecimento de \u00e1gua. Os m\u00e9dicos d\u00e3o duas op\u00e7\u00f5es para quem, neste momento, n\u00e3o tiver acesso \u00e0 \u00e1gua pr\u00f3pria para o consumo: ferver a \u00e1gua; usar duas gotas da solu\u00e7\u00e3o de&nbsp;hipoclorito de s\u00f3dio&nbsp;para cada 1 litro de \u00e1gua; aguardar 30 minutos para poder consumir. Sem energia para ter acesso a \u00e1gua, fam\u00edlias em vulnerabilidade procuraram \u00e1gua em c\u00f3rrego em Macap\u00e1 \u2014 Foto: Jorge J\u00fanior\/Rede Amaz\u00f4nica Os pais atribuem os casos principalmente ao consumo de \u00e1gua impr\u00f3pria e alimentos mal refrigerados nesse per\u00edodo de apag\u00e3o. Esse \u00e9 o caso do filho da dona de casa Cenilda Ferreira, que alegou dificuldade em acessar \u00e1gua tratada nos \u00faltimos dias. Caio Lucas, de 3 anos, passou mais de 24 horas com v\u00f4mitos e foi o PAI j\u00e1 cansado e desidratado. \u201cEle t\u00e1 com v\u00f4mito desde ontem [12]. [\u2026] \u00c9 dif\u00edcil comprar \u00e1gua. A gente d\u00e1 a \u00e1gua que a gente consegue. S\u00f3 que a \u00e1gua n\u00e3o \u00e9 muito boa tamb\u00e9m\u201d, disse a m\u00e3e. O vigilante Mateus Aranha buscou o PAI novamente nesta sexta-feira; s\u00e3o 5 dias lutando com o filho com diarreia e v\u00f4mito. \u201cEu trouxe ele 2 dias atr\u00e1s. Passaram medicamento, mandaram eu voltar pra casa e da\u00ed pra c\u00e1 ele vem s\u00f3 piorando. Trouxe ele de novo pra ver se tomam alguma provid\u00eancia, pra passar pra gente qual a real situa\u00e7\u00e3o dele. Depois desse apag\u00e3o, n\u00e3o sei se \u00e9 a \u00e1gua, n\u00e3o sei se \u00e9 alimenta\u00e7\u00e3o\u201d, declarou o vigilante. O PAI \u00e9 a principal unidade hospitalar que atende crian\u00e7as no Amap\u00e1, que tem ficado lotado em grande parte do dia com crian\u00e7as que apresentam sintomas de problemas gastrointestinais. \u201cPor falta de energia, automaticamente faltou \u00e1gua, a \u00e1gua filtrada, a crian\u00e7a vai tomar \u00e1gua que n\u00e3o \u00e9 filtrada, vai comer fruta que n\u00e3o \u00e9 lavada com uma \u00e1gua bem limpa, ent\u00e3o isso a\u00ed causou um aumento de diarreia e v\u00f4mito\u201d, pontuou a diretora do HCA, Maria da Gra\u00e7a. A dire\u00e7\u00e3o do HCA orienta os pais a passar primeiro em uma Unidade B\u00e1sica de Sa\u00fade (UBS), onde muitos casos podem ser resolvidos, e, assim, diminuir a exposi\u00e7\u00e3o das crian\u00e7as ao risco nesse momento de pandemia da Covid-19. Energia em rod\u00edzio A Companhia de Eletricidade do\u00a0Amap\u00e1\u00a0(CEA) informou que o rod\u00edzio\u00a0deve seguir por mais 13 dias, pelo menos at\u00e9 26 de novembro. O prazo equivale ao tempo previsto para chegada em\u00a0Macap\u00e1\u00a0de um transformador vindo da subesta\u00e7\u00e3o de Laranjal do Jari, no Sul do estado, a cerca de 265 quil\u00f4metros da capital. O equipamento, que pesa cerca de 100 toneladas, vai substituir um dos\u00a0transformadores danificados no inc\u00eandio\u00a0na subesta\u00e7\u00e3o. G1<\/p>\n","protected":false},"author":6,"featured_media":195407,"comment_status":"closed","ping_status":"closed","sticky":false,"template":"","format":"standard","meta":{"sfsi_plus_gutenberg_text_before_share":"","sfsi_plus_gutenberg_show_text_before_share":"","sfsi_plus_gutenberg_icon_type":"","sfsi_plus_gutenberg_icon_alignemt":"","sfsi_plus_gutenburg_max_per_row":"","footnotes":""},"categories":[50],"tags":[],"class_list":["post-195406","post","type-post","status-publish","format-standard","has-post-thumbnail","hentry","category-destaque"],"_links":{"self":[{"href":"https:\/\/www.caririemacao.com\/1\/wp-json\/wp\/v2\/posts\/195406","targetHints":{"allow":["GET"]}}],"collection":[{"href":"https:\/\/www.caririemacao.com\/1\/wp-json\/wp\/v2\/posts"}],"about":[{"href":"https:\/\/www.caririemacao.com\/1\/wp-json\/wp\/v2\/types\/post"}],"author":[{"embeddable":true,"href":"https:\/\/www.caririemacao.com\/1\/wp-json\/wp\/v2\/users\/6"}],"replies":[{"embeddable":true,"href":"https:\/\/www.caririemacao.com\/1\/wp-json\/wp\/v2\/comments?post=195406"}],"version-history":[{"count":1,"href":"https:\/\/www.caririemacao.com\/1\/wp-json\/wp\/v2\/posts\/195406\/revisions"}],"predecessor-version":[{"id":195408,"href":"https:\/\/www.caririemacao.com\/1\/wp-json\/wp\/v2\/posts\/195406\/revisions\/195408"}],"wp:featuredmedia":[{"embeddable":true,"href":"https:\/\/www.caririemacao.com\/1\/wp-json\/wp\/v2\/media\/195407"}],"wp:attachment":[{"href":"https:\/\/www.caririemacao.com\/1\/wp-json\/wp\/v2\/media?parent=195406"}],"wp:term":[{"taxonomy":"category","embeddable":true,"href":"https:\/\/www.caririemacao.com\/1\/wp-json\/wp\/v2\/categories?post=195406"},{"taxonomy":"post_tag","embeddable":true,"href":"https:\/\/www.caririemacao.com\/1\/wp-json\/wp\/v2\/tags?post=195406"}],"curies":[{"name":"wp","href":"https:\/\/api.w.org\/{rel}","templated":true}]}}