{"id":195594,"date":"2020-11-17T10:53:06","date_gmt":"2020-11-17T13:53:06","guid":{"rendered":"https:\/\/www.caririemacao.com\/1\/?p=195594"},"modified":"2020-11-17T10:53:06","modified_gmt":"2020-11-17T13:53:06","slug":"barroso-pede-a-policia-federal-para-apurar-ataque-ao-sistema-do-tse-no-primeiro-turno-da-eleicao","status":"publish","type":"post","link":"https:\/\/www.caririemacao.com\/1\/2020\/11\/17\/barroso-pede-a-policia-federal-para-apurar-ataque-ao-sistema-do-tse-no-primeiro-turno-da-eleicao\/","title":{"rendered":"Barroso pede \u00e0 Pol\u00edcia Federal para apurar ataque ao sistema do TSE no primeiro turno da elei\u00e7\u00e3o"},"content":{"rendered":"\n<p class=\"wp-block-paragraph\">O presidente do Tribunal Superior Eleitoral (TSE), Lu\u00eds Roberto Barroso, afirmou nesta segunda-feira (16), que pediu \u00e0 Pol\u00edcia Federal a abertura de inqu\u00e9rito para apurar o ataque cibern\u00e9tico aos sistemas da Justi\u00e7a Eleitoral neste domingo (15), dia do primeiro turno das elei\u00e7\u00f5es municipais.<\/p>\n\n\n\n<p class=\"wp-block-paragraph\">O ataque, denominado &#8220;nega\u00e7\u00e3o de servi\u00e7o com milhares de tentativas de acesso simult\u00e2neas&#8221;, consistiu de 436 mil conex\u00f5es por segundo na manh\u00e3 deste domingo a fim de tentar derrubar o sistema do Tribunal Superior Eleitoral.<\/p>\n\n\n\n<p class=\"wp-block-paragraph\">De acordo com o ministro, os disparos massivos foram provenientes de Brasil, Estados Unidos e Nova Zel\u00e2ndia.<\/p>\n\n\n\n<p class=\"wp-block-paragraph\">&#8220;O ataque n\u00e3o conseguiu ultrapassar as barreiras e foi devidamente repelido pelos nossos mecanismos de seguran\u00e7a&#8221;, afirmou Barroso.<\/p>\n\n\n\n<p class=\"wp-block-paragraph\">Al\u00e9m do ataque cibern\u00e9tico, o ministro pediu tamb\u00e9m \u00e0 PF a investiga\u00e7\u00e3o do vazamento de dados antigos, de mais de dez anos, de ex-ministros e ex-funcion\u00e1rios do tribunal.<\/p>\n\n\n\n<p class=\"wp-block-paragraph\">Segundo ele, esse vazamento se deu em &#8220;data pret\u00e9rita&#8221;, ainda n\u00e3o identificada, mas foi divulgado neste domingo como forma de desacreditar o sistema de inform\u00e1tica do tribunal.<\/p>\n\n\n\n<p class=\"wp-block-paragraph\">\u201cAssim que eles foram vazados, mil\u00edcias digitais entraram imediatamente em a\u00e7\u00e3o tentando desacreditar o sistema. H\u00e1 suspeita de articula\u00e7\u00e3o de grupos extremistas, que se empenham em desacreditar as institui\u00e7\u00f5es, clamam pela volta da ditadura. E muitos deles s\u00e3o investigados pelo Supremo Tribunal Federal\u201d, declarou.<\/p>\n\n\n\n<p class=\"wp-block-paragraph\">Barroso disse que conversou sobre o inqu\u00e9rito na manh\u00e3 desta segunda-feira com o diretor-geral da Pol\u00edcia Federal, delegado Rolando Alexandre de Souza. &#8220;Pedi a ele a investiga\u00e7\u00e3o que se justifica nesse caso, uma investiga\u00e7\u00e3o s\u00e9ria e ampla&#8221;, afirmou.<\/p>\n\n\n\n<p class=\"wp-block-paragraph\"><strong>Totaliza\u00e7\u00e3o dos votos<\/strong><br>Barroso disse que, segundo o servi\u00e7o de tecnologia da informa\u00e7\u00e3o do TSE, a origem do problema na totaliza\u00e7\u00e3o dos votos \u2014 que provocou demora de pelo menos duas horas na divulga\u00e7\u00e3o dos resultados da apura\u00e7\u00e3o \u2014 foi a demora da chegada de um supercomputador.<\/p>\n\n\n\n<p class=\"wp-block-paragraph\">De acordo com o ministro, o TSE contratou os servi\u00e7os da empresa Oracle de fornecimento do supercomputador para uma nova tarefa: a totaliza\u00e7\u00e3o dos votos centralizada no TSE \u2014 e n\u00e3o mais descentralizada pelos tribunais regionais eleitorais (TREs).<\/p>\n\n\n\n<p class=\"wp-block-paragraph\">At\u00e9 a elei\u00e7\u00e3o anterior, os boletins das urnas eram transmitidos para os computadores dos TREs, que totalizavam os votos e enviavam o resultado para o TSE. Neste ano, o tribunal mudou o procedimento e centralizou a totaliza\u00e7\u00e3o dos votos em Bras\u00edlia. A op\u00e7\u00e3o pela totaliza\u00e7\u00e3o centralizada foi recomendada pela Pol\u00edcia Federal por raz\u00f5es de seguran\u00e7a, informou o ministro.<\/p>\n\n\n\n<p class=\"wp-block-paragraph\">O servi\u00e7o do supercomputador foi contratado em mar\u00e7o, mas, em raz\u00e3o da pandemia de Covid-19, o equipamento s\u00f3 chegou em agosto, disse Barroso. A demora impediu que a equipe t\u00e9cnica do tribunal realizasse todos os testes necess\u00e1rios para que o software aprendesse a calcular os dados com a velocidade e volume necess\u00e1rios.<\/p>\n\n\n\n<p class=\"wp-block-paragraph\">\u201cEm raz\u00e3o das limita\u00e7\u00f5es nos testes pr\u00e9vios, no dia da elei\u00e7\u00e3o, a intelig\u00eancia artificial demorou a realizar o aprendizado para processar os dados no volume e velocidade com que chegavam. Da\u00ed sua lentid\u00e3o e travamento, que exigiu que a totaliza\u00e7\u00e3o fosse interrompida e iniciada. A detec\u00e7\u00e3o e solu\u00e7\u00e3o do problema gerou atraso de aproximadamente duas horas\u201d, afirmou.<\/p>\n\n\n\n<p class=\"wp-block-paragraph\"><strong>Recomenda\u00e7\u00e3o de seguran\u00e7a<\/strong><br>O secret\u00e1rio de Tecnologia da Informa\u00e7\u00e3o do Tribunal Superior Eleitoral, Giuseppe Janino, afirmou que peritos da PF identificaram que o risco de ataque ao sistema eleitoral seria maior com a totaliza\u00e7\u00e3o nos TREs porque seriam 27 alvos poss\u00edveis. A centraliza\u00e7\u00e3o diminui para um o n\u00famero de alvos, e o TSE tem uma capacidade maior de se proteger.<\/p>\n\n\n\n<p class=\"wp-block-paragraph\">\u201cA passagem da totaliza\u00e7\u00e3o para o TSE se deveu a uma recomenda\u00e7\u00e3o de medida de seguran\u00e7a da Pol\u00edcia Federal. Eu comentei ontem que n\u00e3o tinha simpatia pela medida, mas depois fui informado que era uma quest\u00e3o importante de seguran\u00e7a\u201d, declarou o ministro Lu\u00eds Roberto Barroso.<\/p>\n\n\n\n<p class=\"wp-block-paragraph\">\u201cSe eu tivesse as mesmas informa\u00e7\u00f5es que as gest\u00f5es anteriores tiveram, eu tomaria a mesma decis\u00e3o que eles tomaram. Quando disse que n\u00e3o tinha simpatia, era sobre administrar essa mudan\u00e7a\u201d, complementou o ministro.<\/p>\n\n\n\n<p class=\"wp-block-paragraph\"><strong>E-T\u00edtulo<\/strong><br>O presidente do TSE disse que a equipe de tecnologia do tribunal ainda analisa se os problemas apresentados pelo aplicativo de smartphone e-T\u00edtulo foi relacionado ao sistema ou de suporte.<\/p>\n\n\n\n<p class=\"wp-block-paragraph\">Segundo Barroso, houve uma grande quantidade de downloads em pouco tempo, o que pode ter sobrecarregado os servidores.<\/p>\n\n\n\n<p class=\"wp-block-paragraph\">O e-T\u00edtulo foi o documento mais utilizado no primeiro turno, disse o presidente.<\/p>\n\n\n\n<p class=\"wp-block-paragraph\">De acordo com o ministro, at\u00e9 domingo, o aplicativo teve mais de 13 milh\u00f5es de downloads e 600 mil justificativas feitas pelo app.<\/p>\n\n\n\n<p class=\"wp-block-paragraph\">Nesta segunda (16), outras 460 mil pessoas justificaram a aus\u00eancia na elei\u00e7\u00e3o pelo e-T\u00edtulo. Foram contabilizados 700 mil downloads.<\/p>\n\n\n\n<p class=\"wp-block-paragraph\"><strong>Brancos, nulos e absten\u00e7\u00e3o<\/strong><br>O TSE divulgou um balan\u00e7o do primeiro turno das elei\u00e7\u00f5es.<\/p>\n\n\n\n<p class=\"wp-block-paragraph\">A taxa de absten\u00e7\u00e3o ficou em 23,14% &#8212; em 2016 a porcentagem de eleitores que n\u00e3o compareceram foi 25,33%.<\/p>\n\n\n\n<p class=\"wp-block-paragraph\">Os estados com menor \u00edndice de absten\u00e7\u00e3o foram Piau\u00ed (15,42%); Para\u00edba (15,79%) e Cear\u00e1 (16,93%).<\/p>\n\n\n\n<p class=\"wp-block-paragraph\">De acordo com o tribunal, os votos brancos para prefeito totalizaram 3.909.362 e os nulos, 7.044.774.<\/p>\n\n\n\n<p class=\"wp-block-paragraph\">Na elei\u00e7\u00e3o para vereador, 4.465.261 eleitores votaram em branco e 5.663.728 anularam os votos.<\/p>\n\n\n\n<p class=\"wp-block-paragraph\">G1<\/p>\n","protected":false},"excerpt":{"rendered":"<p>O presidente do Tribunal Superior Eleitoral (TSE), Lu\u00eds Roberto Barroso, afirmou nesta segunda-feira (16), que pediu \u00e0 Pol\u00edcia Federal a abertura de inqu\u00e9rito para apurar o ataque cibern\u00e9tico aos sistemas da Justi\u00e7a Eleitoral neste domingo (15), dia do primeiro turno das elei\u00e7\u00f5es municipais. O ataque, denominado &#8220;nega\u00e7\u00e3o de servi\u00e7o com milhares de tentativas de acesso simult\u00e2neas&#8221;, consistiu de 436 mil conex\u00f5es por segundo na manh\u00e3 deste domingo a fim de tentar derrubar o sistema do Tribunal Superior Eleitoral. De acordo com o ministro, os disparos massivos foram provenientes de Brasil, Estados Unidos e Nova Zel\u00e2ndia. &#8220;O ataque n\u00e3o conseguiu ultrapassar as barreiras e foi devidamente repelido pelos nossos mecanismos de seguran\u00e7a&#8221;, afirmou Barroso. Al\u00e9m do ataque cibern\u00e9tico, o ministro pediu tamb\u00e9m \u00e0 PF a investiga\u00e7\u00e3o do vazamento de dados antigos, de mais de dez anos, de ex-ministros e ex-funcion\u00e1rios do tribunal. Segundo ele, esse vazamento se deu em &#8220;data pret\u00e9rita&#8221;, ainda n\u00e3o identificada, mas foi divulgado neste domingo como forma de desacreditar o sistema de inform\u00e1tica do tribunal. \u201cAssim que eles foram vazados, mil\u00edcias digitais entraram imediatamente em a\u00e7\u00e3o tentando desacreditar o sistema. H\u00e1 suspeita de articula\u00e7\u00e3o de grupos extremistas, que se empenham em desacreditar as institui\u00e7\u00f5es, clamam pela volta da ditadura. E muitos deles s\u00e3o investigados pelo Supremo Tribunal Federal\u201d, declarou. Barroso disse que conversou sobre o inqu\u00e9rito na manh\u00e3 desta segunda-feira com o diretor-geral da Pol\u00edcia Federal, delegado Rolando Alexandre de Souza. &#8220;Pedi a ele a investiga\u00e7\u00e3o que se justifica nesse caso, uma investiga\u00e7\u00e3o s\u00e9ria e ampla&#8221;, afirmou. Totaliza\u00e7\u00e3o dos votosBarroso disse que, segundo o servi\u00e7o de tecnologia da informa\u00e7\u00e3o do TSE, a origem do problema na totaliza\u00e7\u00e3o dos votos \u2014 que provocou demora de pelo menos duas horas na divulga\u00e7\u00e3o dos resultados da apura\u00e7\u00e3o \u2014 foi a demora da chegada de um supercomputador. De acordo com o ministro, o TSE contratou os servi\u00e7os da empresa Oracle de fornecimento do supercomputador para uma nova tarefa: a totaliza\u00e7\u00e3o dos votos centralizada no TSE \u2014 e n\u00e3o mais descentralizada pelos tribunais regionais eleitorais (TREs). At\u00e9 a elei\u00e7\u00e3o anterior, os boletins das urnas eram transmitidos para os computadores dos TREs, que totalizavam os votos e enviavam o resultado para o TSE. Neste ano, o tribunal mudou o procedimento e centralizou a totaliza\u00e7\u00e3o dos votos em Bras\u00edlia. A op\u00e7\u00e3o pela totaliza\u00e7\u00e3o centralizada foi recomendada pela Pol\u00edcia Federal por raz\u00f5es de seguran\u00e7a, informou o ministro. O servi\u00e7o do supercomputador foi contratado em mar\u00e7o, mas, em raz\u00e3o da pandemia de Covid-19, o equipamento s\u00f3 chegou em agosto, disse Barroso. A demora impediu que a equipe t\u00e9cnica do tribunal realizasse todos os testes necess\u00e1rios para que o software aprendesse a calcular os dados com a velocidade e volume necess\u00e1rios. \u201cEm raz\u00e3o das limita\u00e7\u00f5es nos testes pr\u00e9vios, no dia da elei\u00e7\u00e3o, a intelig\u00eancia artificial demorou a realizar o aprendizado para processar os dados no volume e velocidade com que chegavam. Da\u00ed sua lentid\u00e3o e travamento, que exigiu que a totaliza\u00e7\u00e3o fosse interrompida e iniciada. A detec\u00e7\u00e3o e solu\u00e7\u00e3o do problema gerou atraso de aproximadamente duas horas\u201d, afirmou. Recomenda\u00e7\u00e3o de seguran\u00e7aO secret\u00e1rio de Tecnologia da Informa\u00e7\u00e3o do Tribunal Superior Eleitoral, Giuseppe Janino, afirmou que peritos da PF identificaram que o risco de ataque ao sistema eleitoral seria maior com a totaliza\u00e7\u00e3o nos TREs porque seriam 27 alvos poss\u00edveis. A centraliza\u00e7\u00e3o diminui para um o n\u00famero de alvos, e o TSE tem uma capacidade maior de se proteger. \u201cA passagem da totaliza\u00e7\u00e3o para o TSE se deveu a uma recomenda\u00e7\u00e3o de medida de seguran\u00e7a da Pol\u00edcia Federal. Eu comentei ontem que n\u00e3o tinha simpatia pela medida, mas depois fui informado que era uma quest\u00e3o importante de seguran\u00e7a\u201d, declarou o ministro Lu\u00eds Roberto Barroso. \u201cSe eu tivesse as mesmas informa\u00e7\u00f5es que as gest\u00f5es anteriores tiveram, eu tomaria a mesma decis\u00e3o que eles tomaram. Quando disse que n\u00e3o tinha simpatia, era sobre administrar essa mudan\u00e7a\u201d, complementou o ministro. E-T\u00edtuloO presidente do TSE disse que a equipe de tecnologia do tribunal ainda analisa se os problemas apresentados pelo aplicativo de smartphone e-T\u00edtulo foi relacionado ao sistema ou de suporte. Segundo Barroso, houve uma grande quantidade de downloads em pouco tempo, o que pode ter sobrecarregado os servidores. O e-T\u00edtulo foi o documento mais utilizado no primeiro turno, disse o presidente. De acordo com o ministro, at\u00e9 domingo, o aplicativo teve mais de 13 milh\u00f5es de downloads e 600 mil justificativas feitas pelo app. Nesta segunda (16), outras 460 mil pessoas justificaram a aus\u00eancia na elei\u00e7\u00e3o pelo e-T\u00edtulo. Foram contabilizados 700 mil downloads. Brancos, nulos e absten\u00e7\u00e3oO TSE divulgou um balan\u00e7o do primeiro turno das elei\u00e7\u00f5es. A taxa de absten\u00e7\u00e3o ficou em 23,14% &#8212; em 2016 a porcentagem de eleitores que n\u00e3o compareceram foi 25,33%. Os estados com menor \u00edndice de absten\u00e7\u00e3o foram Piau\u00ed (15,42%); Para\u00edba (15,79%) e Cear\u00e1 (16,93%). De acordo com o tribunal, os votos brancos para prefeito totalizaram 3.909.362 e os nulos, 7.044.774. Na elei\u00e7\u00e3o para vereador, 4.465.261 eleitores votaram em branco e 5.663.728 anularam os votos. G1<\/p>\n","protected":false},"author":6,"featured_media":195595,"comment_status":"closed","ping_status":"closed","sticky":false,"template":"","format":"standard","meta":{"sfsi_plus_gutenberg_text_before_share":"","sfsi_plus_gutenberg_show_text_before_share":"","sfsi_plus_gutenberg_icon_type":"","sfsi_plus_gutenberg_icon_alignemt":"","sfsi_plus_gutenburg_max_per_row":"","footnotes":""},"categories":[12],"tags":[],"class_list":["post-195594","post","type-post","status-publish","format-standard","has-post-thumbnail","hentry","category-policia"],"_links":{"self":[{"href":"https:\/\/www.caririemacao.com\/1\/wp-json\/wp\/v2\/posts\/195594","targetHints":{"allow":["GET"]}}],"collection":[{"href":"https:\/\/www.caririemacao.com\/1\/wp-json\/wp\/v2\/posts"}],"about":[{"href":"https:\/\/www.caririemacao.com\/1\/wp-json\/wp\/v2\/types\/post"}],"author":[{"embeddable":true,"href":"https:\/\/www.caririemacao.com\/1\/wp-json\/wp\/v2\/users\/6"}],"replies":[{"embeddable":true,"href":"https:\/\/www.caririemacao.com\/1\/wp-json\/wp\/v2\/comments?post=195594"}],"version-history":[{"count":1,"href":"https:\/\/www.caririemacao.com\/1\/wp-json\/wp\/v2\/posts\/195594\/revisions"}],"predecessor-version":[{"id":195596,"href":"https:\/\/www.caririemacao.com\/1\/wp-json\/wp\/v2\/posts\/195594\/revisions\/195596"}],"wp:featuredmedia":[{"embeddable":true,"href":"https:\/\/www.caririemacao.com\/1\/wp-json\/wp\/v2\/media\/195595"}],"wp:attachment":[{"href":"https:\/\/www.caririemacao.com\/1\/wp-json\/wp\/v2\/media?parent=195594"}],"wp:term":[{"taxonomy":"category","embeddable":true,"href":"https:\/\/www.caririemacao.com\/1\/wp-json\/wp\/v2\/categories?post=195594"},{"taxonomy":"post_tag","embeddable":true,"href":"https:\/\/www.caririemacao.com\/1\/wp-json\/wp\/v2\/tags?post=195594"}],"curies":[{"name":"wp","href":"https:\/\/api.w.org\/{rel}","templated":true}]}}