{"id":195740,"date":"2020-11-18T16:29:12","date_gmt":"2020-11-18T19:29:12","guid":{"rendered":"https:\/\/www.caririemacao.com\/1\/?p=195740"},"modified":"2020-11-18T16:29:12","modified_gmt":"2020-11-18T19:29:12","slug":"caririzeiros-elegem-vereadores-para-a-legislatura-2021-2024-veja-a-lista-dos-eleitos","status":"publish","type":"post","link":"https:\/\/www.caririemacao.com\/1\/2020\/11\/18\/caririzeiros-elegem-vereadores-para-a-legislatura-2021-2024-veja-a-lista-dos-eleitos\/","title":{"rendered":"Caririzeiros elegem vereadores para a Legislatura 2021\/2024; VEJA A LISTA DOS ELEITOS"},"content":{"rendered":"\n<p class=\"wp-block-paragraph\"><strong>LEVANTAMENTO EXCLUSIVO:<\/strong>&nbsp;Ap\u00f3s a apura\u00e7\u00e3o das urnas no \u00faltimo domingo, os munic\u00edpios do Cariri j\u00e1 conhecem seus novos vereadores para a Legislatura 2021\/2024. O Portal De Olho no Cariri fez um levantamento abrangente com os eleitos e suas vota\u00e7\u00f5es em todos os munic\u00edpios da regi\u00e3o.<\/p>\n\n\n\n<p class=\"wp-block-paragraph\"><strong>Confira a lista de eleitos por cidade do Cariri paraibano:<\/strong><\/p>\n\n\n\n<p class=\"wp-block-paragraph\"><strong>MONTEIRO<\/strong><\/p>\n\n\n\n<p class=\"wp-block-paragraph\">Conrado \u2013 CIDADANIA&nbsp; \u2013 1.303<\/p>\n\n\n\n<p class=\"wp-block-paragraph\">Nadeje \u2013 CIDADANIA \u2013 1.071<\/p>\n\n\n\n<p class=\"wp-block-paragraph\">Caj\u00f3 \u2013 CIDADANIA&nbsp; \u2013 979<\/p>\n\n\n\n<p class=\"wp-block-paragraph\">Sargento Farias \u2013 CIDADANIA&nbsp; \u2013 875<\/p>\n\n\n\n<p class=\"wp-block-paragraph\">Bi\u00e3o \u2013 CIDADANIA \u2013 874<\/p>\n\n\n\n<p class=\"wp-block-paragraph\">Lito de Dona Socorro \u2013 PSDB&nbsp; \u2013 774<\/p>\n\n\n\n<p class=\"wp-block-paragraph\">Paulo Sergio \u2013 CIDADANIA \u2013 661<\/p>\n\n\n\n<p class=\"wp-block-paragraph\">Toinho de Nequinho \u2013 CIDADANIA \u2013 596<\/p>\n\n\n\n<p class=\"wp-block-paragraph\">D\u00e1cio de D\u00e9cio \u2013 PROS&nbsp; \u2013 499<\/p>\n\n\n\n<p class=\"wp-block-paragraph\">Sandro de Ipueira Funda \u2013 PSDB \u2013 494<\/p>\n\n\n\n<p class=\"wp-block-paragraph\">C\u00edcero do Mulungu \u2013 PSDB \u2013 489<\/p>\n\n\n\n<p class=\"wp-block-paragraph\">Andr\u00e9ia das Cupiras \u2013 PROS&nbsp; \u2013 423<\/p>\n\n\n\n<p class=\"wp-block-paragraph\"><strong>SERRA BRANCA<\/strong><\/p>\n\n\n\n<p class=\"wp-block-paragraph\">Hercules Holanda \u2013 PSDB \u2013 549<\/p>\n\n\n\n<p class=\"wp-block-paragraph\">Kleber Ribeiro \u2013 PP \u2013 534<\/p>\n\n\n\n<p class=\"wp-block-paragraph\">Ronaldo da Ceramica \u2013 PATRIOTA \u2013 442<\/p>\n\n\n\n<p class=\"wp-block-paragraph\">Esperdiao Francisco \u2013 PP \u2013 440<\/p>\n\n\n\n<p class=\"wp-block-paragraph\">Diogenes Sales \u2013 PSDB \u2013 423<\/p>\n\n\n\n<p class=\"wp-block-paragraph\">Valber Pinto \u2013 PSDB \u2013 418<\/p>\n\n\n\n<p class=\"wp-block-paragraph\">Macilon \u2013 PT \u2013 414<\/p>\n\n\n\n<p class=\"wp-block-paragraph\">Reidrique \u2013 PP \u2013 376<\/p>\n\n\n\n<p class=\"wp-block-paragraph\">Paulo Sergio de Sucuru \u2013 PP \u2013 329<\/p>\n\n\n\n<p class=\"wp-block-paragraph\"><strong>SUM\u00c9<\/strong><\/p>\n\n\n\n<p class=\"wp-block-paragraph\">Fontinele Santa Cruz \u2013 CIDADANIA&nbsp; \u2013 526<\/p>\n\n\n\n<p class=\"wp-block-paragraph\">Ivandro Produ\u00e7\u00f5es \u2013 PSD \u2013 496<\/p>\n\n\n\n<p class=\"wp-block-paragraph\">Jos\u00e9 Antonio \u2013 PL&nbsp; \u2013 455<\/p>\n\n\n\n<p class=\"wp-block-paragraph\">Daniel L\u00eala \u2013 CIDADANIA&nbsp; \u2013 449<\/p>\n\n\n\n<p class=\"wp-block-paragraph\">Dida Alves&nbsp;SOLIDARIEDADE \u2013&nbsp;401<\/p>\n\n\n\n<p class=\"wp-block-paragraph\">L\u00e1zaro do S\u00e3o L\u00e1zaro \u2013 SOLIDARIEDADE \u2013 382<\/p>\n\n\n\n<p class=\"wp-block-paragraph\">Dami\u00e3o do Pio X \u2013 PL \u2013 377<\/p>\n\n\n\n<p class=\"wp-block-paragraph\">Bomba \u2013&nbsp;PL&nbsp; \u2013&nbsp;372<\/p>\n\n\n\n<p class=\"wp-block-paragraph\">Branco Xiliu \u2013 PL \u2013 362<\/p>\n\n\n\n<p class=\"wp-block-paragraph\">Sabugo \u2013 SOLIDARIEDADE \u2013 338<\/p>\n\n\n\n<p class=\"wp-block-paragraph\">Antonio Carlos Sarmento \u2013 CIDADANIA \u2013 326<\/p>\n\n\n\n<p class=\"wp-block-paragraph\"><strong>TAPERO\u00c1<\/strong><\/p>\n\n\n\n<p class=\"wp-block-paragraph\">Tito Rio Grande \u2013 PP \u2013 506<\/p>\n\n\n\n<p class=\"wp-block-paragraph\">George Dot\u00f4zin \u2013 PSDB \u2013 499<\/p>\n\n\n\n<p class=\"wp-block-paragraph\">Chiquinho Patativa \u2013&nbsp;PP \u2013&nbsp;460<\/p>\n\n\n\n<p class=\"wp-block-paragraph\">Macilon Melqu\u00edades \u2013 PDT \u2013 414<\/p>\n\n\n\n<p class=\"wp-block-paragraph\">Birino Brito \u2013&nbsp;PP \u2013&nbsp;402<\/p>\n\n\n\n<p class=\"wp-block-paragraph\">Geovanio \u2013&nbsp;PSDB \u2013&nbsp;365<\/p>\n\n\n\n<p class=\"wp-block-paragraph\">Ailton Paulo \u2013&nbsp;PP \u2013&nbsp;365<\/p>\n\n\n\n<p class=\"wp-block-paragraph\">Ant\u00f4nio Vicente \u2013&nbsp;PDT \u2013&nbsp;342<\/p>\n\n\n\n<p class=\"wp-block-paragraph\">Bonga de Al\u00edrio \u2013&nbsp;PSDB \u2013&nbsp;298<\/p>\n\n\n\n<p class=\"wp-block-paragraph\">Salatiel de Sandoval \u2013 PTC \u2013 288<\/p>\n\n\n\n<p class=\"wp-block-paragraph\">Beto da Internet \u2013&nbsp;PSDB \u2013&nbsp;256<\/p>\n\n\n\n<p class=\"wp-block-paragraph\"><strong>JUAZEIRINHO<\/strong><\/p>\n\n\n\n<p class=\"wp-block-paragraph\">Nilda de C\u00edcero AVANTE \u2013 537<\/p>\n\n\n\n<p class=\"wp-block-paragraph\">J\u00f3 da Ilha AVANTE \u2013 509<\/p>\n\n\n\n<p class=\"wp-block-paragraph\">Marquinhos Matias REPUBLICANOS \u2013 497<\/p>\n\n\n\n<p class=\"wp-block-paragraph\">Professor Josiv\u00e2nio REPUBLICANOS \u2013 493<\/p>\n\n\n\n<p class=\"wp-block-paragraph\">Danillo Marinheiro REPUBLICANOS \u2013 489<\/p>\n\n\n\n<p class=\"wp-block-paragraph\">Fernando Cadete REPUBLICANOS \u2013 474<\/p>\n\n\n\n<p class=\"wp-block-paragraph\">L\u00e9o Medeiros REPUBLICANOS \u2013 469<\/p>\n\n\n\n<p class=\"wp-block-paragraph\">Emanuelly da Col\u00f4nia REPUBLICANOS \u2013 437<\/p>\n\n\n\n<p class=\"wp-block-paragraph\">D\u00e9da do Mendon\u00e7a AVANTE \u2013 392<\/p>\n\n\n\n<p class=\"wp-block-paragraph\">Antonio Mota DEM \u2013 356<\/p>\n\n\n\n<p class=\"wp-block-paragraph\">Normelio Trajano PSD \u2013 241<\/p>\n\n\n\n<p class=\"wp-block-paragraph\"><strong>LIVRAMENTO<\/strong><\/p>\n\n\n\n<p class=\"wp-block-paragraph\">Valdomiro Sanfoneiro PL \u2013 475<\/p>\n\n\n\n<p class=\"wp-block-paragraph\">Cenildo PL \u2013 452<\/p>\n\n\n\n<p class=\"wp-block-paragraph\">Halley PL \u2013 409<\/p>\n\n\n\n<p class=\"wp-block-paragraph\">Nildo PL \u2013 389<\/p>\n\n\n\n<p class=\"wp-block-paragraph\">Naldo PL \u2013 359<\/p>\n\n\n\n<p class=\"wp-block-paragraph\">Jav\u00e3 Papezim REPUBLICANOS \u2013 288<\/p>\n\n\n\n<p class=\"wp-block-paragraph\">Adriana PL \u2013 206<\/p>\n\n\n\n<p class=\"wp-block-paragraph\">Flavio Leite DEM \u2013 204<\/p>\n\n\n\n<p class=\"wp-block-paragraph\">Junior de Durval PL \u2013 151<\/p>\n\n\n\n<p class=\"wp-block-paragraph\"><strong>ASSUN\u00c7\u00c3O<\/strong><\/p>\n\n\n\n<p class=\"wp-block-paragraph\">Anazilda PTB \u2013 335<\/p>\n\n\n\n<p class=\"wp-block-paragraph\">Aluska Martiniano AVANTE \u2013 310<\/p>\n\n\n\n<p class=\"wp-block-paragraph\">Ivonaldo Leal AVANTE \u2013 294<\/p>\n\n\n\n<p class=\"wp-block-paragraph\">Lula PTB \u2013 286<\/p>\n\n\n\n<p class=\"wp-block-paragraph\">M\u00e1rcio de Z\u00e9lia PTB \u2013 231<\/p>\n\n\n\n<p class=\"wp-block-paragraph\">Coc\u00f3 Maciel PTB \u2013 196<\/p>\n\n\n\n<p class=\"wp-block-paragraph\">Wanne N\u00f3brega AVANTE \u2013 153<\/p>\n\n\n\n<p class=\"wp-block-paragraph\">Joao de Paizin PT \u2013 153<\/p>\n\n\n\n<p class=\"wp-block-paragraph\">Galego de Ademar AVANTE \u2013 108<\/p>\n\n\n\n<p class=\"wp-block-paragraph\"><strong>BOA VISTA:<\/strong><\/p>\n\n\n\n<p class=\"wp-block-paragraph\">Herbert PTB \u2013 421<\/p>\n\n\n\n<p class=\"wp-block-paragraph\">Carlos Jovem PROS \u2013 415<\/p>\n\n\n\n<p class=\"wp-block-paragraph\">Fernando Aires PTB \u2013 354<\/p>\n\n\n\n<p class=\"wp-block-paragraph\">Neguinho de Mel\u00fa PDT \u2013 310<\/p>\n\n\n\n<p class=\"wp-block-paragraph\">Fl\u00e1vio de Paulo PDT \u2013 294<\/p>\n\n\n\n<p class=\"wp-block-paragraph\">Dami\u00e3o da Sa\u00fade PDT \u2013 291<\/p>\n\n\n\n<p class=\"wp-block-paragraph\">Zeninho PDT \u2013 288<\/p>\n\n\n\n<p class=\"wp-block-paragraph\">Marin\u00e9zio PTB \u2013 279<\/p>\n\n\n\n<p class=\"wp-block-paragraph\">Sebasti\u00e3o Porto PTB \u2013 257<\/p>\n\n\n\n<p class=\"wp-block-paragraph\"><strong>CABACEIRAS<\/strong><\/p>\n\n\n\n<p class=\"wp-block-paragraph\">Reinaldo Ramos PP \u2013 447<\/p>\n\n\n\n<p class=\"wp-block-paragraph\">Nello PP \u2013 393<\/p>\n\n\n\n<p class=\"wp-block-paragraph\">Renato Maracaj\u00e1 PP \u2013 363<\/p>\n\n\n\n<p class=\"wp-block-paragraph\">Toninho Menezes PP \u2013 335<\/p>\n\n\n\n<p class=\"wp-block-paragraph\">Jo\u00e3o Farias PP \u2013 317<\/p>\n\n\n\n<p class=\"wp-block-paragraph\">Elvis D\u00f4so PSD \u2013 314<\/p>\n\n\n\n<p class=\"wp-block-paragraph\">L\u00e9o Aires PP \u2013 278<\/p>\n\n\n\n<p class=\"wp-block-paragraph\">Neto Castanha PP \u2013 253<\/p>\n\n\n\n<p class=\"wp-block-paragraph\">Orlando Moura PSD \u2013 249<\/p>\n\n\n\n<p class=\"wp-block-paragraph\"><strong>S\u00c3O DOMINGOS DO CARIRI<\/strong><\/p>\n\n\n\n<p class=\"wp-block-paragraph\">Serginho PP \u2013 219<\/p>\n\n\n\n<p class=\"wp-block-paragraph\">Erick Felipe PDT \u2013 219<\/p>\n\n\n\n<p class=\"wp-block-paragraph\">Toinho Pereira PP \u2013 207<\/p>\n\n\n\n<p class=\"wp-block-paragraph\">Pedroza PDT \u2013 194<\/p>\n\n\n\n<p class=\"wp-block-paragraph\">Z\u00e9 Inacio PDT \u2013 191<\/p>\n\n\n\n<p class=\"wp-block-paragraph\">Jailson Amorim PP \u2013 183<\/p>\n\n\n\n<p class=\"wp-block-paragraph\">Brenner PDT \u2013 164<\/p>\n\n\n\n<p class=\"wp-block-paragraph\">Antonio do Sofa PP \u2013 161<\/p>\n\n\n\n<p class=\"wp-block-paragraph\">Gercino PP \u2013 114<\/p>\n\n\n\n<p class=\"wp-block-paragraph\"><strong>CARA\u00daBAS<\/strong><\/p>\n\n\n\n<p class=\"wp-block-paragraph\">Neide DEM \u2013 351<\/p>\n\n\n\n<p class=\"wp-block-paragraph\">Tomaz DEM \u2013 342<\/p>\n\n\n\n<p class=\"wp-block-paragraph\">Teinha DEM \u2013 289<\/p>\n\n\n\n<p class=\"wp-block-paragraph\">Fabinho DEM \u2013 275<\/p>\n\n\n\n<p class=\"wp-block-paragraph\">Nero DEM \u2013 248<\/p>\n\n\n\n<p class=\"wp-block-paragraph\">Rosildo do \u00d3 PC do B \u2013 242<\/p>\n\n\n\n<p class=\"wp-block-paragraph\">Maria de Salgadinho DEM \u2013 215<\/p>\n\n\n\n<p class=\"wp-block-paragraph\">Bugi MDB \u2013 192<\/p>\n\n\n\n<p class=\"wp-block-paragraph\">Chico Caraubas PC do B \u2013 189<\/p>\n\n\n\n<p class=\"wp-block-paragraph\"><strong>Bazoca MDB \u2013 177 (in memoriam)<\/strong><\/p>\n\n\n\n<p class=\"wp-block-paragraph\">Joaozinho MDB \u2013 171<\/p>\n\n\n\n<p class=\"wp-block-paragraph\"><strong>CAMALA\u00da<\/strong><\/p>\n\n\n\n<p class=\"wp-block-paragraph\">C\u00e9lio M\u00f4co \u2013 PROS&nbsp; \u2013 624<\/p>\n\n\n\n<p class=\"wp-block-paragraph\">Lilinha \u2013 PROS \u2013 410<\/p>\n\n\n\n<p class=\"wp-block-paragraph\">Junior Lucas \u2013 PL \u2013 363<\/p>\n\n\n\n<p class=\"wp-block-paragraph\">Bezerr\u00e3o \u2013 PROS&nbsp; \u2013 333<\/p>\n\n\n\n<p class=\"wp-block-paragraph\">Fubica \u2013 PL&nbsp; \u2013 326<\/p>\n\n\n\n<p class=\"wp-block-paragraph\">Nicinha \u2013 PL \u2013 321<\/p>\n\n\n\n<p class=\"wp-block-paragraph\">Genildo \u2013 PL&nbsp; \u2013 281<\/p>\n\n\n\n<p class=\"wp-block-paragraph\">Netinho Matias \u2013 PROS&nbsp; \u2013 255<\/p>\n\n\n\n<p class=\"wp-block-paragraph\">Karina Vig\u00e1rio \u2013 PROS&nbsp; \u2013 230<\/p>\n\n\n\n<p class=\"wp-block-paragraph\"><strong>COXIXOLA<\/strong><\/p>\n\n\n\n<p class=\"wp-block-paragraph\">Adriana de Josimar \u2013 DEM&nbsp; \u2013 171<\/p>\n\n\n\n<p class=\"wp-block-paragraph\">Igor de Nanan \u2013 DEM \u2013 112<\/p>\n\n\n\n<p class=\"wp-block-paragraph\">Z\u00e9 de Gui \u2013 DEM \u2013 110<\/p>\n\n\n\n<p class=\"wp-block-paragraph\">Matheus Pereira \u2013 PC do B&nbsp; \u2013 101<\/p>\n\n\n\n<p class=\"wp-block-paragraph\">Roberio \u2013 DEM&nbsp; \u2013 92<\/p>\n\n\n\n<p class=\"wp-block-paragraph\">Braz Pedreiro \u2013 DEM&nbsp; \u2013 88<\/p>\n\n\n\n<p class=\"wp-block-paragraph\">Xanda \u2013 PC do B&nbsp; -87<\/p>\n\n\n\n<p class=\"wp-block-paragraph\">Valmir \u2013 DEM \u2013 87<\/p>\n\n\n\n<p class=\"wp-block-paragraph\">Cida de Altino \u2013 PC do B&nbsp; \u2013 77<\/p>\n\n\n\n<p class=\"wp-block-paragraph\"><strong>GURJ\u00c3O<\/strong><\/p>\n\n\n\n<p class=\"wp-block-paragraph\">Neta Camilo \u2013 REPUBLICANOS&nbsp; \u2013 253<\/p>\n\n\n\n<p class=\"wp-block-paragraph\">Patricia de Mica \u2013 PT \u2013 242<\/p>\n\n\n\n<p class=\"wp-block-paragraph\">Marcelo Farias \u2013 REPUBLICANOS \u2013 230<\/p>\n\n\n\n<p class=\"wp-block-paragraph\">Macielma Candido \u2013 REPUBLICANOS \u2013 220<\/p>\n\n\n\n<p class=\"wp-block-paragraph\">Selminha \u2013 REPUBLICANOS&nbsp; \u2013 198<\/p>\n\n\n\n<p class=\"wp-block-paragraph\">Bento Borges \u2013 REPUBLICANOS&nbsp; \u2013 173<\/p>\n\n\n\n<p class=\"wp-block-paragraph\">Ronaldo de Meira \u2013 REPUBLICANOS&nbsp; \u2013 169<\/p>\n\n\n\n<p class=\"wp-block-paragraph\">Edvan \u2013&nbsp;&nbsp;PT \u2013&nbsp;159<\/p>\n\n\n\n<p class=\"wp-block-paragraph\">Fabricia Silva \u2013 REPUBLICANOS \u2013 154<\/p>\n\n\n\n<p class=\"wp-block-paragraph\"><strong>AMPARO<\/strong><\/p>\n\n\n\n<p class=\"wp-block-paragraph\">Duda Barnab\u00e9 \u2013 DEM \u2013 203<\/p>\n\n\n\n<p class=\"wp-block-paragraph\">Flavio Messias \u2013 DEM \u2013 186<\/p>\n\n\n\n<p class=\"wp-block-paragraph\">Luiz de Roque \u2013 DEM \u2013 164<\/p>\n\n\n\n<p class=\"wp-block-paragraph\">Sicla\u00fadia \u2013 DEM \u2013 130<\/p>\n\n\n\n<p class=\"wp-block-paragraph\">Eduardo da F\u00e1rmacia \u2013 DEM -118<\/p>\n\n\n\n<p class=\"wp-block-paragraph\">Lucas de Mag\u00e9 \u2013 PDT \u2013 114<\/p>\n\n\n\n<p class=\"wp-block-paragraph\">Maria de Deta \u2013 CIDADANIA \u2013 114<\/p>\n\n\n\n<p class=\"wp-block-paragraph\">Lucas \u2013 CIDADANA \u2013 97Edvaldo Cacheado \u2013 PDT \u2013 87<strong>BARRA DE S\u00c3O MIGUEL<\/strong>Paloma de Nal de Paizinho \u2013 MDB \u2013 804<\/p>\n\n\n\n<p class=\"wp-block-paragraph\">Gentil \u2013 PP \u2013 761<\/p>\n\n\n\n<p class=\"wp-block-paragraph\">J\u00f3 do G\u00e1s \u2013 PP&nbsp; \u2013 691<\/p>\n\n\n\n<p class=\"wp-block-paragraph\">Wemerson de Z\u00e9 do Bar \u2013 MDB \u2013 610<\/p>\n\n\n\n<p class=\"wp-block-paragraph\">Genivaldo Vav\u00e1 da Ambul\u00e2ncia \u2013 MDB \u2013 607<\/p>\n\n\n\n<p class=\"wp-block-paragraph\">Luciene de F\u00e1 Cabral \u2013 PP \u2013 556<\/p>\n\n\n\n<p class=\"wp-block-paragraph\">F\u00e1 de Mo\u00e7a \u2013&nbsp;MDB \u2013&nbsp;530<\/p>\n\n\n\n<p class=\"wp-block-paragraph\">Valdinho \u2013 PP \u2013 511<\/p>\n\n\n\n<p class=\"wp-block-paragraph\">Cleubya \u2013 PP&nbsp; \u2013 483<\/p>\n\n\n\n<p class=\"wp-block-paragraph\"><strong>OURO VELHO<\/strong><\/p>\n\n\n\n<p class=\"wp-block-paragraph\">Erivonaldo Lopes \u2013 DEM&nbsp; \u2013 274<\/p>\n\n\n\n<p class=\"wp-block-paragraph\">Paulinho de Dr Juca \u2013 DEM \u2013 233<\/p>\n\n\n\n<p class=\"wp-block-paragraph\">Zilma Bernardo \u2013 DEM \u2013 229<\/p>\n\n\n\n<p class=\"wp-block-paragraph\">Marta Bernardo \u2013 DEM \u2013 193<\/p>\n\n\n\n<p class=\"wp-block-paragraph\">Givaldo \u2013 DEM \u2013 171<\/p>\n\n\n\n<p class=\"wp-block-paragraph\">Dona Lourdes \u2013 DEM \u2013 170<\/p>\n\n\n\n<p class=\"wp-block-paragraph\">Tereza Menezes \u2013 DEM \u2013 153<\/p>\n\n\n\n<p class=\"wp-block-paragraph\">Val \u2013&nbsp;DEM \u2013&nbsp;147<\/p>\n\n\n\n<p class=\"wp-block-paragraph\">Careca \u2013 DEM&nbsp; \u2013 122<\/p>\n\n\n\n<p class=\"wp-block-paragraph\"><strong>PRATA<\/strong><\/p>\n\n\n\n<p class=\"wp-block-paragraph\">Wagner de Diassis \u2013 PL&nbsp; \u2013 357<\/p>\n\n\n\n<p class=\"wp-block-paragraph\">Mario de Zeca \u2013 PL \u2013 313<\/p>\n\n\n\n<p class=\"wp-block-paragraph\">Estev\u00e3o \u2013 PL&nbsp; \u2013 305<\/p>\n\n\n\n<p class=\"wp-block-paragraph\">Tina de Manoel \u00c2ngelo \u2013 PL&nbsp; \u2013 269<\/p>\n\n\n\n<p class=\"wp-block-paragraph\">Ver\u00f4nica da Farm\u00e1cia \u2013 PL&nbsp; \u2013 259<\/p>\n\n\n\n<p class=\"wp-block-paragraph\">Adeilza da Cabe\u00e7a do Boi \u2013 DEM&nbsp; \u2013 243<\/p>\n\n\n\n<p class=\"wp-block-paragraph\">L\u00f4 \u2013 DEM&nbsp; \u2013 225<\/p>\n\n\n\n<p class=\"wp-block-paragraph\">Bob\u00f4 \u2013 DEM&nbsp; \u2013 219<\/p>\n\n\n\n<p class=\"wp-block-paragraph\">Erm\u00edrio Freitas \u2013 DEM&nbsp; \u2013 219<\/p>\n\n\n\n<p class=\"wp-block-paragraph\"><strong>PARARI<\/strong><\/p>\n\n\n\n<p class=\"wp-block-paragraph\">Fabio Junior \u2013 PL&nbsp; \u2013 218<\/p>\n\n\n\n<p class=\"wp-block-paragraph\">Adilson Ferraz \u2013 PL&nbsp; \u2013 166<\/p>\n\n\n\n<p class=\"wp-block-paragraph\">Wagner de Galego \u2013 PL \u2013 164<\/p>\n\n\n\n<p class=\"wp-block-paragraph\">Terto \u2013 PSD&nbsp; \u2013 144<\/p>\n\n\n\n<p class=\"wp-block-paragraph\">Fabiana \u2013 PL \u2013 137<\/p>\n\n\n\n<p class=\"wp-block-paragraph\">Berg Vilar \u2013 PL \u2013 117<\/p>\n\n\n\n<p class=\"wp-block-paragraph\">Ze do Povo \u2013&nbsp;PL&nbsp; \u2013&nbsp;107<\/p>\n\n\n\n<p class=\"wp-block-paragraph\">Lonio \u2013 PSD&nbsp; \u2013 94<\/p>\n\n\n\n<p class=\"wp-block-paragraph\">Assis Silva \u2013 PL&nbsp; \u2013 90<\/p>\n\n\n\n<p class=\"wp-block-paragraph\"><strong>SANTO ANDR\u00c9<\/strong><\/p>\n\n\n\n<p class=\"wp-block-paragraph\">Rodrigo Camilo \u2013 PP&nbsp; \u2013 205<\/p>\n\n\n\n<p class=\"wp-block-paragraph\">Cristiane Alves \u2013 REPUBLICANOS \u2013 158<\/p>\n\n\n\n<p class=\"wp-block-paragraph\">Denys \u2013 PP \u2013 158<\/p>\n\n\n\n<p class=\"wp-block-paragraph\">Jo\u00e3o Batista \u2013 REPUBLICANOS&nbsp; \u2013 126<\/p>\n\n\n\n<p class=\"wp-block-paragraph\">Adim Figueredo \u2013 REPUBLICANOS&nbsp; \u2013 117<\/p>\n\n\n\n<p class=\"wp-block-paragraph\">Felipe de Evandi \u2013 PDT \u2013 105<\/p>\n\n\n\n<p class=\"wp-block-paragraph\">Nildo Alves \u2013 PP \u2013 104<\/p>\n\n\n\n<p class=\"wp-block-paragraph\">Socorro Messias \u2013 PP \u2013 101<\/p>\n\n\n\n<p class=\"wp-block-paragraph\">Ch\u00e9ia \u2013 PDT&nbsp; \u2013 96<\/p>\n\n\n\n<p class=\"wp-block-paragraph\"><strong>S\u00c3O JOS\u00c9 DOS CORDEIROS<\/strong><\/p>\n\n\n\n<p class=\"wp-block-paragraph\">Walfredo Dantas \u2013 CIDADANIA&nbsp; \u2013 238<\/p>\n\n\n\n<p class=\"wp-block-paragraph\">Jandilson Maranh\u00e3o \u2013 PL \u2013 233<\/p>\n\n\n\n<p class=\"wp-block-paragraph\">Epifanio Lira \u2013 PC do B \u2013 222<\/p>\n\n\n\n<p class=\"wp-block-paragraph\">Luan Queiroz \u2013 PC do B \u2013 188<\/p>\n\n\n\n<p class=\"wp-block-paragraph\">Adiel \u2013 PC do B \u2013 181<\/p>\n\n\n\n<p class=\"wp-block-paragraph\">Nozinho \u2013 PL \u2013 147<\/p>\n\n\n\n<p class=\"wp-block-paragraph\">George \u2013 CIDADANIA \u2013 137<\/p>\n\n\n\n<p class=\"wp-block-paragraph\">Dami\u00e3o \u2013 CIDADANIA \u2013 124<\/p>\n\n\n\n<p class=\"wp-block-paragraph\">Zetinha \u2013 PL \u2013 105<\/p>\n\n\n\n<p class=\"wp-block-paragraph\"><strong>S\u00c3O JO\u00c3O DO CARIRI<\/strong><\/p>\n\n\n\n<p class=\"wp-block-paragraph\">Robson Brito \u2013 DEM \u2013 295<\/p>\n\n\n\n<p class=\"wp-block-paragraph\">Beto Gaudencio \u2013 DEM&nbsp; \u2013 289<\/p>\n\n\n\n<p class=\"wp-block-paragraph\">Natercio Farias \u2013 DEM \u2013 276<\/p>\n\n\n\n<p class=\"wp-block-paragraph\">Chic\u00e3o Medeiros \u2013 REPUBLICANOS \u2013 272<\/p>\n\n\n\n<p class=\"wp-block-paragraph\">George Aquino \u2013 CIDADANIA&nbsp; \u2013 264<\/p>\n\n\n\n<p class=\"wp-block-paragraph\">Helio Morais \u2013 DEM&nbsp; \u2013 213<\/p>\n\n\n\n<p class=\"wp-block-paragraph\">Francisco Junior \u2013 DEM \u2013 212<\/p>\n\n\n\n<p class=\"wp-block-paragraph\">Marcos Enfermeiro \u2013 DEM \u2013 202<\/p>\n\n\n\n<p class=\"wp-block-paragraph\">Romero Ramos -DEM&nbsp; \u2013 191<\/p>\n\n\n\n<p class=\"wp-block-paragraph\"><strong>S\u00c3O JO\u00c3O DO TIGRE<\/strong><\/p>\n\n\n\n<p class=\"wp-block-paragraph\">Arn\u00f3bio \u2013 REPUBLICANOS&nbsp; \u2013 369<\/p>\n\n\n\n<p class=\"wp-block-paragraph\">Marcos Ibiapino \u2013 REPUBLICANOS \u2013 278<\/p>\n\n\n\n<p class=\"wp-block-paragraph\">Gil de Beta \u2013 REPUBLICANOS \u2013 229<\/p>\n\n\n\n<p class=\"wp-block-paragraph\">Alessandro Lola \u2013 PSD \u2013 222<\/p>\n\n\n\n<p class=\"wp-block-paragraph\">Leninha de Calisto \u2013 REPUBLICANOS \u2013 211<\/p>\n\n\n\n<p class=\"wp-block-paragraph\">Lucinha de Milson \u2013 REPUBLICANOS&nbsp; \u2013 198<\/p>\n\n\n\n<p class=\"wp-block-paragraph\">Dedy Martins \u2013 REPUBLICANOS \u2013 188<\/p>\n\n\n\n<p class=\"wp-block-paragraph\">Valdiro \u2013 PSD \u2013 160<\/p>\n\n\n\n<p class=\"wp-block-paragraph\">Caxexa \u2013 PSD \u2013 147<\/p>\n\n\n\n<p class=\"wp-block-paragraph\"><strong>S\u00c3O SEBASTI\u00c3O DO UMBUZEIRO<\/strong><\/p>\n\n\n\n<p class=\"wp-block-paragraph\">Jailson Freitas \u2013 DEM&nbsp; \u2013 349<\/p>\n\n\n\n<p class=\"wp-block-paragraph\">D\u00eanis Freitas \u2013 DEM \u2013 295<\/p>\n\n\n\n<p class=\"wp-block-paragraph\">Sildete do Sal\u00e3o \u2013 DEM \u2013 246<\/p>\n\n\n\n<p class=\"wp-block-paragraph\">Cicero Lira \u2013 DEM&nbsp; \u2013 245<\/p>\n\n\n\n<p class=\"wp-block-paragraph\">Celinha de Edmilson \u2013 DEM \u2013 192<\/p>\n\n\n\n<p class=\"wp-block-paragraph\">Z\u00e9 de Dita \u2013 DEM \u2013 186<\/p>\n\n\n\n<p class=\"wp-block-paragraph\">Toinho de D\u00eate \u2013 DEM \u2013 185<\/p>\n\n\n\n<p class=\"wp-block-paragraph\">J\u00fanior de Agenor \u2013 PSDB \u2013 163<\/p>\n\n\n\n<p class=\"wp-block-paragraph\">Ivanilson Luiz \u2013 PSDB \u2013 146<\/p>\n\n\n\n<p class=\"wp-block-paragraph\"><strong>ZABEL\u00ca<\/strong><\/p>\n\n\n\n<p class=\"wp-block-paragraph\">Vagner Capoeira \u2013 PSDB \u2013 187<\/p>\n\n\n\n<p class=\"wp-block-paragraph\">Monica de Ferreira \u2013 MDB \u2013 166<\/p>\n\n\n\n<p class=\"wp-block-paragraph\">Juninho de Marleide \u2013 PSDB&nbsp; \u2013 159<\/p>\n\n\n\n<p class=\"wp-block-paragraph\">Z\u00e9 Claudio \u2013 PSDB \u2013 155<\/p>\n\n\n\n<p class=\"wp-block-paragraph\">Pedro Apolin\u00e1rio \u2013 PSDB \u2013 122<\/p>\n\n\n\n<p class=\"wp-block-paragraph\">Messias dos Penha \u2013 PP \u2013 115<\/p>\n\n\n\n<p class=\"wp-block-paragraph\">Jair \u2013 PSDB \u2013 101<\/p>\n\n\n\n<p class=\"wp-block-paragraph\">Vandinha \u2013 PSDB \u2013 95<\/p>\n\n\n\n<p class=\"wp-block-paragraph\">Preto Nogueira \u2013 MDB \u2013 61<\/p>\n\n\n\n<p class=\"wp-block-paragraph\">De Olho no Cariri<\/p>\n","protected":false},"excerpt":{"rendered":"<p>LEVANTAMENTO EXCLUSIVO:&nbsp;Ap\u00f3s a apura\u00e7\u00e3o das urnas no \u00faltimo domingo, os munic\u00edpios do Cariri j\u00e1 conhecem seus novos vereadores para a Legislatura 2021\/2024. O Portal De Olho no Cariri fez um levantamento abrangente com os eleitos e suas vota\u00e7\u00f5es em todos os munic\u00edpios da regi\u00e3o. Confira a lista de eleitos por cidade do Cariri paraibano: MONTEIRO Conrado \u2013 CIDADANIA&nbsp; \u2013 1.303 Nadeje \u2013 CIDADANIA \u2013 1.071 Caj\u00f3 \u2013 CIDADANIA&nbsp; \u2013 979 Sargento Farias \u2013 CIDADANIA&nbsp; \u2013 875 Bi\u00e3o \u2013 CIDADANIA \u2013 874 Lito de Dona Socorro \u2013 PSDB&nbsp; \u2013 774 Paulo Sergio \u2013 CIDADANIA \u2013 661 Toinho de Nequinho \u2013 CIDADANIA \u2013 596 D\u00e1cio de D\u00e9cio \u2013 PROS&nbsp; \u2013 499 Sandro de Ipueira Funda \u2013 PSDB \u2013 494 C\u00edcero do Mulungu \u2013 PSDB \u2013 489 Andr\u00e9ia das Cupiras \u2013 PROS&nbsp; \u2013 423 SERRA BRANCA Hercules Holanda \u2013 PSDB \u2013 549 Kleber Ribeiro \u2013 PP \u2013 534 Ronaldo da Ceramica \u2013 PATRIOTA \u2013 442 Esperdiao Francisco \u2013 PP \u2013 440 Diogenes Sales \u2013 PSDB \u2013 423 Valber Pinto \u2013 PSDB \u2013 418 Macilon \u2013 PT \u2013 414 Reidrique \u2013 PP \u2013 376 Paulo Sergio de Sucuru \u2013 PP \u2013 329 SUM\u00c9 Fontinele Santa Cruz \u2013 CIDADANIA&nbsp; \u2013 526 Ivandro Produ\u00e7\u00f5es \u2013 PSD \u2013 496 Jos\u00e9 Antonio \u2013 PL&nbsp; \u2013 455 Daniel L\u00eala \u2013 CIDADANIA&nbsp; \u2013 449 Dida Alves&nbsp;SOLIDARIEDADE \u2013&nbsp;401 L\u00e1zaro do S\u00e3o L\u00e1zaro \u2013 SOLIDARIEDADE \u2013 382 Dami\u00e3o do Pio X \u2013 PL \u2013 377 Bomba \u2013&nbsp;PL&nbsp; \u2013&nbsp;372 Branco Xiliu \u2013 PL \u2013 362 Sabugo \u2013 SOLIDARIEDADE \u2013 338 Antonio Carlos Sarmento \u2013 CIDADANIA \u2013 326 TAPERO\u00c1 Tito Rio Grande \u2013 PP \u2013 506 George Dot\u00f4zin \u2013 PSDB \u2013 499 Chiquinho Patativa \u2013&nbsp;PP \u2013&nbsp;460 Macilon Melqu\u00edades \u2013 PDT \u2013 414 Birino Brito \u2013&nbsp;PP \u2013&nbsp;402 Geovanio \u2013&nbsp;PSDB \u2013&nbsp;365 Ailton Paulo \u2013&nbsp;PP \u2013&nbsp;365 Ant\u00f4nio Vicente \u2013&nbsp;PDT \u2013&nbsp;342 Bonga de Al\u00edrio \u2013&nbsp;PSDB \u2013&nbsp;298 Salatiel de Sandoval \u2013 PTC \u2013 288 Beto da Internet \u2013&nbsp;PSDB \u2013&nbsp;256 JUAZEIRINHO Nilda de C\u00edcero AVANTE \u2013 537 J\u00f3 da Ilha AVANTE \u2013 509 Marquinhos Matias REPUBLICANOS \u2013 497 Professor Josiv\u00e2nio REPUBLICANOS \u2013 493 Danillo Marinheiro REPUBLICANOS \u2013 489 Fernando Cadete REPUBLICANOS \u2013 474 L\u00e9o Medeiros REPUBLICANOS \u2013 469 Emanuelly da Col\u00f4nia REPUBLICANOS \u2013 437 D\u00e9da do Mendon\u00e7a AVANTE \u2013 392 Antonio Mota DEM \u2013 356 Normelio Trajano PSD \u2013 241 LIVRAMENTO Valdomiro Sanfoneiro PL \u2013 475 Cenildo PL \u2013 452 Halley PL \u2013 409 Nildo PL \u2013 389 Naldo PL \u2013 359 Jav\u00e3 Papezim REPUBLICANOS \u2013 288 Adriana PL \u2013 206 Flavio Leite DEM \u2013 204 Junior de Durval PL \u2013 151 ASSUN\u00c7\u00c3O Anazilda PTB \u2013 335 Aluska Martiniano AVANTE \u2013 310 Ivonaldo Leal AVANTE \u2013 294 Lula PTB \u2013 286 M\u00e1rcio de Z\u00e9lia PTB \u2013 231 Coc\u00f3 Maciel PTB \u2013 196 Wanne N\u00f3brega AVANTE \u2013 153 Joao de Paizin PT \u2013 153 Galego de Ademar AVANTE \u2013 108 BOA VISTA: Herbert PTB \u2013 421 Carlos Jovem PROS \u2013 415 Fernando Aires PTB \u2013 354 Neguinho de Mel\u00fa PDT \u2013 310 Fl\u00e1vio de Paulo PDT \u2013 294 Dami\u00e3o da Sa\u00fade PDT \u2013 291 Zeninho PDT \u2013 288 Marin\u00e9zio PTB \u2013 279 Sebasti\u00e3o Porto PTB \u2013 257 CABACEIRAS Reinaldo Ramos PP \u2013 447 Nello PP \u2013 393 Renato Maracaj\u00e1 PP \u2013 363 Toninho Menezes PP \u2013 335 Jo\u00e3o Farias PP \u2013 317 Elvis D\u00f4so PSD \u2013 314 L\u00e9o Aires PP \u2013 278 Neto Castanha PP \u2013 253 Orlando Moura PSD \u2013 249 S\u00c3O DOMINGOS DO CARIRI Serginho PP \u2013 219 Erick Felipe PDT \u2013 219 Toinho Pereira PP \u2013 207 Pedroza PDT \u2013 194 Z\u00e9 Inacio PDT \u2013 191 Jailson Amorim PP \u2013 183 Brenner PDT \u2013 164 Antonio do Sofa PP \u2013 161 Gercino PP \u2013 114 CARA\u00daBAS Neide DEM \u2013 351 Tomaz DEM \u2013 342 Teinha DEM \u2013 289 Fabinho DEM \u2013 275 Nero DEM \u2013 248 Rosildo do \u00d3 PC do B \u2013 242 Maria de Salgadinho DEM \u2013 215 Bugi MDB \u2013 192 Chico Caraubas PC do B \u2013 189 Bazoca MDB \u2013 177 (in memoriam) Joaozinho MDB \u2013 171 CAMALA\u00da C\u00e9lio M\u00f4co \u2013 PROS&nbsp; \u2013 624 Lilinha \u2013 PROS \u2013 410 Junior Lucas \u2013 PL \u2013 363 Bezerr\u00e3o \u2013 PROS&nbsp; \u2013 333 Fubica \u2013 PL&nbsp; \u2013 326 Nicinha \u2013 PL \u2013 321 Genildo \u2013 PL&nbsp; \u2013 281 Netinho Matias \u2013 PROS&nbsp; \u2013 255 Karina Vig\u00e1rio \u2013 PROS&nbsp; \u2013 230 COXIXOLA Adriana de Josimar \u2013 DEM&nbsp; \u2013 171 Igor de Nanan \u2013 DEM \u2013 112 Z\u00e9 de Gui \u2013 DEM \u2013 110 Matheus Pereira \u2013 PC do B&nbsp; \u2013 101 Roberio \u2013 DEM&nbsp; \u2013 92 Braz Pedreiro \u2013 DEM&nbsp; \u2013 88 Xanda \u2013 PC do B&nbsp; -87 Valmir \u2013 DEM \u2013 87 Cida de Altino \u2013 PC do B&nbsp; \u2013 77 GURJ\u00c3O Neta Camilo \u2013 REPUBLICANOS&nbsp; \u2013 253 Patricia de Mica \u2013 PT \u2013 242 Marcelo Farias \u2013 REPUBLICANOS \u2013 230 Macielma Candido \u2013 REPUBLICANOS \u2013 220 Selminha \u2013 REPUBLICANOS&nbsp; \u2013 198 Bento Borges \u2013 REPUBLICANOS&nbsp; \u2013 173 Ronaldo de Meira \u2013 REPUBLICANOS&nbsp; \u2013 169 Edvan \u2013&nbsp;&nbsp;PT \u2013&nbsp;159 Fabricia Silva \u2013 REPUBLICANOS \u2013 154 AMPARO Duda Barnab\u00e9 \u2013 DEM \u2013 203 Flavio Messias \u2013 DEM \u2013 186 Luiz de Roque \u2013 DEM \u2013 164 Sicla\u00fadia \u2013 DEM \u2013 130 Eduardo da F\u00e1rmacia \u2013 DEM -118 Lucas de Mag\u00e9 \u2013 PDT \u2013 114 Maria de Deta \u2013 CIDADANIA \u2013 114 Lucas \u2013 CIDADANA \u2013 97Edvaldo Cacheado \u2013 PDT \u2013 87BARRA DE S\u00c3O MIGUELPaloma de Nal de Paizinho \u2013 MDB \u2013 804 Gentil \u2013 PP \u2013 761 J\u00f3 do G\u00e1s \u2013 PP&nbsp; \u2013 691 Wemerson de Z\u00e9 do Bar \u2013 MDB \u2013 610 Genivaldo Vav\u00e1 da Ambul\u00e2ncia \u2013 MDB \u2013 607 Luciene de F\u00e1 Cabral \u2013 PP \u2013 556 F\u00e1 de Mo\u00e7a \u2013&nbsp;MDB \u2013&nbsp;530 Valdinho \u2013 PP \u2013 511 Cleubya \u2013 PP&nbsp; \u2013 483 OURO VELHO Erivonaldo Lopes \u2013 DEM&nbsp; \u2013 274 Paulinho de Dr Juca \u2013 DEM \u2013 233 Zilma Bernardo \u2013 DEM \u2013 229 Marta Bernardo \u2013 DEM \u2013 193 Givaldo \u2013 DEM \u2013 171 Dona Lourdes \u2013 DEM \u2013 170 Tereza Menezes \u2013 DEM \u2013 153 Val \u2013&nbsp;DEM \u2013&nbsp;147 Careca \u2013 DEM&nbsp; \u2013 122 PRATA Wagner de Diassis \u2013 PL&nbsp; \u2013 357 Mario de Zeca<\/p>\n","protected":false},"author":6,"featured_media":191127,"comment_status":"closed","ping_status":"closed","sticky":false,"template":"","format":"standard","meta":{"sfsi_plus_gutenberg_text_before_share":"","sfsi_plus_gutenberg_show_text_before_share":"","sfsi_plus_gutenberg_icon_type":"","sfsi_plus_gutenberg_icon_alignemt":"","sfsi_plus_gutenburg_max_per_row":"","footnotes":""},"categories":[106,50],"tags":[],"class_list":["post-195740","post","type-post","status-publish","format-standard","has-post-thumbnail","hentry","category-cariri","category-destaque"],"_links":{"self":[{"href":"https:\/\/www.caririemacao.com\/1\/wp-json\/wp\/v2\/posts\/195740","targetHints":{"allow":["GET"]}}],"collection":[{"href":"https:\/\/www.caririemacao.com\/1\/wp-json\/wp\/v2\/posts"}],"about":[{"href":"https:\/\/www.caririemacao.com\/1\/wp-json\/wp\/v2\/types\/post"}],"author":[{"embeddable":true,"href":"https:\/\/www.caririemacao.com\/1\/wp-json\/wp\/v2\/users\/6"}],"replies":[{"embeddable":true,"href":"https:\/\/www.caririemacao.com\/1\/wp-json\/wp\/v2\/comments?post=195740"}],"version-history":[{"count":1,"href":"https:\/\/www.caririemacao.com\/1\/wp-json\/wp\/v2\/posts\/195740\/revisions"}],"predecessor-version":[{"id":195741,"href":"https:\/\/www.caririemacao.com\/1\/wp-json\/wp\/v2\/posts\/195740\/revisions\/195741"}],"wp:featuredmedia":[{"embeddable":true,"href":"https:\/\/www.caririemacao.com\/1\/wp-json\/wp\/v2\/media\/191127"}],"wp:attachment":[{"href":"https:\/\/www.caririemacao.com\/1\/wp-json\/wp\/v2\/media?parent=195740"}],"wp:term":[{"taxonomy":"category","embeddable":true,"href":"https:\/\/www.caririemacao.com\/1\/wp-json\/wp\/v2\/categories?post=195740"},{"taxonomy":"post_tag","embeddable":true,"href":"https:\/\/www.caririemacao.com\/1\/wp-json\/wp\/v2\/tags?post=195740"}],"curies":[{"name":"wp","href":"https:\/\/api.w.org\/{rel}","templated":true}]}}