{"id":196049,"date":"2020-11-20T16:21:14","date_gmt":"2020-11-20T19:21:14","guid":{"rendered":"https:\/\/www.caririemacao.com\/1\/?p=196049"},"modified":"2020-11-20T16:21:14","modified_gmt":"2020-11-20T19:21:14","slug":"varejo-na-regiao-metropolitana-de-joao-pessoa-cresce-678-em-setembro","status":"publish","type":"post","link":"https:\/\/www.caririemacao.com\/1\/2020\/11\/20\/varejo-na-regiao-metropolitana-de-joao-pessoa-cresce-678-em-setembro\/","title":{"rendered":"Varejo na Regi\u00e3o Metropolitana de Jo\u00e3o Pessoa cresce 6,78% em setembro"},"content":{"rendered":"\n<p class=\"wp-block-paragraph\">Mesmo com a pandemia, o com\u00e9rcio varejista ampliado que inclui&nbsp;o setor automotivo e de materiais de constru\u00e7\u00e3o apresentou alta de 6,79% no volume de vendas em rela\u00e7\u00e3o a setembro do ano passado na Regi\u00e3o Metropolitana de Jo\u00e3o Pessoa. De acordo com os dados que o ClickPB teve acesso, nesta sexta-feira (20) o aumento entra para o acumulado de altas nas vendas desde maio.&nbsp;O estudo foi realizado pelo Instituto de Planejamento, Estat\u00edstica e Desenvolvimento da Para\u00edba (INPES) da Fecom\u00e9rcio Para\u00edba.<\/p>\n\n\n\n<p class=\"wp-block-paragraph\">A pesquisa \u00e9 realizada no Com\u00e9rcio Varejista da Regi\u00e3o Metropolitana de Jo\u00e3o Pessoa e acompanha mensalmente 12 segmentos, incluindo empresas de micro, pequeno, m\u00e9dio e grande porte. A amostra foi de 351 estabelecimentos comerciais.<\/p>\n\n\n\n<p class=\"wp-block-paragraph\">Na compara\u00e7\u00e3o anual, os segmentos que mais cresceram foram os de eletrodom\u00e9sticos e eletroeletr\u00f4nicos (45,72%), materiais de constru\u00e7\u00e3o (44,51%) e farm\u00e1cias, drogarias e perfumarias (23,66%). Por outro lado, apresentaram desempenho negativo nas vendas: combust\u00edveis (-23,45%), cal\u00e7ados (-18,64%), m\u00f3veis e decora\u00e7\u00f5es (-13,41%), vestu\u00e1rio (-11,11%) e autope\u00e7as e acess\u00f3rios (-8,95%).<\/p>\n\n\n\n<p class=\"wp-block-paragraph\">J\u00e1 na compara\u00e7\u00e3o de setembro em rela\u00e7\u00e3o a agosto, o volume de vendas do com\u00e9rcio varejista ampliado registrou, em valores reais, um resultado praticamente est\u00e1vel, com uma pequena retra\u00e7\u00e3o de 0,34%, ap\u00f3s uma trajet\u00f3ria de crescimento cont\u00ednuo que vinha acontecendo desde maio de 2020 na s\u00e9rie sem ajuste sazonal.<\/p>\n\n\n\n<p class=\"wp-block-paragraph\">Ainda nessa compara\u00e7\u00e3o, houve resultado positivo em sete dos doze segmentos acompanhados, com destaque para cine-foto-som e \u00f3ticas (19,79%), combust\u00edveis (10,39%), tecidos (8,85%) e cal\u00e7ados (6,66%). Em sentido oposto, houve retra\u00e7\u00e3o nas vendas de m\u00f3veis e decora\u00e7\u00f5es (-10,80%), supermercados e mercadinhos (-4,94%), farm\u00e1cias, drogarias e perfumarias (-3,58%), autope\u00e7as e acess\u00f3rios (-3,07%), e eletrodom\u00e9sticos e eletroeletr\u00f4nicos (-1,30%).<\/p>\n\n\n\n<p class=\"wp-block-paragraph\">Click PB<\/p>\n","protected":false},"excerpt":{"rendered":"<p>Mesmo com a pandemia, o com\u00e9rcio varejista ampliado que inclui&nbsp;o setor automotivo e de materiais de constru\u00e7\u00e3o apresentou alta de 6,79% no volume de vendas em rela\u00e7\u00e3o a setembro do ano passado na Regi\u00e3o Metropolitana de Jo\u00e3o Pessoa. De acordo com os dados que o ClickPB teve acesso, nesta sexta-feira (20) o aumento entra para o acumulado de altas nas vendas desde maio.&nbsp;O estudo foi realizado pelo Instituto de Planejamento, Estat\u00edstica e Desenvolvimento da Para\u00edba (INPES) da Fecom\u00e9rcio Para\u00edba. A pesquisa \u00e9 realizada no Com\u00e9rcio Varejista da Regi\u00e3o Metropolitana de Jo\u00e3o Pessoa e acompanha mensalmente 12 segmentos, incluindo empresas de micro, pequeno, m\u00e9dio e grande porte. A amostra foi de 351 estabelecimentos comerciais. Na compara\u00e7\u00e3o anual, os segmentos que mais cresceram foram os de eletrodom\u00e9sticos e eletroeletr\u00f4nicos (45,72%), materiais de constru\u00e7\u00e3o (44,51%) e farm\u00e1cias, drogarias e perfumarias (23,66%). Por outro lado, apresentaram desempenho negativo nas vendas: combust\u00edveis (-23,45%), cal\u00e7ados (-18,64%), m\u00f3veis e decora\u00e7\u00f5es (-13,41%), vestu\u00e1rio (-11,11%) e autope\u00e7as e acess\u00f3rios (-8,95%). J\u00e1 na compara\u00e7\u00e3o de setembro em rela\u00e7\u00e3o a agosto, o volume de vendas do com\u00e9rcio varejista ampliado registrou, em valores reais, um resultado praticamente est\u00e1vel, com uma pequena retra\u00e7\u00e3o de 0,34%, ap\u00f3s uma trajet\u00f3ria de crescimento cont\u00ednuo que vinha acontecendo desde maio de 2020 na s\u00e9rie sem ajuste sazonal. Ainda nessa compara\u00e7\u00e3o, houve resultado positivo em sete dos doze segmentos acompanhados, com destaque para cine-foto-som e \u00f3ticas (19,79%), combust\u00edveis (10,39%), tecidos (8,85%) e cal\u00e7ados (6,66%). Em sentido oposto, houve retra\u00e7\u00e3o nas vendas de m\u00f3veis e decora\u00e7\u00f5es (-10,80%), supermercados e mercadinhos (-4,94%), farm\u00e1cias, drogarias e perfumarias (-3,58%), autope\u00e7as e acess\u00f3rios (-3,07%), e eletrodom\u00e9sticos e eletroeletr\u00f4nicos (-1,30%). Click PB<\/p>\n","protected":false},"author":6,"featured_media":196050,"comment_status":"closed","ping_status":"closed","sticky":false,"template":"","format":"standard","meta":{"sfsi_plus_gutenberg_text_before_share":"","sfsi_plus_gutenberg_show_text_before_share":"","sfsi_plus_gutenberg_icon_type":"","sfsi_plus_gutenberg_icon_alignemt":"","sfsi_plus_gutenburg_max_per_row":"","footnotes":""},"categories":[50,107,115],"tags":[],"class_list":["post-196049","post","type-post","status-publish","format-standard","has-post-thumbnail","hentry","category-destaque","category-economia","category-joao-pessoa"],"_links":{"self":[{"href":"https:\/\/www.caririemacao.com\/1\/wp-json\/wp\/v2\/posts\/196049","targetHints":{"allow":["GET"]}}],"collection":[{"href":"https:\/\/www.caririemacao.com\/1\/wp-json\/wp\/v2\/posts"}],"about":[{"href":"https:\/\/www.caririemacao.com\/1\/wp-json\/wp\/v2\/types\/post"}],"author":[{"embeddable":true,"href":"https:\/\/www.caririemacao.com\/1\/wp-json\/wp\/v2\/users\/6"}],"replies":[{"embeddable":true,"href":"https:\/\/www.caririemacao.com\/1\/wp-json\/wp\/v2\/comments?post=196049"}],"version-history":[{"count":1,"href":"https:\/\/www.caririemacao.com\/1\/wp-json\/wp\/v2\/posts\/196049\/revisions"}],"predecessor-version":[{"id":196051,"href":"https:\/\/www.caririemacao.com\/1\/wp-json\/wp\/v2\/posts\/196049\/revisions\/196051"}],"wp:featuredmedia":[{"embeddable":true,"href":"https:\/\/www.caririemacao.com\/1\/wp-json\/wp\/v2\/media\/196050"}],"wp:attachment":[{"href":"https:\/\/www.caririemacao.com\/1\/wp-json\/wp\/v2\/media?parent=196049"}],"wp:term":[{"taxonomy":"category","embeddable":true,"href":"https:\/\/www.caririemacao.com\/1\/wp-json\/wp\/v2\/categories?post=196049"},{"taxonomy":"post_tag","embeddable":true,"href":"https:\/\/www.caririemacao.com\/1\/wp-json\/wp\/v2\/tags?post=196049"}],"curies":[{"name":"wp","href":"https:\/\/api.w.org\/{rel}","templated":true}]}}