{"id":196833,"date":"2020-11-27T10:30:35","date_gmt":"2020-11-27T13:30:35","guid":{"rendered":"https:\/\/www.caririemacao.com\/1\/?p=196833"},"modified":"2020-11-27T10:30:35","modified_gmt":"2020-11-27T13:30:35","slug":"protocolos-sanitarios-continuam-valendo-para-o-2o-turno-das-eleicoes-2020","status":"publish","type":"post","link":"https:\/\/www.caririemacao.com\/1\/2020\/11\/27\/protocolos-sanitarios-continuam-valendo-para-o-2o-turno-das-eleicoes-2020\/","title":{"rendered":"Protocolos sanit\u00e1rios continuam valendo para o 2\u00ba turno das Elei\u00e7\u00f5es 2020"},"content":{"rendered":"\n<p class=\"wp-block-paragraph\">Eleitores de 57 cidades voltam \u00e0s urnas neste domingo (29) para escolher seus prefeitos no segundo turno das Elei\u00e7\u00f5es Municipais de 2020. Para garantir a prote\u00e7\u00e3o de todos durante a vota\u00e7\u00e3o, os protocolos sanit\u00e1rios e os cuidados s\u00e3o os mesmos adotados no primeiro turno.<\/p>\n\n\n\n<p class=\"wp-block-paragraph\">Os protocolos inseridos no Plano de Seguran\u00e7a Sanit\u00e1ria para as Elei\u00e7\u00f5es Municipais de 2020 foram elaborados por uma consultoria gratuita formada por especialistas da Fiocruz e dos hospitais S\u00edrio-Liban\u00eas e Albert Einstein. O objetivo \u00e9 evitar aglomera\u00e7\u00f5es e a dissemina\u00e7\u00e3o do novo coronav\u00edrus nas se\u00e7\u00f5es eleitorais.<\/p>\n\n\n\n<p class=\"wp-block-paragraph\">Assim, a orienta\u00e7\u00e3o do Tribunal Superior Eleitoral (TSE) \u00e9 para que o eleitor saia de casa, vote e retorne \u00e0 sua resid\u00eancia sempre usando m\u00e1scara facial. Antes e depois de votar, o eleitor dever\u00e1 higienizar as m\u00e3os com \u00e1lcool em gel, que estar\u00e1 dispon\u00edvel em cada se\u00e7\u00e3o. Enquanto estiver na se\u00e7\u00e3o, ele dever\u00e1 tamb\u00e9m respeitar o distanciamento entre uma pessoa e outra, definido pelos marcadores adesivos que estar\u00e3o no ch\u00e3o.<\/p>\n\n\n\n<p class=\"wp-block-paragraph\"><strong>M\u00e1scaras<\/strong><\/p>\n\n\n\n<p class=\"wp-block-paragraph\">O uso de m\u00e1scara \u00e9 considerado por m\u00e9dicos especialistas e infectologistas como uma das principais medidas de prote\u00e7\u00e3o de que o eleitor disp\u00f5e para prevenir a propaga\u00e7\u00e3o do v\u00edrus pelo ar, particularmente em situa\u00e7\u00f5es em que haja a circula\u00e7\u00e3o de pessoas.<\/p>\n\n\n\n<p class=\"wp-block-paragraph\">Portanto, o uso de m\u00e1scara facial \u00e9 obrigat\u00f3rio para que o eleitor possa entrar e permanecer na se\u00e7\u00e3o eleitoral. A medida tamb\u00e9m vale para os mes\u00e1rios, que, al\u00e9m das m\u00e1scaras, dever\u00e3o utilizar face shields (protetores faciais). Caso o eleitor se dirija \u00e0 se\u00e7\u00e3o eleitoral sem usar m\u00e1scara e insista em descumprir o protocolo sanit\u00e1rio, ele poder\u00e1 ser impedido de entrar.<\/p>\n\n\n\n<p class=\"wp-block-paragraph\">A recomenda\u00e7\u00e3o para que o eleitor leve a sua pr\u00f3pria caneta tamb\u00e9m continua valendo no segundo turno. Mas o uso da caneta \u00e9 apenas para o eleitor assinar o caderno de vota\u00e7\u00e3o. Ela n\u00e3o deve ser utilizada na cabine de vota\u00e7\u00e3o, diante da urna.<\/p>\n\n\n\n<p class=\"wp-block-paragraph\"><strong>Identifica\u00e7\u00e3o<\/strong><\/p>\n\n\n\n<p class=\"wp-block-paragraph\">A exemplo do primeiro turno, ao entrar na se\u00e7\u00e3o eleitoral, o eleitor dever\u00e1 mostrar um documento oficial com foto, esticando o bra\u00e7o para que o mes\u00e1rio possa, a dist\u00e2ncia, verificar os seus dados de identifica\u00e7\u00e3o. Nos locais de voto, n\u00e3o ser\u00e1 permitido ao eleitor se alimentar, beber ou praticar a\u00e7\u00e3o que necessite a retirada da m\u00e1scara facial.<\/p>\n\n\n\n<p class=\"wp-block-paragraph\">O eleitor tamb\u00e9m deve ficar atento \u00e0 proibi\u00e7\u00e3o do uso de aparelho celular dentro da cabine de vota\u00e7\u00e3o. A proibi\u00e7\u00e3o tem por intuito proteger o sigilo do voto. A Lei n\u00ba 9.504\/1997 (Lei das Elei\u00e7\u00f5es) pro\u00edbe expressamente o ingresso, na cabine de vota\u00e7\u00e3o, com celular, m\u00e1quina fotogr\u00e1fica e filmadora.<\/p>\n\n\n\n<p class=\"wp-block-paragraph\">As recomenda\u00e7\u00f5es para a preserva\u00e7\u00e3o da sa\u00fade de eleitores e mes\u00e1rios est\u00e3o previstas na Resolu\u00e7\u00e3o TSE n\u00ba 23.631\/2020 e no Plano de Seguran\u00e7a Sanit\u00e1ria para as Elei\u00e7\u00f5es Municipais de 2020.<\/p>\n\n\n\n<p class=\"wp-block-paragraph\">ClickPB<\/p>\n","protected":false},"excerpt":{"rendered":"<p>Eleitores de 57 cidades voltam \u00e0s urnas neste domingo (29) para escolher seus prefeitos no segundo turno das Elei\u00e7\u00f5es Municipais de 2020. Para garantir a prote\u00e7\u00e3o de todos durante a vota\u00e7\u00e3o, os protocolos sanit\u00e1rios e os cuidados s\u00e3o os mesmos adotados no primeiro turno. Os protocolos inseridos no Plano de Seguran\u00e7a Sanit\u00e1ria para as Elei\u00e7\u00f5es Municipais de 2020 foram elaborados por uma consultoria gratuita formada por especialistas da Fiocruz e dos hospitais S\u00edrio-Liban\u00eas e Albert Einstein. O objetivo \u00e9 evitar aglomera\u00e7\u00f5es e a dissemina\u00e7\u00e3o do novo coronav\u00edrus nas se\u00e7\u00f5es eleitorais. Assim, a orienta\u00e7\u00e3o do Tribunal Superior Eleitoral (TSE) \u00e9 para que o eleitor saia de casa, vote e retorne \u00e0 sua resid\u00eancia sempre usando m\u00e1scara facial. Antes e depois de votar, o eleitor dever\u00e1 higienizar as m\u00e3os com \u00e1lcool em gel, que estar\u00e1 dispon\u00edvel em cada se\u00e7\u00e3o. Enquanto estiver na se\u00e7\u00e3o, ele dever\u00e1 tamb\u00e9m respeitar o distanciamento entre uma pessoa e outra, definido pelos marcadores adesivos que estar\u00e3o no ch\u00e3o. M\u00e1scaras O uso de m\u00e1scara \u00e9 considerado por m\u00e9dicos especialistas e infectologistas como uma das principais medidas de prote\u00e7\u00e3o de que o eleitor disp\u00f5e para prevenir a propaga\u00e7\u00e3o do v\u00edrus pelo ar, particularmente em situa\u00e7\u00f5es em que haja a circula\u00e7\u00e3o de pessoas. Portanto, o uso de m\u00e1scara facial \u00e9 obrigat\u00f3rio para que o eleitor possa entrar e permanecer na se\u00e7\u00e3o eleitoral. A medida tamb\u00e9m vale para os mes\u00e1rios, que, al\u00e9m das m\u00e1scaras, dever\u00e3o utilizar face shields (protetores faciais). Caso o eleitor se dirija \u00e0 se\u00e7\u00e3o eleitoral sem usar m\u00e1scara e insista em descumprir o protocolo sanit\u00e1rio, ele poder\u00e1 ser impedido de entrar. A recomenda\u00e7\u00e3o para que o eleitor leve a sua pr\u00f3pria caneta tamb\u00e9m continua valendo no segundo turno. Mas o uso da caneta \u00e9 apenas para o eleitor assinar o caderno de vota\u00e7\u00e3o. Ela n\u00e3o deve ser utilizada na cabine de vota\u00e7\u00e3o, diante da urna. Identifica\u00e7\u00e3o A exemplo do primeiro turno, ao entrar na se\u00e7\u00e3o eleitoral, o eleitor dever\u00e1 mostrar um documento oficial com foto, esticando o bra\u00e7o para que o mes\u00e1rio possa, a dist\u00e2ncia, verificar os seus dados de identifica\u00e7\u00e3o. Nos locais de voto, n\u00e3o ser\u00e1 permitido ao eleitor se alimentar, beber ou praticar a\u00e7\u00e3o que necessite a retirada da m\u00e1scara facial. O eleitor tamb\u00e9m deve ficar atento \u00e0 proibi\u00e7\u00e3o do uso de aparelho celular dentro da cabine de vota\u00e7\u00e3o. A proibi\u00e7\u00e3o tem por intuito proteger o sigilo do voto. A Lei n\u00ba 9.504\/1997 (Lei das Elei\u00e7\u00f5es) pro\u00edbe expressamente o ingresso, na cabine de vota\u00e7\u00e3o, com celular, m\u00e1quina fotogr\u00e1fica e filmadora. As recomenda\u00e7\u00f5es para a preserva\u00e7\u00e3o da sa\u00fade de eleitores e mes\u00e1rios est\u00e3o previstas na Resolu\u00e7\u00e3o TSE n\u00ba 23.631\/2020 e no Plano de Seguran\u00e7a Sanit\u00e1ria para as Elei\u00e7\u00f5es Municipais de 2020. ClickPB<\/p>\n","protected":false},"author":6,"featured_media":196834,"comment_status":"closed","ping_status":"closed","sticky":false,"template":"","format":"standard","meta":{"sfsi_plus_gutenberg_text_before_share":"","sfsi_plus_gutenberg_show_text_before_share":"","sfsi_plus_gutenberg_icon_type":"","sfsi_plus_gutenberg_icon_alignemt":"","sfsi_plus_gutenburg_max_per_row":"","footnotes":""},"categories":[50],"tags":[],"class_list":["post-196833","post","type-post","status-publish","format-standard","has-post-thumbnail","hentry","category-destaque"],"_links":{"self":[{"href":"https:\/\/www.caririemacao.com\/1\/wp-json\/wp\/v2\/posts\/196833","targetHints":{"allow":["GET"]}}],"collection":[{"href":"https:\/\/www.caririemacao.com\/1\/wp-json\/wp\/v2\/posts"}],"about":[{"href":"https:\/\/www.caririemacao.com\/1\/wp-json\/wp\/v2\/types\/post"}],"author":[{"embeddable":true,"href":"https:\/\/www.caririemacao.com\/1\/wp-json\/wp\/v2\/users\/6"}],"replies":[{"embeddable":true,"href":"https:\/\/www.caririemacao.com\/1\/wp-json\/wp\/v2\/comments?post=196833"}],"version-history":[{"count":1,"href":"https:\/\/www.caririemacao.com\/1\/wp-json\/wp\/v2\/posts\/196833\/revisions"}],"predecessor-version":[{"id":196835,"href":"https:\/\/www.caririemacao.com\/1\/wp-json\/wp\/v2\/posts\/196833\/revisions\/196835"}],"wp:featuredmedia":[{"embeddable":true,"href":"https:\/\/www.caririemacao.com\/1\/wp-json\/wp\/v2\/media\/196834"}],"wp:attachment":[{"href":"https:\/\/www.caririemacao.com\/1\/wp-json\/wp\/v2\/media?parent=196833"}],"wp:term":[{"taxonomy":"category","embeddable":true,"href":"https:\/\/www.caririemacao.com\/1\/wp-json\/wp\/v2\/categories?post=196833"},{"taxonomy":"post_tag","embeddable":true,"href":"https:\/\/www.caririemacao.com\/1\/wp-json\/wp\/v2\/tags?post=196833"}],"curies":[{"name":"wp","href":"https:\/\/api.w.org\/{rel}","templated":true}]}}